{"id":77817,"date":"2026-04-08T12:53:21","date_gmt":"2026-04-08T10:53:21","guid":{"rendered":"https:\/\/afanoc.org\/blog\/la-casa-dels-xuklis-un-somni-fet-realitat\/"},"modified":"2026-04-08T13:00:47","modified_gmt":"2026-04-08T11:00:47","slug":"la-casa-dels-xuklis-un-somni-fet-realitat","status":"publish","type":"post","link":"https:\/\/afanoc.org\/es\/blog\/la-casa-dels-xuklis-un-somni-fet-realitat\/","title":{"rendered":"15 a\u00f1os de La Casa de los Xuklis: un sue\u00f1o hecho realidad"},"content":{"rendered":"\n<p class=\"has-medium-font-size\"><strong>Iniciamos un recorrido muy especial: la historia y la trayectoria de La Casa dels Xuklis con motivo de su 15 aniversario. Lo que empez\u00f3 como una utop\u00eda imaginada por un grupo de padres y madres, se ha convertido hoy en un referente social en Catalunya. <\/strong><\/p>\n\n<p>Cuando hoy hablamos de <a href=\"https:\/\/www.youtube.com\/watch?v=N8GZCWq7RL4&amp;time_continue=1&amp;source_ve_path=MjM4NTE&amp;embeds_referring_euri=https%3A%2F%2Fafanoc.org%2F&amp;embeds_referring_origin=https%3A%2F%2Fafanoc.org\" target=\"_blank\" data-type=\"link\" data-id=\"https:\/\/www.youtube.com\/watch?v=N8GZCWq7RL4&amp;time_continue=1&amp;source_ve_path=MjM4NTE&amp;embeds_referring_euri=https%3A%2F%2Fafanoc.org%2F&amp;embeds_referring_origin=https%3A%2F%2Fafanoc.org\" rel=\"noreferrer noopener\">La Casa dels Xuklis<\/a> , hablamos de un espacio que se ha convertido en esencial para cientos de familias con ni\u00f1os y j\u00f3venes con c\u00e1ncer. Pero este proyecto, que este a\u00f1o celebra sus 15 a\u00f1os, empez\u00f3 mucho antes de su inauguraci\u00f3n. Naci\u00f3 de una necesidad muy real: familias que, ante un diagn\u00f3stico de c\u00e1ncer infantil, deb\u00edan desplazarse a Barcelona para recibir los tratamientos y no ten\u00edan d\u00f3nde dormir. Algunas incluso pasaban las noches en el coche porque no pod\u00edan asumir el coste de un alojamiento. Esta realidad puso de relieve que era necesario un recurso digno, estable y cercano a los hospitales de referencia.    <\/p>\n\n<p><strong>La semilla de un proyecto pionero<\/strong><\/p>\n\n<p>AFANOC, creada en 1987 por familias que hab\u00edan vivido en primera persona el proceso oncol\u00f3gico de sus hijos, detect\u00f3 desde el primer momento que era necesario un espacio que fuera m\u00e1s all\u00e1 de un techo. En 2006, este sue\u00f1o dio un paso decisivo: la Diputaci\u00f3n de Barcelona firm\u00f3 con AFANOC un protocolo de colaboraci\u00f3n para la cesi\u00f3n de unos terrenos al recinto de los Hogares Mundet. Ese mismo a\u00f1o tambi\u00e9n se constituy\u00f3 la Fundaci\u00f3n de Ni\u00f1os y Ni\u00f1as con C\u00e1ncer para impulsar la construcci\u00f3n de la futura casa.  <\/p>\n\n<p>Tres a\u00f1os despu\u00e9s, en 2009, se vivi\u00f3 un momento simb\u00f3lico y esperado: el acto de colocaci\u00f3n de la primera piedra. Un gesto que representaba el inicio de un proyecto pionero en el Estado que ha contado, con los a\u00f1os, con el apoyo de la Administraci\u00f3n p\u00fablica, las empresas, las entidades y la ciudadan\u00eda, entre otros. A partir de ah\u00ed se inici\u00f3 la construcci\u00f3n de la Casa con materiales sostenibles y funcionales bajo el dise\u00f1o del estudio MBM Arquitectes. Un total de 25 habitaciones, con espacios comunes amplios y luminosos, y un entorno pensado para reducir el estr\u00e9s y el aislamiento que a menudo acompa\u00f1a a la enfermedad.   <\/p>\n\n<figure class=\"wp-block-gallery has-nested-images columns-default is-cropped wp-block-gallery-1 is-layout-flex wp-block-gallery-is-layout-flex\">\n<figure class=\"wp-block-image size-large\"><a href=\"https:\/\/afanoc.org\/wp-content\/uploads\/obres-Casa-Xuklis.jpg\"><img decoding=\"async\" width=\"850\" height=\"500\" data-id=\"77810\" src=\"https:\/\/afanoc.org\/wp-content\/uploads\/obres-Casa-Xuklis.jpg\" alt=\"\" class=\"wp-image-77810\"\/><\/a><\/figure>\n\n\n\n<figure class=\"wp-block-image size-large\"><a href=\"https:\/\/afanoc.org\/wp-content\/uploads\/Casa-Xuklis.jpg\"><img decoding=\"async\" width=\"850\" height=\"500\" data-id=\"77808\" src=\"https:\/\/afanoc.org\/wp-content\/uploads\/Casa-Xuklis.jpg\" alt=\"\" class=\"wp-image-77808\"\/><\/a><\/figure>\n<\/figure>\n\n<p><em>La primera piedra de la Casa de los Xuklis se coloc\u00f3 en 2009 en el recinto de los Hogares Mundet.  <\/em><\/p>\n\n<div style=\"height:22px\" aria-hidden=\"true\" class=\"wp-block-spacer\"><\/div>\n\n<p><strong>En 2011: la Casa abre sus puertas<\/strong><\/p>\n\n<p>El d\u00eda 10 de octubre de 2011 entr\u00f3 a vivir la primera familia en la Casa: Marc, un ni\u00f1o de 12 a\u00f1os, y su madre. Meses antes, a finales de febrero, el equipo t\u00e9cnico de la AFANOC ya se hab\u00eda instalado, traslad\u00e1ndose del barrio de Gr\u00e0cia de Barcelona (la sede se encontraba en la calle Pere Seraf\u00ed), en las oficinas situadas en los bajos de la Casa dels Xuklis. <\/p>\n\n<p>A\u00f1os m\u00e1s tarde, el d\u00eda 28 de junio de 2017, se present\u00f3 oficialmente la Casa y al mismo tiempo se inaugur\u00f3 la calle Joana Alemany y el Patio de Pep Pla, ambos impulsores de AFANOC junto con un grupo de padres y madres afectados.<\/p>\n\n<p>La Casa dels Xuklis ha sido, desde el primer d\u00eda, mucho m\u00e1s que un lugar donde dormir. Ha sido un espacio donde los ni\u00f1os pueden seguir siendo ni\u00f1os, donde las familias encuentran apoyo psicosocial, actividades l\u00fadicas y terap\u00e9uticas, acompa\u00f1amiento educativo y una red de convivencia que resulta esencial. <\/p>\n\n<p>En estos 15 a\u00f1os, <strong><a href=\"https:\/\/www.youtube.com\/watch?v=Z1HbIHQCFgs&amp;list=PLIoROqTf93YID5QhSEiN0PVAfYHrWxpvU\" target=\"_blank\" data-type=\"link\" data-id=\"https:\/\/www.youtube.com\/watch?v=Z1HbIHQCFgs&amp;list=PLIoROqTf93YID5QhSEiN0PVAfYHrWxpvU\" rel=\"noreferrer noopener\">m\u00e1s de 1.000 familias han encontrado acogida, calidez<\/a><\/strong> y un entorno que les ha permitido vivir este momento con mayor estabilidad y menos angustia.<\/p>\n\n<div style=\"height:21px\" aria-hidden=\"true\" class=\"wp-block-spacer\"><\/div>\n\n<div class=\"wp-block-buttons is-content-justification-center is-layout-flex wp-container-core-buttons-is-layout-a89b3969 wp-block-buttons-is-layout-flex\">\n<div class=\"wp-block-button\"><a class=\"wp-block-button__link wp-element-button\" href=\"https:\/\/afanoc.helpbysc.com\/apadrina\/habitacio\/casaxuklis?lang=es\" target=\"_blank\" rel=\"noreferrer noopener\"><strong>\u00bfNos ayudas a seguir adelante?<\/strong><\/a><\/div>\n<\/div>\n\n<p><\/p>\n","protected":false},"excerpt":{"rendered":"<p>Iniciamos un recorrido muy especial: la historia y la trayectoria de La Casa dels Xuklis con motivo de su 15 aniversario. Lo que empez\u00f3 como una utop\u00eda imaginada por un grupo de padres y madres, se ha convertido hoy en un referente social en Catalunya. Cuando hoy hablamos de La Casa dels Xuklis , hablamos [&hellip;]<\/p>\n","protected":false},"author":693,"featured_media":77807,"comment_status":"closed","ping_status":"open","sticky":false,"template":"","format":"standard","meta":{"site-sidebar-layout":"default","site-content-layout":"","ast-site-content-layout":"default","site-content-style":"default","site-sidebar-style":"default","ast-global-header-display":"","ast-banner-title-visibility":"","ast-main-header-display":"","ast-hfb-above-header-display":"","ast-hfb-below-header-display":"","ast-hfb-mobile-header-display":"","site-post-title":"","ast-breadcrumbs-content":"","ast-featured-img":"","footer-sml-layout":"","theme-transparent-header-meta":"","adv-header-id-meta":"","stick-header-meta":"","header-above-stick-meta":"","header-main-stick-meta":"","header-below-stick-meta":"","astra-migrate-meta-layouts":"default","ast-page-background-enabled":"default","ast-page-background-meta":{"desktop":{"background-color":"var(--ast-global-color-4)","background-image":"","background-repeat":"repeat","background-position":"center center","background-size":"auto","background-attachment":"scroll","background-type":"","background-media":"","overlay-type":"","overlay-color":"","overlay-opacity":"","overlay-gradient":""},"tablet":{"background-color":"","background-image":"","background-repeat":"repeat","background-position":"center center","background-size":"auto","background-attachment":"scroll","background-type":"","background-media":"","overlay-type":"","overlay-color":"","overlay-opacity":"","overlay-gradient":""},"mobile":{"background-color":"","background-image":"","background-repeat":"repeat","background-position":"center center","background-size":"auto","background-attachment":"scroll","background-type":"","background-media":"","overlay-type":"","overlay-color":"","overlay-opacity":"","overlay-gradient":""}},"ast-content-background-meta":{"desktop":{"background-color":"var(--ast-global-color-5)","background-image":"","background-repeat":"repeat","background-position":"center center","background-size":"auto","background-attachment":"scroll","background-type":"","background-media":"","overlay-type":"","overlay-color":"","overlay-opacity":"","overlay-gradient":""},"tablet":{"background-color":"var(--ast-global-color-5)","background-image":"","background-repeat":"repeat","background-position":"center center","background-size":"auto","background-attachment":"scroll","background-type":"","background-media":"","overlay-type":"","overlay-color":"","overlay-opacity":"","overlay-gradient":""},"mobile":{"background-color":"var(--ast-global-color-5)","background-image":"","background-repeat":"repeat","background-position":"center center","background-size":"auto","background-attachment":"scroll","background-type":"","background-media":"","overlay-type":"","overlay-color":"","overlay-opacity":"","overlay-gradient":""}},"footnotes":""},"categories":[1547,1085],"tags":[],"class_list":["post-77817","post","type-post","status-publish","format-standard","has-post-thumbnail","hentry","category-la-casa-de-los-xuklis","category-noticias"],"publishpress_future_workflow_manual_trigger":{"enabledWorkflows":[]},"_links":{"self":[{"href":"https:\/\/afanoc.org\/es\/wp-json\/wp\/v2\/posts\/77817","targetHints":{"allow":["GET"]}}],"collection":[{"href":"https:\/\/afanoc.org\/es\/wp-json\/wp\/v2\/posts"}],"about":[{"href":"https:\/\/afanoc.org\/es\/wp-json\/wp\/v2\/types\/post"}],"author":[{"embeddable":true,"href":"https:\/\/afanoc.org\/es\/wp-json\/wp\/v2\/users\/693"}],"replies":[{"embeddable":true,"href":"https:\/\/afanoc.org\/es\/wp-json\/wp\/v2\/comments?post=77817"}],"version-history":[{"count":0,"href":"https:\/\/afanoc.org\/es\/wp-json\/wp\/v2\/posts\/77817\/revisions"}],"wp:featuredmedia":[{"embeddable":true,"href":"https:\/\/afanoc.org\/es\/wp-json\/wp\/v2\/media\/77807"}],"wp:attachment":[{"href":"https:\/\/afanoc.org\/es\/wp-json\/wp\/v2\/media?parent=77817"}],"wp:term":[{"taxonomy":"category","embeddable":true,"href":"https:\/\/afanoc.org\/es\/wp-json\/wp\/v2\/categories?post=77817"},{"taxonomy":"post_tag","embeddable":true,"href":"https:\/\/afanoc.org\/es\/wp-json\/wp\/v2\/tags?post=77817"}],"curies":[{"name":"wp","href":"https:\/\/api.w.org\/{rel}","templated":true}]}}