{"id":77736,"date":"2026-03-30T13:03:26","date_gmt":"2026-03-30T11:03:26","guid":{"rendered":"https:\/\/afanoc.org\/blog\/vanesa-arellano-no-tractem-un-diagnostic-sino-un-infant-o-jove-amb-una-historia\/"},"modified":"2026-03-30T13:20:07","modified_gmt":"2026-03-30T11:20:07","slug":"vanesa-arellano-no-tractem-un-diagnostic-sino-un-infant-o-jove-amb-una-historia","status":"publish","type":"post","link":"https:\/\/afanoc.org\/es\/blog\/vanesa-arellano-no-tractem-un-diagnostic-sino-un-infant-o-jove-amb-una-historia\/","title":{"rendered":"Vanesa Arellano: \u00abNo tratamos un diagn\u00f3stico sino un ni\u00f1o\/a o joven con una historia\u00bb"},"content":{"rendered":"\n<p class=\"has-medium-font-size\"><strong>Las terapias complementarias como el masaje oncol\u00f3gico y la reflexolog\u00eda se han convertido en un servicio de bienestar necesario que AFANOC ofrece a ni\u00f1os, j\u00f3venes y familias durante el proceso de la enfermedad. Vanesa Arellano nos explica la importancia de estas t\u00e9cnicas, sus beneficios y los criterios que se tienen en cuenta. <\/strong><\/p>\n\n\n\n<p>Vanesa Arellano es la coordinadora del \u00e1rea de Reflexolog\u00eda, Masaje Oncol\u00f3gico y Masajes en AFANOC en la Unidad de Oncolog\u00eda Pedi\u00e1trica del Pediatric Cancer Center Barcelona del Hospital Sant Joan de D\u00e9u (UOPI) y en la Casa dels Xuklis. Ella es la encargada de coordinar al equipo de terapeutas, dise\u00f1ar e implementar los protocolos de intervenci\u00f3n adaptados a los ni\u00f1os\/as y j\u00f3venes, y sus familias, garantiz\u00e1ndoles seguridad y bienestar; as\u00ed como la atenci\u00f3n directa y el trabajo interdisciplinario con profesionales sanitarios (m\u00e9dico, enfermer\u00eda, psicolog\u00eda) para integrar las terapias complementarias en el proceso asistencial, entre otras tareas. <\/p>\n\n\n\n<p><a href=\"https:\/\/www.sjdhospitalbarcelona.org\/es\/colabora\/noticias\/pacientes-atendidos-hospital-sus-familias-continuan-recibiendo-gran-apoyo-afanoc\" target=\"_blank\" data-type=\"link\" data-id=\"https:\/\/www.sjdhospitalbarcelona.org\/es\/colabora\/noticias\/pacientes-atendidos-hospital-sus-familias-continuan-recibiendo-gran-apoyo-afanoc\" rel=\"noreferrer noopener\">En el Hospital Sant Joan de D\u00e9u de Barcelona<\/a>, \u200b\u200bAFANOC es parte integrante del equipo de la UOPI (Unidad Oncolog\u00eda Pedi\u00e1trica Integrativa) liderada por la Dra. Esther Mart\u00ednez, siendo el \u00fanico hospital del Estado que dispone de esa Unidad. Durante 2025, un total de 222 familias han podido disfrutar de estas sesiones complementarias en este hospital. En paralelo, el mismo a\u00f1o, en La Casa dels Xuklis se han ofrecido 234 sesiones a adultos y 44 sesiones a ni\u00f1os\/as y j\u00f3venes.<\/p>\n\n\n\n<p><strong>\u2014\u00bfQu\u00e9 significa para AFANOC poder ofrecer este tipo de servicio?<\/strong><\/p>\n\n\n\n<p>Le aporta un valor profundamente humano y diferencial.<strong> <\/strong>Por un lado, mejora el bienestar de los ni\u00f1os\/as, j\u00f3venes y sus familias, ayudando a aliviar el dolor, la ansiedad y el estr\u00e9s que acompa\u00f1an al proceso oncol\u00f3gico. Pero sobre todo les ofrece momentos de calma, de contacto amable y de bienestar emocional. <strong><\/strong><\/p>\n\n\n\n<p>Tambi\u00e9n refuerza el acompa\u00f1amiento integral que AFANOC brinda, ampliando su atenci\u00f3n m\u00e1s all\u00e1 del \u00e1mbito m\u00e9dico y cubriendo necesidades f\u00edsicas y emocionales. Esto contribuye a humanizar la experiencia de la enfermedad y fortalecer el v\u00ednculo con las familias, integrando terapias complementarias seguras y respetuosas dentro del proceso asistencial. <strong><\/strong><\/p>\n\n\n\n<p><strong>\u2014\u00bfQu\u00e9 particulares caracter\u00edsticas tiene el masaje oncol\u00f3gico?<\/strong><\/p>\n\n\n\n<p>El masaje oncol\u00f3gico tiene caracter\u00edsticas muy espec\u00edficas porque est\u00e1 pensado para acompa\u00f1ar a la persona en un momento de gran vulnerabilidad f\u00edsica y emocional. Es suave, adaptado y no invasivo. Adem\u00e1s, es seguro, consciente e integral. Su enfoque es totalmente individualizado. No se adapta s\u00f3lo a la enfermedad, sino a la persona en ese momento concreto, poniendo siempre en el centro su seguridad, dignidad y bienestar.   <strong><\/strong><\/p>\n\n\n\n<div style=\"height:15px\" aria-hidden=\"true\" class=\"wp-block-spacer\"><\/div>\n\n\n\n<figure class=\"wp-block-image size-full\"><img decoding=\"async\" width=\"850\" height=\"500\" src=\"http:\/\/afanoc.org\/wp-content\/uploads\/vanesa-arellano-massatge.jpg\" alt=\"\" class=\"wp-image-77730\"\/><\/figure>\n\n\n\n<p><em>Vanesa Arellano durante una sesi\u00f3n de masaje oncol\u00f3gico en el SJD Pediatric Cancer Center Barcelona.  <\/em><\/p>\n\n\n\n<div style=\"height:28px\" aria-hidden=\"true\" class=\"wp-block-spacer\"><\/div>\n\n\n\n<p>\u2014 <strong>\u00bfQu\u00e9 criterios sigue para adaptar los masajes y la reflexolog\u00eda a ni\u00f1os y j\u00f3venes que est\u00e1n en tratamiento?<\/strong> <\/p>\n\n\n\n<p>Seguimos criterios muy esmerados donde la prioridad siempre es la seguridad, el respeto y el momento vital de cada uno. Nos adaptamos al tipo de tratamiento ya sus efectos secundarios, esto determina la duraci\u00f3n, la intensidad y las zonas a trabajar o evitar. Tambi\u00e9n tenemos presente en qu\u00e9 momento se encuentran del proceso, no es lo mismo un inicio de tratamiento que una reca\u00edda o cuidados paliativos o final de vida. Otros aspectos que tenemos en cuenta son la edad, la escucha y el consentimiento del paciente, la adaptaci\u00f3n f\u00edsica del contacto; el entorno hospitalario, integrando la sesi\u00f3n como un momento seguro dentro de un entorno complejo; o la dimensi\u00f3n emocional.  <\/p>\n\n\n\n<p>Cada intervenci\u00f3n es \u00fanica. No tratamos \u00abun diagn\u00f3stico\u00bb, sino a un ni\u00f1o\/a o joven con una historia, unas necesidades y un momento muy concreto. <\/p>\n\n\n\n<p><strong>\u2014Ahora estos servicios tambi\u00e9n se ofrecen en La Casa dels Xuklis&#8230;<\/strong><\/p>\n\n\n\n<p>S\u00ed, la decisi\u00f3n de ofrecer estas t\u00e9cnicas tambi\u00e9n a los ni\u00f1os\/as y j\u00f3venes fue para atender a la demanda de las familias. No pod\u00edan entender la diferencia de poder hacerlo en el hospital y no en La Casa dels Xuklis. Al final se logr\u00f3 que por parte de los hospitales y sus onc\u00f3logos lo vieran viable para que apliquemos los mismos criterios que se aplican en el hospital. Y establecimos un protocolo de actuaci\u00f3n. El servicio en la Casa y en el territorio estaba enfocado a los cuidadores\/as, como una forma de aliviar la sobrecarga f\u00edsica y emocional que viven durante el proceso oncol\u00f3gico de sus hijos. Sin embargo, con el tiempo se empez\u00f3 a observar algo muy significativo: los propios ni\u00f1os y j\u00f3venes tambi\u00e9n necesitaban espacios de calma, contacto y bienestar adaptados a ellos.<\/p>\n\n\n\n<p>A partir de la escucha a las familias, la observaci\u00f3n directa y la coordinaci\u00f3n con el equipo hizo evidente que estas terapias pod\u00edan ser un gran apoyo tambi\u00e9n para ellos\/as. No s\u00f3lo para aliviar molestias f\u00edsicas, sino para ofrecerles un momento en el que dejar de ser \u201cpacientes\u201d y volver a ser simplemente ni\u00f1os o j\u00f3venes. La detecci\u00f3n de esa necesidad llev\u00f3 a ampliar la mirada del cuidado hacia un acompa\u00f1amiento m\u00e1s integral, inclusivo y humano.  <\/p>\n\n\n\n<p><strong>\u2014\u00bfQu\u00e9 beneficios f\u00edsicos y emocionales observa?<\/strong><\/p>\n\n\n\n<p>Los beneficios son muy visibles y, en muchas ocasiones, inmediatos. No s\u00f3lo en el cuerpo, sino tambi\u00e9n en c\u00f3mo se sienten y relacionan con lo que est\u00e1n viviendo. Desde un punto de vista f\u00edsico se observa una disminuci\u00f3n del dolor y la tensi\u00f3n corporal. Tambi\u00e9n ayuda a aliviar molestias asociadas al tratamiento como n\u00e1useas, fatiga o incomodidad f\u00edsica, y estre\u00f1imiento. En algunos casos, se notan incluso peque\u00f1os cambios como respirar mejor.    <\/p>\n\n\n\n<p>En lo emocional es donde el impacto suele ser m\u00e1s profundo. El masaje oncol\u00f3gico y la reflexolog\u00eda les ofrecen un espacio en el que pueden relajarse, sentirse seguros y cuidados desde un lugar amable. Disminuye la ansiedad y aparece la calma. Durante ese rato vuelven a conectar con su cuerpo desde el bienestar, no desde el dolor o la enfermedad.   <\/p>\n\n\n\n<div class=\"wp-block-buttons is-content-justification-center is-layout-flex wp-container-core-buttons-is-layout-a89b3969 wp-block-buttons-is-layout-flex\">\n<div class=\"wp-block-button\"><a class=\"wp-block-button__link wp-element-button\" href=\"https:\/\/afanoc.org\/activitats-de-benestar\/\" target=\"_blank\" rel=\"noreferrer noopener\"><strong>M\u00e1s informaci\u00f3n sobre las actividades para el bienestar en AFANOC<\/strong><\/a><\/div>\n<\/div>\n\n\n\n<p><\/p>\n","protected":false},"excerpt":{"rendered":"<p>Las terapias complementarias como el masaje oncol\u00f3gico y la reflexolog\u00eda se han convertido en un servicio de bienestar necesario que AFANOC ofrece a ni\u00f1os, j\u00f3venes y familias durante el proceso de la enfermedad. Vanesa Arellano nos explica la importancia de estas t\u00e9cnicas, sus beneficios y los criterios que se tienen en cuenta. Vanesa Arellano es [&hellip;]<\/p>\n","protected":false},"author":693,"featured_media":77729,"comment_status":"closed","ping_status":"open","sticky":false,"template":"","format":"standard","meta":{"site-sidebar-layout":"default","site-content-layout":"","ast-site-content-layout":"default","site-content-style":"default","site-sidebar-style":"default","ast-global-header-display":"","ast-banner-title-visibility":"","ast-main-header-display":"","ast-hfb-above-header-display":"","ast-hfb-below-header-display":"","ast-hfb-mobile-header-display":"","site-post-title":"","ast-breadcrumbs-content":"","ast-featured-img":"","footer-sml-layout":"","theme-transparent-header-meta":"","adv-header-id-meta":"","stick-header-meta":"","header-above-stick-meta":"","header-main-stick-meta":"","header-below-stick-meta":"","astra-migrate-meta-layouts":"set","ast-page-background-enabled":"default","ast-page-background-meta":{"desktop":{"background-color":"var(--ast-global-color-4)","background-image":"","background-repeat":"repeat","background-position":"center center","background-size":"auto","background-attachment":"scroll","background-type":"","background-media":"","overlay-type":"","overlay-color":"","overlay-opacity":"","overlay-gradient":""},"tablet":{"background-color":"","background-image":"","background-repeat":"repeat","background-position":"center center","background-size":"auto","background-attachment":"scroll","background-type":"","background-media":"","overlay-type":"","overlay-color":"","overlay-opacity":"","overlay-gradient":""},"mobile":{"background-color":"","background-image":"","background-repeat":"repeat","background-position":"center center","background-size":"auto","background-attachment":"scroll","background-type":"","background-media":"","overlay-type":"","overlay-color":"","overlay-opacity":"","overlay-gradient":""}},"ast-content-background-meta":{"desktop":{"background-color":"var(--ast-global-color-5)","background-image":"","background-repeat":"repeat","background-position":"center center","background-size":"auto","background-attachment":"scroll","background-type":"","background-media":"","overlay-type":"","overlay-color":"","overlay-opacity":"","overlay-gradient":""},"tablet":{"background-color":"var(--ast-global-color-5)","background-image":"","background-repeat":"repeat","background-position":"center center","background-size":"auto","background-attachment":"scroll","background-type":"","background-media":"","overlay-type":"","overlay-color":"","overlay-opacity":"","overlay-gradient":""},"mobile":{"background-color":"var(--ast-global-color-5)","background-image":"","background-repeat":"repeat","background-position":"center center","background-size":"auto","background-attachment":"scroll","background-type":"","background-media":"","overlay-type":"","overlay-color":"","overlay-opacity":"","overlay-gradient":""}},"footnotes":""},"categories":[1545,1085,1544],"tags":[],"class_list":["post-77736","post","type-post","status-publish","format-standard","has-post-thumbnail","hentry","category-hospitales","category-noticias","category-servicios"],"publishpress_future_workflow_manual_trigger":{"enabledWorkflows":[]},"_links":{"self":[{"href":"https:\/\/afanoc.org\/es\/wp-json\/wp\/v2\/posts\/77736","targetHints":{"allow":["GET"]}}],"collection":[{"href":"https:\/\/afanoc.org\/es\/wp-json\/wp\/v2\/posts"}],"about":[{"href":"https:\/\/afanoc.org\/es\/wp-json\/wp\/v2\/types\/post"}],"author":[{"embeddable":true,"href":"https:\/\/afanoc.org\/es\/wp-json\/wp\/v2\/users\/693"}],"replies":[{"embeddable":true,"href":"https:\/\/afanoc.org\/es\/wp-json\/wp\/v2\/comments?post=77736"}],"version-history":[{"count":0,"href":"https:\/\/afanoc.org\/es\/wp-json\/wp\/v2\/posts\/77736\/revisions"}],"wp:featuredmedia":[{"embeddable":true,"href":"https:\/\/afanoc.org\/es\/wp-json\/wp\/v2\/media\/77729"}],"wp:attachment":[{"href":"https:\/\/afanoc.org\/es\/wp-json\/wp\/v2\/media?parent=77736"}],"wp:term":[{"taxonomy":"category","embeddable":true,"href":"https:\/\/afanoc.org\/es\/wp-json\/wp\/v2\/categories?post=77736"},{"taxonomy":"post_tag","embeddable":true,"href":"https:\/\/afanoc.org\/es\/wp-json\/wp\/v2\/tags?post=77736"}],"curies":[{"name":"wp","href":"https:\/\/api.w.org\/{rel}","templated":true}]}}