{"id":77613,"date":"2026-03-23T18:41:50","date_gmt":"2026-03-23T16:41:50","guid":{"rendered":"https:\/\/afanoc.org\/blog\/la-parada-de-la-meva-vida-el-testimoni-de-superacio-del-jove-lleidata-marti-bach\/"},"modified":"2026-03-23T18:46:16","modified_gmt":"2026-03-23T16:46:16","slug":"la-parada-de-la-meva-vida-el-testimoni-de-superacio-del-jove-lleidata-marti-bach","status":"publish","type":"post","link":"https:\/\/afanoc.org\/es\/blog\/la-parada-de-la-meva-vida-el-testimoni-de-superacio-del-jove-lleidata-marti-bach\/","title":{"rendered":"&#8216;La parada de mi vida&#8217;: el testimonio de superaci\u00f3n del joven leridano Mart\u00ed Bach"},"content":{"rendered":"\n<p class=\"has-medium-font-size\"><strong>En este libro, que se estructura como un diario personal, el autor narra su vivencia a ra\u00edz del diagn\u00f3stico de leucemia, hace tres a\u00f1os.<\/strong><\/p>\n\n<p>A los trece a\u00f1os, la vida de Mart\u00ed Bach dio un giro inesperado. El 3 de febrero de 2023 recibi\u00f3 el diagn\u00f3stico de leucemia. Pese a la dureza de su experiencia, ha decidido contarla ahora en forma de diario, con la mirada puesta en todo lo que la enfermedad le quer\u00eda tomar: los amigos, el instituto, el f\u00fatbol, \u200b\u200bla vida de cada d\u00eda.  <\/p>\n\n<p>Lo que empez\u00f3 como un Trabajo de Investigaci\u00f3n de Bachillerato titulado <em>C\u00f3mo se siente un adolescente despu\u00e9s de haber pasado un c\u00e1ncer<\/em> , se ha acabado convirtiendo en un libro publicado por Pag\u00e8s Editors, \u00abLa parada de mi vida\u00bb. En esta obra, Mart\u00ed, vecino de Benavent de Segri\u00e0 y portero del Atl\u00e9tico Segre, cuenta con una lucidez sorprendente c\u00f3mo afront\u00f3 dos a\u00f1os de tratamiento. El libro no es s\u00f3lo un relato de la enfermedad, sino un testimonio del miedo, la rabia y el cansancio, pero tambi\u00e9n de los valores del deporte y de los peque\u00f1os momentos de felicidad que le ayudaron.  <\/p>\n\n<div style=\"height:25px\" aria-hidden=\"true\" class=\"wp-block-spacer\"><\/div>\n\n<figure class=\"wp-block-image size-full\"><img decoding=\"async\" width=\"850\" height=\"600\" src=\"http:\/\/afanoc.org\/wp-content\/uploads\/presentacio-llibre-marti-bach.jpg\" alt=\"\" class=\"wp-image-77603\"\/><\/figure>\n\n<p><em>En primer plano, Mart\u00ed Bach durante el acto de presentaci\u00f3n del libro.  <\/em><\/p>\n\n<div style=\"height:20px\" aria-hidden=\"true\" class=\"wp-block-spacer\"><\/div>\n\n<p><strong>La Casa de los Xuklis: un refugio de paz<\/strong><\/p>\n\n<p>Para Mart\u00ed y su familia, AFANOC y la Casa dels Xuklis fueron piezas clave en este camino. Tal y como \u00e9l mismo describe, la Casa fue \u00abuna pasada\u00bb, un espacio que les ofreci\u00f3 la intimidad y la tranquilidad que tanto necesitaban estando junto al hospital. \u00abMi madre siempre explica que nos ofrecieron la posibilidad de alojarnos en la Casa de los Xuklis, se le abri\u00f3 una luz. Adem\u00e1s, la Casa es muy bonita y dentro se respira mucha paz\u00bb, explica el joven.  <\/p>\n\n<p><strong>Un libro solidario<\/strong><\/p>\n\n<p>El compromiso de Mart\u00ed va m\u00e1s all\u00e1 de las palabras porque el autor ha decidido destinar los beneficios del libro a la investigaci\u00f3n del c\u00e1ncer infantil y AFANOC.<\/p>\n\n<p>El libro ya puede encontrarse en las librer\u00edas y cuenta, adem\u00e1s, con una dedicatoria muy especial de Dani Olmo, jugador del FC Barcelona, \u200b\u200bquien ha querido sumarse a este proyecto tan aut\u00e9ntico y necesario para dar visibilidad a la realidad de los j\u00f3venes con c\u00e1ncer.<\/p>\n\n<p class=\"has-small-font-size\"><em>Fotograf\u00edas: IG Club Atl\u00e8tic Segre<\/em><\/p>\n\n<p><\/p>\n","protected":false},"excerpt":{"rendered":"<p>En este libro, que se estructura como un diario personal, el autor narra su vivencia a ra\u00edz del diagn\u00f3stico de leucemia, hace tres a\u00f1os. A los trece a\u00f1os, la vida de Mart\u00ed Bach dio un giro inesperado. El 3 de febrero de 2023 recibi\u00f3 el diagn\u00f3stico de leucemia. Pese a la dureza de su experiencia, [&hellip;]<\/p>\n","protected":false},"author":693,"featured_media":77606,"comment_status":"closed","ping_status":"open","sticky":false,"template":"","format":"standard","meta":{"site-sidebar-layout":"default","site-content-layout":"","ast-site-content-layout":"default","site-content-style":"default","site-sidebar-style":"default","ast-global-header-display":"","ast-banner-title-visibility":"","ast-main-header-display":"","ast-hfb-above-header-display":"","ast-hfb-below-header-display":"","ast-hfb-mobile-header-display":"","site-post-title":"","ast-breadcrumbs-content":"","ast-featured-img":"","footer-sml-layout":"","theme-transparent-header-meta":"","adv-header-id-meta":"","stick-header-meta":"","header-above-stick-meta":"","header-main-stick-meta":"","header-below-stick-meta":"","astra-migrate-meta-layouts":"default","ast-page-background-enabled":"default","ast-page-background-meta":{"desktop":{"background-color":"var(--ast-global-color-4)","background-image":"","background-repeat":"repeat","background-position":"center center","background-size":"auto","background-attachment":"scroll","background-type":"","background-media":"","overlay-type":"","overlay-color":"","overlay-opacity":"","overlay-gradient":""},"tablet":{"background-color":"","background-image":"","background-repeat":"repeat","background-position":"center center","background-size":"auto","background-attachment":"scroll","background-type":"","background-media":"","overlay-type":"","overlay-color":"","overlay-opacity":"","overlay-gradient":""},"mobile":{"background-color":"","background-image":"","background-repeat":"repeat","background-position":"center center","background-size":"auto","background-attachment":"scroll","background-type":"","background-media":"","overlay-type":"","overlay-color":"","overlay-opacity":"","overlay-gradient":""}},"ast-content-background-meta":{"desktop":{"background-color":"var(--ast-global-color-5)","background-image":"","background-repeat":"repeat","background-position":"center center","background-size":"auto","background-attachment":"scroll","background-type":"","background-media":"","overlay-type":"","overlay-color":"","overlay-opacity":"","overlay-gradient":""},"tablet":{"background-color":"var(--ast-global-color-5)","background-image":"","background-repeat":"repeat","background-position":"center center","background-size":"auto","background-attachment":"scroll","background-type":"","background-media":"","overlay-type":"","overlay-color":"","overlay-opacity":"","overlay-gradient":""},"mobile":{"background-color":"var(--ast-global-color-5)","background-image":"","background-repeat":"repeat","background-position":"center center","background-size":"auto","background-attachment":"scroll","background-type":"","background-media":"","overlay-type":"","overlay-color":"","overlay-opacity":"","overlay-gradient":""}},"footnotes":""},"categories":[1627,1547],"tags":[],"class_list":["post-77613","post","type-post","status-publish","format-standard","has-post-thumbnail","hentry","category-jovenes","category-la-casa-de-los-xuklis"],"publishpress_future_workflow_manual_trigger":{"enabledWorkflows":[]},"_links":{"self":[{"href":"https:\/\/afanoc.org\/es\/wp-json\/wp\/v2\/posts\/77613","targetHints":{"allow":["GET"]}}],"collection":[{"href":"https:\/\/afanoc.org\/es\/wp-json\/wp\/v2\/posts"}],"about":[{"href":"https:\/\/afanoc.org\/es\/wp-json\/wp\/v2\/types\/post"}],"author":[{"embeddable":true,"href":"https:\/\/afanoc.org\/es\/wp-json\/wp\/v2\/users\/693"}],"replies":[{"embeddable":true,"href":"https:\/\/afanoc.org\/es\/wp-json\/wp\/v2\/comments?post=77613"}],"version-history":[{"count":0,"href":"https:\/\/afanoc.org\/es\/wp-json\/wp\/v2\/posts\/77613\/revisions"}],"wp:featuredmedia":[{"embeddable":true,"href":"https:\/\/afanoc.org\/es\/wp-json\/wp\/v2\/media\/77606"}],"wp:attachment":[{"href":"https:\/\/afanoc.org\/es\/wp-json\/wp\/v2\/media?parent=77613"}],"wp:term":[{"taxonomy":"category","embeddable":true,"href":"https:\/\/afanoc.org\/es\/wp-json\/wp\/v2\/categories?post=77613"},{"taxonomy":"post_tag","embeddable":true,"href":"https:\/\/afanoc.org\/es\/wp-json\/wp\/v2\/tags?post=77613"}],"curies":[{"name":"wp","href":"https:\/\/api.w.org\/{rel}","templated":true}]}}