{"id":77532,"date":"2026-03-18T14:10:33","date_gmt":"2026-03-18T12:10:33","guid":{"rendered":"https:\/\/afanoc.org\/blog\/la-casa-dels-xuklis-compleix-15-anys-sent-una-llar-lluny-de-casa\/"},"modified":"2026-03-23T17:53:28","modified_gmt":"2026-03-23T15:53:28","slug":"la-casa-dels-xuklis-compleix-15-anys-sent-una-llar-lluny-de-casa","status":"publish","type":"post","link":"https:\/\/afanoc.org\/es\/blog\/la-casa-dels-xuklis-compleix-15-anys-sent-una-llar-lluny-de-casa\/","title":{"rendered":"La Casa dels Xuklis cumple 15 a\u00f1os siendo &#8216;Un hogar lejos de casa&#8217;"},"content":{"rendered":"\n<p class=\"has-medium-font-size\"><strong>\u00abQuince a\u00f1os de historias compartidas, de apoyo, de acompa\u00f1amiento y de esperanza\u00bb, en palabras del presidente de AFANOC, Miguel Javaloy. Se trata de un proyecto pionero y referente social en Catalunya que, desde su apertura en 2011 ha alojado a m\u00e1s de 1.000 familias. <\/strong><\/p>\n\n\n\n<p>Este 2026 La Casa dels Xuklis, el recurso de alojamiento temporal de AFANOC para las familias con un hijo o hija con c\u00e1ncer que deben desplazarse a Barcelona para recibir tratamiento en hospitales de referencia, celebra 15 a\u00f1os. Un hito para mirar atr\u00e1s con orgullo por todas las familias que se han acompa\u00f1ado durante todo este tiempo y, tambi\u00e9n, para poner la mirada adelante con la responsabilidad de garantizar que ning\u00fan ni\u00f1o deba renunciar a serlo por estar enfermo. <\/p>\n\n\n\n<p>\u00abDesde 2011, a\u00f1o de su apertura, la Casa ha alojado a m\u00e1s de 1.000 familias\u00bb, ha destacado el gerente de la entidad, <strong>Narc\u00eds Serrats<\/strong>. Y ha a\u00f1adido: \u00abLa fuerza de este proyecto, que se ha convertido en un <strong>referente social<\/strong> de pa\u00eds, radica en el apoyo por parte de muchos agentes: voluntariado, profesionales, donantes, escuelas, empresas y ciudadan\u00eda que, a\u00f1o tras a\u00f1o, junto con el apoyo continuado e indispensable, de las administraciones p\u00fablicas hacen posible que las puertas sigan abiertas\u00bb.<\/p>\n\n\n\n<p>La Casa dels Xuklis se convierte en un hogar cuando la vida se detiene y hace posible que el d\u00eda a d\u00eda contin\u00fae. Desde hace quince a\u00f1os, la Casa ofrece una respuesta a esta realidad: un lugar en el que dormir, pero sobre todo <strong>un espacio donde sentirse acompa\u00f1ado, sostenido y algo m\u00e1s cerca de la normalidad<\/strong> , en medio de la enfermedad.<\/p>\n\n\n\n<div style=\"height:20px\" aria-hidden=\"true\" class=\"wp-block-spacer\"><\/div>\n\n\n\n<figure class=\"wp-block-image size-full\"><img decoding=\"async\" width=\"850\" height=\"450\" src=\"http:\/\/afanoc.org\/wp-content\/uploads\/inici-15anys-Xuklis.jpg\" alt=\"\" class=\"wp-image-77527\"\/><\/figure>\n\n\n\n<div style=\"height:26px\" aria-hidden=\"true\" class=\"wp-block-spacer\"><\/div>\n\n\n\n<p>Hemos iniciado este aniversario con un sencillo acto conmemorativo en la Casa, este martes 17 de marzo, en el cual se ha hablado de pasado, presente y futuro. El acto ha contado con la participaci\u00f3n de representantes institucionales como el director del Plan Director de Oncolog\u00eda ICO, <strong>Josep Maria Borr\u00e0s<\/strong> ; el presidente delegado del \u00c1rea de Salud de la Diputaci\u00f3n de Barcelona, <strong>\u200b\u200bJosep Ram\u00f3n Mut<\/strong> y el director del Servicio de <em>Salut i Cures<\/em> del Ayuntamiento de Barcelona, <strong>\u200b\u200bDavide Malmusi<\/strong>. Tambi\u00e9n han asistido el director cl\u00ednico del \u00c1rea de Oncolog\u00eda del Hospital Sant Joan de D\u00e9u de Barcelona, <strong>\u200b\u200bDr. Andr\u00e9s Morales<\/strong> y el jefe del Servicio de Oncolog\u00eda y Hematolog\u00eda Pedi\u00e1tricas del Hospital Universitari Vall d&#8217;Hebron,<strong>Dr. Lucas Moreno<\/strong>, entre otros profesionales, equipo t\u00e9cnico, vecinos del barrio de Montbau, colaboradores y amigos.<\/p>\n\n\n\n<p>Uno de los momentos m\u00e1s emotivos del acto ha sido el testimonio personal de <strong>Irene<\/strong>, una joven de 16 a\u00f1os, procedente de Cambrils (Tarragona), que reside ahora mismo en la Casa dels Xuklis. \u00abEstaba cumpliendo mi sue\u00f1o de estudiar en el extranjero y, en cuesti\u00f3n de d\u00edas, la vida me cambi\u00f3\u00bb, explica. \u201cEs muy dif\u00edcil estar lejos de casa, sin estar cerca de mis hermanos, pero en La Casa dels Xuklis me siento como si lo fuera\u201d, a\u00f1ade.<\/p>\n\n\n\n<p class=\"has-text-align-center\">> <strong><a href=\"https:\/\/www.flickr.com\/photos\/afanoc\/albums\/72177720332701019\" data-type=\"link\" data-id=\"https:\/\/www.flickr.com\/photos\/afanoc\/albums\/72177720332701019\" target=\"_blank\" rel=\"noreferrer noopener\">Fotograf\u00edas del acto<\/a><\/strong><\/p>\n\n\n\n<hr class=\"wp-block-separator has-alpha-channel-opacity\" style=\"margin-top:0;margin-bottom:0\"\/>\n\n\n\n<div style=\"height:18px\" aria-hidden=\"true\" class=\"wp-block-spacer\"><\/div>\n\n\n\n<p><strong>Campa\u00f1a \u201cApadrina una habitaci\u00f3n\u201d<\/strong><\/p>\n\n\n\n<p>Con motivo de este 15 aniversario, hemos puesto en marcha una campa\u00f1a solidaria de micromecenazgo, con el lema \u201cApadrina una habitaci\u00f3n!\u201d, para garantizar la rehabilitaci\u00f3n y el mantenimiento de las estancias que acogen a las familias con un hijo o hija con c\u00e1ncer.<\/p>\n\n\n\n<p>Para conmemorar esta d\u00e9cada y media de acompa\u00f1amiento, la entidad arroja un reto a la ciudadan\u00eda ya las empresas: garantizar el coste anual de mantenimiento de una habitaci\u00f3n, valorado en 15.000 euros.<\/p>\n\n\n\n<p>Las aportaciones recogidas permitir\u00e1n rehabilitar y adecuar el espacio, mantenerlo seguro y adaptado a las normativas vigentes, garantizar el confort necesario y asegurar que una nueva familia pueda ser acogida.<\/p>\n\n\n\n<div style=\"height:29px\" aria-hidden=\"true\" class=\"wp-block-spacer\"><\/div>\n\n\n\n<div class=\"wp-block-buttons is-content-justification-center is-layout-flex wp-container-core-buttons-is-layout-a89b3969 wp-block-buttons-is-layout-flex\">\n<div class=\"wp-block-button\"><a class=\"wp-block-button__link wp-element-button\" href=\"https:\/\/afanoc.helpbysc.com\/apadrina\/habitacio\/casaxuklis?lang=es\" target=\"_blank\" rel=\"noreferrer noopener\"><strong>\u00bfNos ayudas? \u00a1Apadrina una habitaci\u00f3n!   <\/strong><\/a><\/div>\n<\/div>\n\n\n\n<p><\/p>\n","protected":false},"excerpt":{"rendered":"<p>\u00abQuince a\u00f1os de historias compartidas, de apoyo, de acompa\u00f1amiento y de esperanza\u00bb, en palabras del presidente de AFANOC, Miguel Javaloy. Se trata de un proyecto pionero y referente social en Catalunya que, desde su apertura en 2011 ha alojado a m\u00e1s de 1.000 familias. Este 2026 La Casa dels Xuklis, el recurso de alojamiento temporal [&hellip;]<\/p>\n","protected":false},"author":693,"featured_media":77526,"comment_status":"closed","ping_status":"open","sticky":false,"template":"","format":"standard","meta":{"site-sidebar-layout":"default","site-content-layout":"","ast-site-content-layout":"default","site-content-style":"default","site-sidebar-style":"default","ast-global-header-display":"","ast-banner-title-visibility":"","ast-main-header-display":"","ast-hfb-above-header-display":"","ast-hfb-below-header-display":"","ast-hfb-mobile-header-display":"","site-post-title":"","ast-breadcrumbs-content":"","ast-featured-img":"","footer-sml-layout":"","theme-transparent-header-meta":"","adv-header-id-meta":"","stick-header-meta":"","header-above-stick-meta":"","header-main-stick-meta":"","header-below-stick-meta":"","astra-migrate-meta-layouts":"set","ast-page-background-enabled":"default","ast-page-background-meta":{"desktop":{"background-color":"var(--ast-global-color-4)","background-image":"","background-repeat":"repeat","background-position":"center center","background-size":"auto","background-attachment":"scroll","background-type":"","background-media":"","overlay-type":"","overlay-color":"","overlay-opacity":"","overlay-gradient":""},"tablet":{"background-color":"","background-image":"","background-repeat":"repeat","background-position":"center center","background-size":"auto","background-attachment":"scroll","background-type":"","background-media":"","overlay-type":"","overlay-color":"","overlay-opacity":"","overlay-gradient":""},"mobile":{"background-color":"","background-image":"","background-repeat":"repeat","background-position":"center center","background-size":"auto","background-attachment":"scroll","background-type":"","background-media":"","overlay-type":"","overlay-color":"","overlay-opacity":"","overlay-gradient":""}},"ast-content-background-meta":{"desktop":{"background-color":"var(--ast-global-color-5)","background-image":"","background-repeat":"repeat","background-position":"center center","background-size":"auto","background-attachment":"scroll","background-type":"","background-media":"","overlay-type":"","overlay-color":"","overlay-opacity":"","overlay-gradient":""},"tablet":{"background-color":"var(--ast-global-color-5)","background-image":"","background-repeat":"repeat","background-position":"center center","background-size":"auto","background-attachment":"scroll","background-type":"","background-media":"","overlay-type":"","overlay-color":"","overlay-opacity":"","overlay-gradient":""},"mobile":{"background-color":"var(--ast-global-color-5)","background-image":"","background-repeat":"repeat","background-position":"center center","background-size":"auto","background-attachment":"scroll","background-type":"","background-media":"","overlay-type":"","overlay-color":"","overlay-opacity":"","overlay-gradient":""}},"footnotes":""},"categories":[1547,1085],"tags":[],"class_list":["post-77532","post","type-post","status-publish","format-standard","has-post-thumbnail","hentry","category-la-casa-de-los-xuklis","category-noticias"],"publishpress_future_workflow_manual_trigger":{"enabledWorkflows":[]},"_links":{"self":[{"href":"https:\/\/afanoc.org\/es\/wp-json\/wp\/v2\/posts\/77532","targetHints":{"allow":["GET"]}}],"collection":[{"href":"https:\/\/afanoc.org\/es\/wp-json\/wp\/v2\/posts"}],"about":[{"href":"https:\/\/afanoc.org\/es\/wp-json\/wp\/v2\/types\/post"}],"author":[{"embeddable":true,"href":"https:\/\/afanoc.org\/es\/wp-json\/wp\/v2\/users\/693"}],"replies":[{"embeddable":true,"href":"https:\/\/afanoc.org\/es\/wp-json\/wp\/v2\/comments?post=77532"}],"version-history":[{"count":0,"href":"https:\/\/afanoc.org\/es\/wp-json\/wp\/v2\/posts\/77532\/revisions"}],"wp:featuredmedia":[{"embeddable":true,"href":"https:\/\/afanoc.org\/es\/wp-json\/wp\/v2\/media\/77526"}],"wp:attachment":[{"href":"https:\/\/afanoc.org\/es\/wp-json\/wp\/v2\/media?parent=77532"}],"wp:term":[{"taxonomy":"category","embeddable":true,"href":"https:\/\/afanoc.org\/es\/wp-json\/wp\/v2\/categories?post=77532"},{"taxonomy":"post_tag","embeddable":true,"href":"https:\/\/afanoc.org\/es\/wp-json\/wp\/v2\/tags?post=77532"}],"curies":[{"name":"wp","href":"https:\/\/api.w.org\/{rel}","templated":true}]}}