{"id":77378,"date":"2026-03-16T14:54:57","date_gmt":"2026-03-16T12:54:57","guid":{"rendered":"https:\/\/afanoc.org\/blog\/illusio-compromis-i-solidaritat-4-000-gorres-omplen-el-turo-de-la-seu-vella-de-lleida\/"},"modified":"2026-03-18T13:06:07","modified_gmt":"2026-03-18T11:06:07","slug":"illusio-compromis-i-solidaritat-4-000-gorres-omplen-el-turo-de-la-seu-vella-de-lleida","status":"publish","type":"post","link":"https:\/\/afanoc.org\/es\/blog\/illusio-compromis-i-solidaritat-4-000-gorres-omplen-el-turo-de-la-seu-vella-de-lleida\/","title":{"rendered":"Ilusi\u00f3n, compromiso y solidaridad: 4.000 gorras llenan la Seu Vella de Lleida"},"content":{"rendered":"\n<p class=\"has-medium-font-size\"><strong>Los BETA, del SX3, generaron mucha expectaci\u00f3n y emoci\u00f3n entre los ni\u00f1os y adolescentes que asistieron a la fiesta<\/strong><\/p>\n\n\n\n<p>La Seu Vella de Lleida se llen\u00f3, este domingo 15 de marzo, de 4.000 gorras solidarias, dise\u00f1adas por Joan Turu, y de mucha ilusi\u00f3n y compromiso. La jornada, que gir\u00f3 en torno a la tem\u00e1tica de las culturas del mundo, empez\u00f3 en\u00e9rgicamente con la Batubanda de Revolta. <\/p>\n\n\n\n<p>En el escenario, les esperaban Kai, Jan, Lola y Grau, de los <strong>Beta (SX3),<\/strong> que hab\u00edan salido de su almac\u00e9n para acompa\u00f1ar a los ni\u00f1os y j\u00f3venes con c\u00e1ncer de Lleida en un d\u00eda muy especial y dinamizar el escenario de la fiesta. La compa\u00f1\u00eda de espect\u00e1culos familiares, <strong>Rikus<\/strong> , tampoco se lo perdi\u00f3 e hizo bailar, saltar y cantar tanto a peque\u00f1os como a mayores. <\/p>\n\n\n\n<div style=\"height:14px\" aria-hidden=\"true\" class=\"wp-block-spacer\"><\/div>\n\n\n\n<figure class=\"wp-block-image size-full\"><img decoding=\"async\" width=\"850\" height=\"500\" src=\"http:\/\/afanoc.org\/wp-content\/uploads\/gorra-lleida-beta.jpg\" alt=\"\" class=\"wp-image-77367\"\/><\/figure>\n\n\n\n<p><em>Actuaci\u00f3n de los Beta durante la 13\u00aa edici\u00f3n de la fiesta del \u00abPosa&#8217;t la Gorra!\u00bb en Lleida. <\/em><\/p>\n\n\n\n<div style=\"height:20px\" aria-hidden=\"true\" class=\"wp-block-spacer\"><\/div>\n\n\n\n<p>Los diferentes espacios de la Seu Vella se llenaron gracias a la <strong>treintena de talleres<\/strong> para hacer en familia. Adem\u00e1s, en el espacio La Canonja, se pudo ver <strong>la exposici\u00f3n \u201cLes Mans del M\u00f3n\u201d,<\/strong> una muestra realizada con las actividades realizadas por los centros educativos de la provincia, y en la que las manos del mundo se unieron para hacer red, cuidar y <strong>acompa\u00f1ar<\/strong> , tal y como dice el lema de este 25 aniversario de la campa\u00f1a de la gorra. <\/p>\n\n\n\n<p>El momento m\u00e1s importante y emotivo del acto fue, como cada a\u00f1o, el <u><a href=\"https:\/\/www.instagram.com\/p\/DV51XK2jBl9\/\" target=\"_blank\" data-type=\"link\" data-id=\"https:\/\/www.instagram.com\/p\/DV51XK2jBl9\/\" rel=\"noreferrer noopener\"><strong>Manifiesto<\/strong><\/a><\/u> le\u00eddo por Ona, Ian, J\u00falia y Aleix. Todos ellos fueron acompa\u00f1ados por las autoridades del territorio y por el presidente de AFANOC, Miguel Javaloy, y varios miembros de la Junta directiva de la entidad. <\/p>\n\n\n\n<p>La campa\u00f1a del \u201cPosa&#8217;t la Gorra!\u201d en Lleida, que se inici\u00f3 el pasado octubre, ha contado con 60 establecimientos colaboradores tanto de Lleida ciudad como del resto de la provincia. Entre todos ellos, escuelas, empresas y entidades se han distribuido cerca de <strong>7.000 gorras<\/strong>.<\/p>\n\n\n\n<div style=\"height:23px\" aria-hidden=\"true\" class=\"wp-block-spacer\"><\/div>\n\n\n\n<div class=\"wp-block-buttons is-content-justification-center is-layout-flex wp-container-core-buttons-is-layout-a89b3969 wp-block-buttons-is-layout-flex\">\n<div class=\"wp-block-button\"><a class=\"wp-block-button__link wp-element-button\" href=\"https:\/\/www.flickr.com\/photos\/afanoc\/albums\/72157663956522947\/\" target=\"_blank\" rel=\"noreferrer noopener\"><strong>\u00a1Fotograf\u00edas de la fiesta!<\/strong><\/a><\/div>\n<\/div>\n\n\n\n<div style=\"height:10px\" aria-hidden=\"true\" class=\"wp-block-spacer\"><\/div>\n\n\n\n<hr class=\"wp-block-separator has-alpha-channel-opacity\"\/>\n\n\n\n<figure class=\"wp-block-image size-full\"><img decoding=\"async\" width=\"2083\" height=\"486\" src=\"https:\/\/afanoc.org\/wp-content\/uploads\/Logos-Gorra-Lleida.jpg\" alt=\"\" class=\"wp-image-77331\"\/><\/figure>\n\n\n\n<div style=\"height:36px\" aria-hidden=\"true\" class=\"wp-block-spacer\"><\/div>\n\n\n\n<details class=\"wp-block-details is-layout-flow wp-block-details-is-layout-flow\"><summary><strong>\u00a1Gracias, CENTROS EDUCATIVOS!  <\/strong><\/summary>\n<ul class=\"wp-block-list\">\n<li><strong>Ciudad de Lleida<\/strong> :<br>Aula Hospital\u00e0ria Dr. Antoni Cambrod\u00ed\u00a0\u2013 Hospital Universitari Arnau de Vilanova \u2219 Escola Santa Anna \u2219 Escola Lestonnac \u2219 Escola La Mitjana \u2219 Escola del Treball \u2219 Escola i Institut Sant Jaume \u2013 Les Heures \u2219 \u00a0Escola Bressol Pardinyes \u2219 Escola Francesco Tonucci \u2219 Escola Santa Maria de Gardeny \u2219 \u00a0Escola FEDAC \u2219 Escola Bressol Municipal Bal\u00e0fia \u2219 Escola Joc de la Bola \u2219 Escola Pr\u00edncep de Viana \u2219 Escola Joan Maragall \u2219 Escola Minerva \u2219 Escola Sant Josep de Calassan\u00e7 \u2219 \u00a0Escola Institut Magraners \u2219 Escola Enric Farreny \u2219 Escola Bressol Municipal Bordeta \u2219 Escola Pa\u00efsos Catalans \u2219 Escola Bressol Municipal Gargot \u2219 AFA i Escola del Parc de l\u2019Aigua \u2219 AFA Escola Camps Elisis \u2219 AFA i Escola El Carme \u2219 AFA i Escola Frederic God\u00e0s \u2219 AFA Escola Espiga \u2219 AFA i Escola Riu Segre \u2219 Escola Bressol Magraners \u2219 Escola Bressol Parc de Gardeny \u2219 Escola Maristes Montserrat.<\/li>\n<\/ul>\n\n\n\n<ul class=\"wp-block-list\">\n<li><strong>Poblaciones:<\/strong><br>Escola Mestral (ZER Argelaga) \u2013 (Vilanova de la Barca) \u2219 AFA i Escola de Ponts \u2013 (Ponts) \u2219 Escola Sant Gil \u2013 (Tor\u00e0) \u2219 Escola Arc d\u2019Ad\u00e0 (ZER L\u2019Oliver) \u2013 (Llardecans) \u2219 Escola Otogesa- (ZER L\u2019Oliver)- (Maials) \u2219 Escola la Roca (ZER L\u2019Eral) \u2013 (Sarroca de Lleida) \u2219 Escola Mare de D\u00e9u del Carme (Alcoletge) \u2219 \u00a0Escola Doctor Ser\u00e9s (Alpicat) \u2219 Escola Sant Joan \u2013 (Benavent de Segri\u00e0) \u2219 \u00a0Escola Els Planells \u2013 (Artesa de Segre) \u2219 Escola Sol Ixent \u2013 (Corbins) \u2219 \u00a0Escola Sant Isidre (ZER Ponent) \u2013 (Gimenells) \u2219 Escola Inocencio Pardos (ZER Ponent) \u2013 (Pla de la Font) \u2219 Escola Josep Ma\u00f1\u00e9 (ZER Ponent) \u2013 (Raimat) \u2219\u00a0Escola El Vilot (ZER Ponent) \u2013 (Sucs) \u2219\u00a0Escola Minyons d\u2019Urgell \u2013 (Fondarella) \u2219\u00a0Escola Manuel Ortiz i Castell\u00f3 (Juneda) \u2219 Escola Ant\u00f2nia Sim\u00f3 Arn\u00f3 (Almacelles) \u2219 Escola Maria Merc\u00e8 Mar\u00e7al \u2013 (T\u00e0rrega) \u2219 Escola Ramon Faus i Esteve \u2013 (Guissona) \u2219 Escola Timorell (ZER Vall de l\u2019Arany\u00f3) \u2013 (Castelldans) \u2219 Escola Abat Ruera \u2013 (Puiggr\u00f2s) \u2219 Escola Sant Miquel \u2013 (Miralcamp) \u2219 Escola Els Set Focs (ZER Elaia) \u2013 (Bellaguarda) \u2219 Escola Mare de D\u00e9u de Montserrat (ZER Vall de l\u2019Arany\u00f3) \u2013 (Albag\u00e9s) \u2219\u00a0Escola de la Granadella (ZER Elaia) \u2013 (La Granadella) \u2219 Escola El Segri\u00e0 (ZER L\u2019Horta de Segri\u00e0) \u2013 (Partida de Ll\u00edvia) \u2219 Escola Vilanova de Segri\u00e0 (Zer Alt Segri\u00e0) \u2013 (Vilanova de Segri\u00e0) \u2219 \u00a0Escola Els Til\u00b7lers \u2013 (Artesa de Lleida) \u2219 Alba Juss\u00e0 \u2013 (Tremp) \u2219 CEE Silo\u00e9 \u2013 (Mollerussa) \u2219 AFA Escola Mare de D\u00e9u de Montserrat \u2013 (Les Borges Blanques) \u2219 AFA Mare de D\u00e9u del Soc\u00f3s \u2013 (Agramunt) \u2219 AFA Ribera del Si\u00f3\u00a0\u2013 (Agramunt) \u2219 AFA Llar d\u2019Infants l\u2019Era\u00a0\u2013 (Agramunt) \u2219 AFA i Escola Maci\u00e0-Companys \u2013 (Agramunt) \u2219 AFA Escola Francesc Arenes (Golm\u00e9s) \u2219 AFA Escola de Sana\u00fcja (Zer La Segarra) \u2013 (Segarra) \u2219 AFA Escola Mare de D\u00e9u de la Merc\u00e8 \u2013 (Sant Ram\u00f3n) \u2219 AFA Llar d\u2019Infants Municipal \u2013 La Bal\u00fa (Ponts) \u2219 AFA Escola Ant\u00f2nia Sim\u00f3 Arn\u00f3 \u2013 (Almacelles) \u2219 Escola Mare de D\u00e9u de l\u2019Horta (Ivars d\u2019Urgell) \u2219\u00a0Institut La Segarra \u2013 (Cervera) \u2219 AMPA Escola Ramon Farrerons (Bell-lloc d\u2019Urgell) \u2219 AMPA i Escola Santa Creu \u2013 (Anglesola) \u2219 Institut Joan Sol\u00e0 (Torrefarrera) \u2219 Escola Arrels (ZER L\u2019Horta de Lleida) \u2013 (Els Alam\u00fas).<\/li>\n<\/ul>\n<\/details>\n\n\n\n<div style=\"height:19px\" aria-hidden=\"true\" class=\"wp-block-spacer\"><\/div>\n\n\n\n<details class=\"wp-block-details is-layout-flow wp-block-details-is-layout-flow\"><summary><strong>\u00a1Gracias, AYUNTAMIENTOS!<\/strong><\/summary>\n<p>Ajuntament de la Granadella \u2219 Ajuntament d\u2019Alfarr\u00e0s \u2219 Ajuntament de les Avellanes i Santa Linya \u2219 Ajuntament de Cervi\u00e0 de les Garrigues \u2219 Ajuntament de Bellaguarda \u2219 Ajuntament del Poal \u2219 Ajuntament de Pons \u2219 Ajuntament de Puigverd Lleida \u2219 Ajuntament d\u2019Aspa \u2219 Ajuntament de Corbins \u2219 Ajuntament de Benavent \u2219 Ajuntament d\u2019Albat\u00e0rrec \u2219 Ajuntament de Torrefeta i Florejacs \u2219 Ajuntament de Torre-Serona \u2219 Ajuntament de Vila-sana \u2219 Ajuntament d\u2019Oliola \u2219 Ajuntament de Juncosa \u2219 Ajuntament de Bellv\u00eds \u2219 Ajuntament de Vilosell \u2219 Ajuntament d\u2019El Palau \u2219 Ajuntament d\u2019Os de Balaguer \u2219 Ajuntament de Ser\u00f3s \u2219 Ajuntament de Fuliola \u2219 Ajuntament d\u2019Els Torms \u2219 Ajuntament de Guissona \u2219 Ajuntament de Vilagrassa \u2219 Ajuntament d\u2019Arbeca \u2219 Ajuntament de Soses \u2219 Ajuntament de Vilanova de Mei\u00e0.<\/p>\n<\/details>\n\n\n\n<p><\/p>\n","protected":false},"excerpt":{"rendered":"<p>Los BETA, del SX3, generaron mucha expectaci\u00f3n y emoci\u00f3n entre los ni\u00f1os y adolescentes que asistieron a la fiesta La Seu Vella de Lleida se llen\u00f3, este domingo 15 de marzo, de 4.000 gorras solidarias, dise\u00f1adas por Joan Turu, y de mucha ilusi\u00f3n y compromiso. La jornada, que gir\u00f3 en torno a la tem\u00e1tica de [&hellip;]<\/p>\n","protected":false},"author":693,"featured_media":77370,"comment_status":"closed","ping_status":"open","sticky":false,"template":"","format":"standard","meta":{"site-sidebar-layout":"default","site-content-layout":"","ast-site-content-layout":"default","site-content-style":"default","site-sidebar-style":"default","ast-global-header-display":"","ast-banner-title-visibility":"","ast-main-header-display":"","ast-hfb-above-header-display":"","ast-hfb-below-header-display":"","ast-hfb-mobile-header-display":"","site-post-title":"","ast-breadcrumbs-content":"","ast-featured-img":"","footer-sml-layout":"","theme-transparent-header-meta":"","adv-header-id-meta":"","stick-header-meta":"","header-above-stick-meta":"","header-main-stick-meta":"","header-below-stick-meta":"","astra-migrate-meta-layouts":"set","ast-page-background-enabled":"default","ast-page-background-meta":{"desktop":{"background-color":"var(--ast-global-color-4)","background-image":"","background-repeat":"repeat","background-position":"center center","background-size":"auto","background-attachment":"scroll","background-type":"","background-media":"","overlay-type":"","overlay-color":"","overlay-opacity":"","overlay-gradient":""},"tablet":{"background-color":"","background-image":"","background-repeat":"repeat","background-position":"center center","background-size":"auto","background-attachment":"scroll","background-type":"","background-media":"","overlay-type":"","overlay-color":"","overlay-opacity":"","overlay-gradient":""},"mobile":{"background-color":"","background-image":"","background-repeat":"repeat","background-position":"center center","background-size":"auto","background-attachment":"scroll","background-type":"","background-media":"","overlay-type":"","overlay-color":"","overlay-opacity":"","overlay-gradient":""}},"ast-content-background-meta":{"desktop":{"background-color":"var(--ast-global-color-5)","background-image":"","background-repeat":"repeat","background-position":"center center","background-size":"auto","background-attachment":"scroll","background-type":"","background-media":"","overlay-type":"","overlay-color":"","overlay-opacity":"","overlay-gradient":""},"tablet":{"background-color":"var(--ast-global-color-5)","background-image":"","background-repeat":"repeat","background-position":"center center","background-size":"auto","background-attachment":"scroll","background-type":"","background-media":"","overlay-type":"","overlay-color":"","overlay-opacity":"","overlay-gradient":""},"mobile":{"background-color":"var(--ast-global-color-5)","background-image":"","background-repeat":"repeat","background-position":"center center","background-size":"auto","background-attachment":"scroll","background-type":"","background-media":"","overlay-type":"","overlay-color":"","overlay-opacity":"","overlay-gradient":""}},"footnotes":""},"categories":[1085,1479],"tags":[],"class_list":["post-77378","post","type-post","status-publish","format-standard","has-post-thumbnail","hentry","category-noticias","category-posat-la-gorra-es"],"publishpress_future_workflow_manual_trigger":{"enabledWorkflows":[]},"_links":{"self":[{"href":"https:\/\/afanoc.org\/es\/wp-json\/wp\/v2\/posts\/77378","targetHints":{"allow":["GET"]}}],"collection":[{"href":"https:\/\/afanoc.org\/es\/wp-json\/wp\/v2\/posts"}],"about":[{"href":"https:\/\/afanoc.org\/es\/wp-json\/wp\/v2\/types\/post"}],"author":[{"embeddable":true,"href":"https:\/\/afanoc.org\/es\/wp-json\/wp\/v2\/users\/693"}],"replies":[{"embeddable":true,"href":"https:\/\/afanoc.org\/es\/wp-json\/wp\/v2\/comments?post=77378"}],"version-history":[{"count":0,"href":"https:\/\/afanoc.org\/es\/wp-json\/wp\/v2\/posts\/77378\/revisions"}],"wp:featuredmedia":[{"embeddable":true,"href":"https:\/\/afanoc.org\/es\/wp-json\/wp\/v2\/media\/77370"}],"wp:attachment":[{"href":"https:\/\/afanoc.org\/es\/wp-json\/wp\/v2\/media?parent=77378"}],"wp:term":[{"taxonomy":"category","embeddable":true,"href":"https:\/\/afanoc.org\/es\/wp-json\/wp\/v2\/categories?post=77378"},{"taxonomy":"post_tag","embeddable":true,"href":"https:\/\/afanoc.org\/es\/wp-json\/wp\/v2\/tags?post=77378"}],"curies":[{"name":"wp","href":"https:\/\/api.w.org\/{rel}","templated":true}]}}