{"id":77197,"date":"2026-03-06T13:52:16","date_gmt":"2026-03-06T11:52:16","guid":{"rendered":"https:\/\/afanoc.org\/blog\/per-molts-anys-fecec\/"},"modified":"2026-03-06T14:00:16","modified_gmt":"2026-03-06T12:00:16","slug":"per-molts-anys-fecec","status":"publish","type":"post","link":"https:\/\/afanoc.org\/es\/blog\/per-molts-anys-fecec\/","title":{"rendered":"\u00a1Muchas felicidades, FECEC!"},"content":{"rendered":"\n<p class=\"has-medium-font-size\"><strong>La Federaci\u00f3n Catalana de Entidades contra el C\u00e1ncer (FECEC) ha soplado las velas de sus 25 a\u00f1os de historia en un acto en el Recinto Modernista de Sant Pau de Barcelona. AFANOC tambi\u00e9n ha estado presente <\/strong><\/p>\n\n<p>Cumplir 25 a\u00f1os es un hito significativo a celebrar. Y as\u00ed lo hizo la <a href=\"https:\/\/juntscontraelcancer.cat\/celebrem-25-anys-junts-contra-el-cancer-al-recinte-modernista-de-sant-pau\/\" target=\"_blank\" data-type=\"link\" data-id=\"https:\/\/juntscontraelcancer.cat\/celebrem-25-anys-junts-contra-el-cancer-al-recinte-modernista-de-sant-pau\/\" rel=\"noreferrer noopener\">FECEC<\/a> . El d\u00eda 25 de febrero convoc\u00f3 a las entidades federadas \u2014ahora ya 17\u2014 junto con autoridades, colaboradores y amigos en el Recinto Modernista de San Pablo de Barcelona para soplar las velas.  <\/p>\n\n<p>Entre el centenar de asistentes, est\u00e1bamos nosotros. Una representaci\u00f3n de nuestra Junta Directiva, la gerencia y dos miembros del equipo t\u00e9cnico estuvieron presentes para sumarse a esta celebraci\u00f3n tan emotiva que record\u00f3 el camino que hemos recorrido juntos durante este cuarto de siglo. <\/p>\n\n<div style=\"height:17px\" aria-hidden=\"true\" class=\"wp-block-spacer\"><\/div>\n\n<figure class=\"wp-block-image size-full\"><img decoding=\"async\" width=\"850\" height=\"500\" src=\"https:\/\/afanoc.org\/wp-content\/uploads\/fecec-equipafanoc.jpg\" alt=\"\" class=\"wp-image-77193\"\/><\/figure>\n\n<p><em>Irene Costa, Miguel Javaloy (presidente), Josep Cruz (Junta), Eulalia Acu\u00f1a y Narc\u00eds Serrats (gerente).  <\/em><\/p>\n\n<div style=\"height:21px\" aria-hidden=\"true\" class=\"wp-block-spacer\"><\/div>\n\n<p>El acto, conducido por la periodista <strong>Cristina Puig<\/strong> , cont\u00f3, entre otros, con la intervenci\u00f3n de la gerente de la FECEC, <strong>Clara Ros\u00e0s<\/strong>, quien hizo un repaso de estos 25 a\u00f1os, haciendo una menci\u00f3n especial de recuerdo a los presidentes de honor de la entidad, Carles Carcol\u00e9, Josep Morell y el Dr. Ramon M.\u00aa Miralles. En esta mirada global de los retos conseguidos, hubo tambi\u00e9n espacio para destacar la especial incidencia de la entidad en dos de los aspectos relevantes de la etapa de despu\u00e9s del c\u00e1ncer: el retorno progresivo al trabajo y el derecho al olvido oncol\u00f3gico.<\/p>\n\n<p>En la clausura del acto, a cargo de la presidenta <strong>Maria Assumpci\u00f3 Vil\u00e0<\/strong> , se agradeci\u00f3 el apoyo, en este cuarto de siglo, de las entidades, administraciones y colaboradores.<\/p>\n\n<p>Que por muchos a\u00f1os sigamos trabajando para mejorar la calidad de las personas con c\u00e1ncer y sus familias, y tambi\u00e9n sus derechos.<\/p>\n\n<p><\/p>\n","protected":false},"excerpt":{"rendered":"<p>La Federaci\u00f3n Catalana de Entidades contra el C\u00e1ncer (FECEC) ha soplado las velas de sus 25 a\u00f1os de historia en un acto en el Recinto Modernista de Sant Pau de Barcelona. AFANOC tambi\u00e9n ha estado presente Cumplir 25 a\u00f1os es un hito significativo a celebrar. Y as\u00ed lo hizo la FECEC . El d\u00eda 25 [&hellip;]<\/p>\n","protected":false},"author":693,"featured_media":77191,"comment_status":"closed","ping_status":"open","sticky":false,"template":"","format":"standard","meta":{"site-sidebar-layout":"default","site-content-layout":"","ast-site-content-layout":"default","site-content-style":"default","site-sidebar-style":"default","ast-global-header-display":"","ast-banner-title-visibility":"","ast-main-header-display":"","ast-hfb-above-header-display":"","ast-hfb-below-header-display":"","ast-hfb-mobile-header-display":"","site-post-title":"","ast-breadcrumbs-content":"","ast-featured-img":"","footer-sml-layout":"","theme-transparent-header-meta":"","adv-header-id-meta":"","stick-header-meta":"","header-above-stick-meta":"","header-main-stick-meta":"","header-below-stick-meta":"","astra-migrate-meta-layouts":"default","ast-page-background-enabled":"default","ast-page-background-meta":{"desktop":{"background-color":"var(--ast-global-color-4)","background-image":"","background-repeat":"repeat","background-position":"center center","background-size":"auto","background-attachment":"scroll","background-type":"","background-media":"","overlay-type":"","overlay-color":"","overlay-opacity":"","overlay-gradient":""},"tablet":{"background-color":"","background-image":"","background-repeat":"repeat","background-position":"center center","background-size":"auto","background-attachment":"scroll","background-type":"","background-media":"","overlay-type":"","overlay-color":"","overlay-opacity":"","overlay-gradient":""},"mobile":{"background-color":"","background-image":"","background-repeat":"repeat","background-position":"center center","background-size":"auto","background-attachment":"scroll","background-type":"","background-media":"","overlay-type":"","overlay-color":"","overlay-opacity":"","overlay-gradient":""}},"ast-content-background-meta":{"desktop":{"background-color":"var(--ast-global-color-5)","background-image":"","background-repeat":"repeat","background-position":"center center","background-size":"auto","background-attachment":"scroll","background-type":"","background-media":"","overlay-type":"","overlay-color":"","overlay-opacity":"","overlay-gradient":""},"tablet":{"background-color":"var(--ast-global-color-5)","background-image":"","background-repeat":"repeat","background-position":"center center","background-size":"auto","background-attachment":"scroll","background-type":"","background-media":"","overlay-type":"","overlay-color":"","overlay-opacity":"","overlay-gradient":""},"mobile":{"background-color":"var(--ast-global-color-5)","background-image":"","background-repeat":"repeat","background-position":"center center","background-size":"auto","background-attachment":"scroll","background-type":"","background-media":"","overlay-type":"","overlay-color":"","overlay-opacity":"","overlay-gradient":""}},"footnotes":""},"categories":[1085],"tags":[],"class_list":["post-77197","post","type-post","status-publish","format-standard","has-post-thumbnail","hentry","category-noticias"],"publishpress_future_workflow_manual_trigger":{"enabledWorkflows":[]},"_links":{"self":[{"href":"https:\/\/afanoc.org\/es\/wp-json\/wp\/v2\/posts\/77197","targetHints":{"allow":["GET"]}}],"collection":[{"href":"https:\/\/afanoc.org\/es\/wp-json\/wp\/v2\/posts"}],"about":[{"href":"https:\/\/afanoc.org\/es\/wp-json\/wp\/v2\/types\/post"}],"author":[{"embeddable":true,"href":"https:\/\/afanoc.org\/es\/wp-json\/wp\/v2\/users\/693"}],"replies":[{"embeddable":true,"href":"https:\/\/afanoc.org\/es\/wp-json\/wp\/v2\/comments?post=77197"}],"version-history":[{"count":0,"href":"https:\/\/afanoc.org\/es\/wp-json\/wp\/v2\/posts\/77197\/revisions"}],"wp:featuredmedia":[{"embeddable":true,"href":"https:\/\/afanoc.org\/es\/wp-json\/wp\/v2\/media\/77191"}],"wp:attachment":[{"href":"https:\/\/afanoc.org\/es\/wp-json\/wp\/v2\/media?parent=77197"}],"wp:term":[{"taxonomy":"category","embeddable":true,"href":"https:\/\/afanoc.org\/es\/wp-json\/wp\/v2\/categories?post=77197"},{"taxonomy":"post_tag","embeddable":true,"href":"https:\/\/afanoc.org\/es\/wp-json\/wp\/v2\/tags?post=77197"}],"curies":[{"name":"wp","href":"https:\/\/api.w.org\/{rel}","templated":true}]}}