{"id":75906,"date":"2026-01-14T15:02:22","date_gmt":"2026-01-14T13:02:22","guid":{"rendered":"https:\/\/afanoc.org\/blog\/rockpelsxuklis-mes-duna-decada-fent-vibrar-la-solidaritat-a-traves-de-la-musica\/"},"modified":"2026-01-29T13:18:43","modified_gmt":"2026-01-29T11:18:43","slug":"rockpelsxuklis-mes-duna-decada-fent-vibrar-la-solidaritat-a-traves-de-la-musica","status":"publish","type":"post","link":"https:\/\/afanoc.org\/es\/blog\/rockpelsxuklis-mes-duna-decada-fent-vibrar-la-solidaritat-a-traves-de-la-musica\/","title":{"rendered":"&#8216;RockpelsXuklis&#8217;: m\u00e1s de una d\u00e9cada haciendo vibrar la solidaridad a trav\u00e9s de la m\u00fasica"},"content":{"rendered":"\n<p class=\"has-medium-font-size\"><strong>En 2026 llega con una agenda llena de conciertos solidarios en todo el territorio catal\u00e1n<\/strong><\/p>\n\n\n\n<p>En 2012 naci\u00f3 de la mano de la Asociaci\u00f3n de Vecinos del barrio de Montbau de Barcelona y del gestor cultural Joan Ventosa, en complicidad con AFANOC, el \u201cXuklis Blues Festival\u201d, un evento musical para recaudar fondos para la Casa y con el objetivo de integrarla en el d\u00eda a d\u00eda del barrio. Esta iniciativa ser\u00eda el preludio de lo que ahora conocemos como <a href=\"https:\/\/afanoc.org\/es\/rockpelsxuklis\/que-es\/\" target=\"_blank\" data-type=\"link\" data-id=\"https:\/\/afanoc.org\/rockpelsxuklis\/que-es\/\" rel=\"noreferrer noopener\">\u00abRockpelsXuklis\u00bb<\/a>, una campa\u00f1a de sensibilizaci\u00f3n que hace visible la realidad de los j\u00f3venes con c\u00e1ncer desde espacios que los identifiquen a trav\u00e9s de la m\u00fasica. <\/p>\n\n\n\n<p>\u00abA\u00fan recuerdo ese momento cuando Pep Pla, presidente entonces de AFANOC y fundador, hablaba de hacer un concierto que fuera referencia por el c\u00e1ncer en ni\u00f1os y j\u00f3venes en la ciudad de Barcelona, \u200b\u200baprovechando las fiestas de sus barrios\u00bb, recuerda Narc\u00eds Serrats, actual gerente de la entidad. Aquella visi\u00f3n fue la semilla de la actual campa\u00f1a que ahora ya est\u00e1 presente en las cuatro sedes de AFANOC: Barcelona, \u200b\u200bTarragona, Lleida y Girona. <\/p>\n\n\n\n<p>\u00abLa valoraci\u00f3n de estos 14 a\u00f1os es espectacular. Pensar que empezamos con s\u00f3lo un concierto al a\u00f1o y este 2026 llegaremos a una treintena!\u00bb, apunta Serrats. \u00abEn estos a\u00f1os hemos conseguido el apoyo de muchas bandas o grupos de m\u00fasica, de artistas, de corales, escuelas de m\u00fasica, etc. y de muchas salas que nos apoyan para hacer los conciertos en sus espacios, de empresas vinculadas al sector y de profesionales que se dedican al mundo musical, y estamos muy agradecidos\u00bb. El gerente de la entidad y uno de los impulsores de la campa\u00f1a destaca, tambi\u00e9n, la labor del equipo de voluntariado. En estos a\u00f1os, la campa\u00f1a ha contado con m\u00e1s de 1400 voluntarios y voluntarias. \u00abSin todos ellos y ellas, junto con el equipo t\u00e9cnico y la implicaci\u00f3n de la Junta directiva, no se podr\u00edan haber gestionar tantos eventos\u00bb, a\u00f1ade.    <\/p>\n\n\n\n<div style=\"height:15px\" aria-hidden=\"true\" class=\"wp-block-spacer\"><\/div>\n\n\n\n<figure class=\"wp-block-image size-full\"><img decoding=\"async\" width=\"850\" height=\"450\" src=\"https:\/\/afanoc.org\/wp-content\/uploads\/RockpelsXuklis-auditori.jpg\" alt=\"\" class=\"wp-image-75902\" srcset=\"https:\/\/afanoc.org\/wp-content\/uploads\/RockpelsXuklis-auditori.jpg 850w, https:\/\/afanoc.org\/wp-content\/uploads\/RockpelsXuklis-auditori-320x169.jpg 320w, https:\/\/afanoc.org\/wp-content\/uploads\/RockpelsXuklis-auditori-150x79.jpg 150w, https:\/\/afanoc.org\/wp-content\/uploads\/RockpelsXuklis-auditori-768x407.jpg 768w, https:\/\/afanoc.org\/wp-content\/uploads\/RockpelsXuklis-auditori-600x318.jpg 600w\" sizes=\"(max-width: 850px) 100vw, 850px\" \/><figcaption class=\"wp-element-caption\"><em>Concierto de &#8216;RockpelsXuklis&#8217; en el Auditori de Barcelona<\/em>. Foto: Javier Monsalve <\/figcaption><\/figure>\n\n\n\n<div style=\"height:16px\" aria-hidden=\"true\" class=\"wp-block-spacer\"><\/div>\n\n\n\n<p><strong>M\u00e1s all\u00e1 del rock<\/strong><\/p>\n\n\n\n<p>Aunque la campa\u00f1a abarca estilos musicales muy diversos como el g\u00f3spel, el metal, el jazz, pop o la m\u00fasica cl\u00e1sica, el concepto \u201crock\u201d es el que mejor define la esencia de AFANOC y de los j\u00f3venes a los que acompa\u00f1amos. El rock representa potencia, fortaleza, impacto, cambio y reivindicaci\u00f3n, atributos propios de la juventud. <\/p>\n\n\n\n<p><strong>Primeras fechas confirmadas para este 2026<\/strong><\/p>\n\n\n\n<p>Este a\u00f1o que acabamos de empezar llega cargado de citas imprescindibles. Tomad nota y estad atentos\/as a todas las novedades a trav\u00e9s de la <a href=\"https:\/\/afanoc.org\/es\/rockpelsxuklis\/\" target=\"_blank\" data-type=\"link\" data-id=\"https:\/\/afanoc.org\/rockpelsxuklis\/\" rel=\"noreferrer noopener\">agenda web<\/a> y las <a href=\"https:\/\/www.instagram.com\/rockpelsxuklis\/\" target=\"_blank\" data-type=\"link\" data-id=\"https:\/\/www.instagram.com\/rockpelsxuklis\/\" rel=\"noreferrer noopener\">redes sociales de \u2018RockpelsXuklis\u2019<\/a>. <\/p>\n\n\n\n<ul class=\"wp-block-list\">\n<li><strong>7 de febrero: <\/strong>The Beatboys (The Beatles) y ABBA Gold Tour &#8211; Sala Salamandra (L&#8217;Hospitalet de Llobregat).<\/li>\n\n\n\n<li><strong>22 de febrero:<\/strong> Rock, Hard Rock, Blues, pop rock \u2013 Sala Polivalent de Montbau (Barcelona).<\/li>\n\n\n\n<li><strong>7 de marzo:<\/strong> G\u00f3spel pels Xuklis &#8211; Auditori de Barcelona<\/li>\n\n\n\n<li><strong>22 de marzo:<\/strong> Vermut con pop rock nacional \u2013 Sala Polivalent de Montbau (Barcelona).<\/li>\n\n\n\n<li><strong>28 de marzo:<\/strong> Rock, Hard Rock \u2013 Sala Estraperlo (Badalona)<\/li>\n\n\n\n<li><strong>11 de abril:<\/strong> Rock y blues de los 60\u2019s y 70\u2019s \u2013 Montmel\u00f3<\/li>\n\n\n\n<li><strong>18 de abril:<\/strong> Primavera Montbau (Versiones de pop, rock, rumba, punk)<\/li>\n\n\n\n<li><strong>26 de abril:<\/strong> Vermut musical \u2013 Sala Polivalent de Montbau (Barcelona)<\/li>\n\n\n\n<li><strong>10 de mayo:<\/strong> Vermut pop rock, heavy \u2013 Sala Polivalent de Montbau (Barcelona)<\/li>\n\n\n\n<li><strong>16 de mayo:<\/strong> Tributo a Mecano y Hombres G \u2013 La Mirona (Girona)<\/li>\n\n\n\n<li><strong>29 de mayo:<\/strong> Tributo a Black Sabbath \u2013 Sala Polivalent de Montbau (Barcelona)<\/li>\n\n\n\n<li><strong>31 de mayo:<\/strong> Vermut rock urbano \u2013 Sala Polivalent de Montbau (Barcelona)<\/li>\n\n\n\n<li><strong>25 de septiembre:<\/strong> FM Montbau (Versiones pop rock y rumba)<\/li>\n\n\n\n<li><strong>26 de septiembre:<\/strong> Montbau Fest (Heavy Metal, metal, Hard Rock)<\/li>\n\n\n\n<li><strong>17 de octubre<\/strong>: Pop rock \u2013 Sala Lo Submarino (Reus)<\/li>\n\n\n\n<li><strong>22 de octubre:<\/strong> Tributo Bryan Adams y The Police \u2013 Sala Luz de Gas (Barcelona)<\/li>\n\n\n\n<li><strong>24 de octubre:<\/strong> Xukli Oktober Fest by Ginesta (Barcelona)<\/li>\n\n\n\n<li><strong>11 de noviembre:<\/strong> Rock y pop en familia \u2013 La Nau (Barcelona)<\/li>\n\n\n\n<li><strong>15 de noviembre:<\/strong> Versiones de Rock y Pop \u2013 Sala Zero (Tarragona)<\/li>\n<\/ul>\n\n\n\n<p>\u00a1Os esperamos!<\/p>\n\n\n\n<p><\/p>\n","protected":false},"excerpt":{"rendered":"<p>En 2026 llega con una agenda llena de conciertos solidarios en todo el territorio catal\u00e1n En 2012 naci\u00f3 de la mano de la Asociaci\u00f3n de Vecinos del barrio de Montbau de Barcelona y del gestor cultural Joan Ventosa, en complicidad con AFANOC, el \u201cXuklis Blues Festival\u201d, un evento musical para recaudar fondos para la Casa [&hellip;]<\/p>\n","protected":false},"author":693,"featured_media":75901,"comment_status":"closed","ping_status":"closed","sticky":false,"template":"","format":"standard","meta":{"site-sidebar-layout":"default","site-content-layout":"","ast-site-content-layout":"default","site-content-style":"default","site-sidebar-style":"default","ast-global-header-display":"","ast-banner-title-visibility":"","ast-main-header-display":"","ast-hfb-above-header-display":"","ast-hfb-below-header-display":"","ast-hfb-mobile-header-display":"","site-post-title":"","ast-breadcrumbs-content":"","ast-featured-img":"","footer-sml-layout":"","theme-transparent-header-meta":"","adv-header-id-meta":"","stick-header-meta":"","header-above-stick-meta":"","header-main-stick-meta":"","header-below-stick-meta":"","astra-migrate-meta-layouts":"set","ast-page-background-enabled":"default","ast-page-background-meta":{"desktop":{"background-color":"var(--ast-global-color-4)","background-image":"","background-repeat":"repeat","background-position":"center center","background-size":"auto","background-attachment":"scroll","background-type":"","background-media":"","overlay-type":"","overlay-color":"","overlay-opacity":"","overlay-gradient":""},"tablet":{"background-color":"","background-image":"","background-repeat":"repeat","background-position":"center center","background-size":"auto","background-attachment":"scroll","background-type":"","background-media":"","overlay-type":"","overlay-color":"","overlay-opacity":"","overlay-gradient":""},"mobile":{"background-color":"","background-image":"","background-repeat":"repeat","background-position":"center center","background-size":"auto","background-attachment":"scroll","background-type":"","background-media":"","overlay-type":"","overlay-color":"","overlay-opacity":"","overlay-gradient":""}},"ast-content-background-meta":{"desktop":{"background-color":"var(--ast-global-color-5)","background-image":"","background-repeat":"repeat","background-position":"center center","background-size":"auto","background-attachment":"scroll","background-type":"","background-media":"","overlay-type":"","overlay-color":"","overlay-opacity":"","overlay-gradient":""},"tablet":{"background-color":"var(--ast-global-color-5)","background-image":"","background-repeat":"repeat","background-position":"center center","background-size":"auto","background-attachment":"scroll","background-type":"","background-media":"","overlay-type":"","overlay-color":"","overlay-opacity":"","overlay-gradient":""},"mobile":{"background-color":"var(--ast-global-color-5)","background-image":"","background-repeat":"repeat","background-position":"center center","background-size":"auto","background-attachment":"scroll","background-type":"","background-media":"","overlay-type":"","overlay-color":"","overlay-opacity":"","overlay-gradient":""}},"footnotes":""},"categories":[1596,1644],"tags":[],"class_list":["post-75906","post","type-post","status-publish","format-standard","has-post-thumbnail","hentry","category-comunicacion-y-sensibilizacion","category-rockpelsxuklis"],"publishpress_future_workflow_manual_trigger":{"enabledWorkflows":[]},"_links":{"self":[{"href":"https:\/\/afanoc.org\/es\/wp-json\/wp\/v2\/posts\/75906","targetHints":{"allow":["GET"]}}],"collection":[{"href":"https:\/\/afanoc.org\/es\/wp-json\/wp\/v2\/posts"}],"about":[{"href":"https:\/\/afanoc.org\/es\/wp-json\/wp\/v2\/types\/post"}],"author":[{"embeddable":true,"href":"https:\/\/afanoc.org\/es\/wp-json\/wp\/v2\/users\/693"}],"replies":[{"embeddable":true,"href":"https:\/\/afanoc.org\/es\/wp-json\/wp\/v2\/comments?post=75906"}],"version-history":[{"count":0,"href":"https:\/\/afanoc.org\/es\/wp-json\/wp\/v2\/posts\/75906\/revisions"}],"wp:featuredmedia":[{"embeddable":true,"href":"https:\/\/afanoc.org\/es\/wp-json\/wp\/v2\/media\/75901"}],"wp:attachment":[{"href":"https:\/\/afanoc.org\/es\/wp-json\/wp\/v2\/media?parent=75906"}],"wp:term":[{"taxonomy":"category","embeddable":true,"href":"https:\/\/afanoc.org\/es\/wp-json\/wp\/v2\/categories?post=75906"},{"taxonomy":"post_tag","embeddable":true,"href":"https:\/\/afanoc.org\/es\/wp-json\/wp\/v2\/tags?post=75906"}],"curies":[{"name":"wp","href":"https:\/\/api.w.org\/{rel}","templated":true}]}}