{"id":75297,"date":"2025-12-04T13:10:05","date_gmt":"2025-12-04T11:10:05","guid":{"rendered":"https:\/\/afanoc.org\/blog\/el-voluntariat-mans-que-acompanyen-i-deixen-empremta\/"},"modified":"2025-12-05T11:49:59","modified_gmt":"2025-12-05T09:49:59","slug":"el-voluntariat-mans-que-acompanyen-i-deixen-empremta","status":"publish","type":"post","link":"https:\/\/afanoc.org\/es\/blog\/el-voluntariat-mans-que-acompanyen-i-deixen-empremta\/","title":{"rendered":"El voluntariado, manos que acompa\u00f1an y dejan huella"},"content":{"rendered":"\n<p class=\"has-medium-font-size\"><strong>Cada d\u00eda 5 diciembre celebramos el D\u00eda Internacional del Voluntariado para recordarnos la importancia de este compromiso tan necesario como imprescindible para AFANOC<\/strong><\/p>\n\n<div class=\"wp-block-columns is-layout-flex wp-container-core-columns-is-layout-28f84493 wp-block-columns-is-layout-flex\">\n<div class=\"wp-block-column is-layout-flow wp-block-column-is-layout-flow\" style=\"flex-basis:66.66%\">\n<p>El <strong>5 de diciembre<\/strong> celebramos el <strong>D\u00eda Internacional del Voluntariado<\/strong> , una jornada que nos recuerda la fuerza transformadora de las personas que, de forma altruista, deciden dedicar su tiempo a los dem\u00e1s. En AFANOC tenemos el privilegio de contar con un <a href=\"https:\/\/afanoc.org\/es\/voluntariado\/\" target=\"_blank\" data-type=\"link\" data-id=\"https:\/\/afanoc.org\/es\/voluntariado\/\" rel=\"noreferrer noopener\">equipo de voluntariado<\/a> que desarrolla una tarea imprescindible y complementaria a la del equipo profesional. <\/p>\n\n\n\n<p>El voluntariado representa uno de los pilares m\u00e1s importantes de la entidad, un apoyo sin el cual no ser\u00eda posible llevar a cabo diferentes proyectos de atenci\u00f3n y acompa\u00f1amiento a las familias en los <strong>hospitales,<\/strong> en las <strong>sedes<\/strong> y en <strong>La Casa dels Xuklis<\/strong> . Este voluntariado es el motor que nos ayuda a hacer realidad nuestra misi\u00f3n: acompa\u00f1ar a ni\u00f1os y j\u00f3venes con c\u00e1ncer y sus familias en un momento vital tan complejo. <\/p>\n\n\n\n<p><strong>\u201cAcompa\u00f1\u00e9monos\u201d<\/strong> es el lema de nuestra campa\u00f1a de este a\u00f1o, un mensaje que sintetiza la importancia de andar juntos: familias, amistades, escuela, equipos sanitarios, entidades sociales&#8230; y el voluntariado, pieza fundamental, que sostiene, acompa\u00f1a y ayuda a transitar esta etapa tan compleja.<\/p>\n<\/div>\n\n\n\n<div class=\"wp-block-column is-layout-flow wp-block-column-is-layout-flow\" style=\"flex-basis:33.33%\">\n<figure class=\"wp-block-video\"><video height=\"640\" style=\"aspect-ratio: 360 \/ 640;\" width=\"360\" autoplay=\"\" controls=\"\" muted=\"\" src=\"https:\/\/afanoc.org\/wp-content\/uploads\/Div-voluntariat_baixa-SD-480p.mov\" playsinline=\"\"><\/video><\/figure>\n<\/div>\n<\/div>\n\n<div class=\"wp-block-columns is-layout-flex wp-container-core-columns-is-layout-28f84493 wp-block-columns-is-layout-flex\">\n<div class=\"wp-block-column is-layout-flow wp-block-column-is-layout-flow\">\n<p>Como actividad especial de este a\u00f1o, varios voluntarios y voluntarias de AFANOC, en representaci\u00f3n de todo el equipo, se han pintado las <strong>manos con colores vivos<\/strong> y han dejado su huella en un mural. Este mural simboliza la diversidad, la uni\u00f3n y la fuerza colectiva, y se convierte en un recuerdo tangible del compromiso compartido. <\/p>\n\n\n\n<p><strong>Voluntariado, \u00a1hoy es su d\u00eda!<\/strong><br\/>\u00a1Gracias por estar all\u00ed, por ofrecer su tiempo, por escuchar, por apoyarnos y apoyarnos!<\/p>\n<\/div>\n<\/div>\n\n<p><\/p>\n","protected":false},"excerpt":{"rendered":"<p>Cada d\u00eda 5 diciembre celebramos el D\u00eda Internacional del Voluntariado para recordarnos la importancia de este compromiso tan necesario como imprescindible para AFANOC El 5 de diciembre celebramos el D\u00eda Internacional del Voluntariado , una jornada que nos recuerda la fuerza transformadora de las personas que, de forma altruista, deciden dedicar su tiempo a los [&hellip;]<\/p>\n","protected":false},"author":693,"featured_media":75238,"comment_status":"closed","ping_status":"closed","sticky":false,"template":"","format":"standard","meta":{"site-sidebar-layout":"default","site-content-layout":"","ast-site-content-layout":"default","site-content-style":"default","site-sidebar-style":"default","ast-global-header-display":"","ast-banner-title-visibility":"","ast-main-header-display":"","ast-hfb-above-header-display":"","ast-hfb-below-header-display":"","ast-hfb-mobile-header-display":"","site-post-title":"","ast-breadcrumbs-content":"","ast-featured-img":"","footer-sml-layout":"","theme-transparent-header-meta":"","adv-header-id-meta":"","stick-header-meta":"","header-above-stick-meta":"","header-main-stick-meta":"","header-below-stick-meta":"","astra-migrate-meta-layouts":"default","ast-page-background-enabled":"default","ast-page-background-meta":{"desktop":{"background-color":"var(--ast-global-color-4)","background-image":"","background-repeat":"repeat","background-position":"center center","background-size":"auto","background-attachment":"scroll","background-type":"","background-media":"","overlay-type":"","overlay-color":"","overlay-opacity":"","overlay-gradient":""},"tablet":{"background-color":"","background-image":"","background-repeat":"repeat","background-position":"center center","background-size":"auto","background-attachment":"scroll","background-type":"","background-media":"","overlay-type":"","overlay-color":"","overlay-opacity":"","overlay-gradient":""},"mobile":{"background-color":"","background-image":"","background-repeat":"repeat","background-position":"center center","background-size":"auto","background-attachment":"scroll","background-type":"","background-media":"","overlay-type":"","overlay-color":"","overlay-opacity":"","overlay-gradient":""}},"ast-content-background-meta":{"desktop":{"background-color":"var(--ast-global-color-5)","background-image":"","background-repeat":"repeat","background-position":"center center","background-size":"auto","background-attachment":"scroll","background-type":"","background-media":"","overlay-type":"","overlay-color":"","overlay-opacity":"","overlay-gradient":""},"tablet":{"background-color":"var(--ast-global-color-5)","background-image":"","background-repeat":"repeat","background-position":"center center","background-size":"auto","background-attachment":"scroll","background-type":"","background-media":"","overlay-type":"","overlay-color":"","overlay-opacity":"","overlay-gradient":""},"mobile":{"background-color":"var(--ast-global-color-5)","background-image":"","background-repeat":"repeat","background-position":"center center","background-size":"auto","background-attachment":"scroll","background-type":"","background-media":"","overlay-type":"","overlay-color":"","overlay-opacity":"","overlay-gradient":""}},"footnotes":""},"categories":[1085,1559],"tags":[],"class_list":["post-75297","post","type-post","status-publish","format-standard","has-post-thumbnail","hentry","category-noticias","category-voluntariado"],"publishpress_future_workflow_manual_trigger":{"enabledWorkflows":[]},"_links":{"self":[{"href":"https:\/\/afanoc.org\/es\/wp-json\/wp\/v2\/posts\/75297","targetHints":{"allow":["GET"]}}],"collection":[{"href":"https:\/\/afanoc.org\/es\/wp-json\/wp\/v2\/posts"}],"about":[{"href":"https:\/\/afanoc.org\/es\/wp-json\/wp\/v2\/types\/post"}],"author":[{"embeddable":true,"href":"https:\/\/afanoc.org\/es\/wp-json\/wp\/v2\/users\/693"}],"replies":[{"embeddable":true,"href":"https:\/\/afanoc.org\/es\/wp-json\/wp\/v2\/comments?post=75297"}],"version-history":[{"count":0,"href":"https:\/\/afanoc.org\/es\/wp-json\/wp\/v2\/posts\/75297\/revisions"}],"wp:featuredmedia":[{"embeddable":true,"href":"https:\/\/afanoc.org\/es\/wp-json\/wp\/v2\/media\/75238"}],"wp:attachment":[{"href":"https:\/\/afanoc.org\/es\/wp-json\/wp\/v2\/media?parent=75297"}],"wp:term":[{"taxonomy":"category","embeddable":true,"href":"https:\/\/afanoc.org\/es\/wp-json\/wp\/v2\/categories?post=75297"},{"taxonomy":"post_tag","embeddable":true,"href":"https:\/\/afanoc.org\/es\/wp-json\/wp\/v2\/tags?post=75297"}],"curies":[{"name":"wp","href":"https:\/\/api.w.org\/{rel}","templated":true}]}}