{"id":74946,"date":"2025-11-18T11:35:13","date_gmt":"2025-11-18T09:35:13","guid":{"rendered":"https:\/\/afanoc.org\/blog\/el-poble-espanyol-somple-de-complicitat-i-estima-per-celebrar-els-25-anys-duna-gorra-que-acompanya-i-se-sap-acompanyada\/"},"modified":"2025-11-18T11:42:06","modified_gmt":"2025-11-18T09:42:06","slug":"el-poble-espanyol-somple-de-complicitat-i-estima-per-celebrar-els-25-anys-duna-gorra-que-acompanya-i-se-sap-acompanyada","status":"publish","type":"post","link":"https:\/\/afanoc.org\/es\/blog\/el-poble-espanyol-somple-de-complicitat-i-estima-per-celebrar-els-25-anys-duna-gorra-que-acompanya-i-se-sap-acompanyada\/","title":{"rendered":"Complicidad y estima para celebrar los 25 a\u00f1os de una gorra que acompa\u00f1a y se sabe acompa\u00f1ada"},"content":{"rendered":"\n<p class=\"has-medium-font-size\"><strong>Gracias al m\u00e1s de un millar de personas que acudieron a la cita del domingo en el Poble Espanyol: familias y amigos de los ni\u00f1os y j\u00f3venes con c\u00e1ncer que hicieron el gesto de ponerse la gorra por en\u00e9sima vez con la ilusi\u00f3n y el compromiso de la primera<\/strong><\/p>\n\n<p><strong>\u201cAcompa\u00f1\u00e9monos\u201d,<\/strong> el lema de la campa\u00f1a de este a\u00f1o, se hizo patente a lo largo de toda la ma\u00f1ana del domingo 16 de noviembre en el Poble Espanyol de Barcelona, \u200b\u200bdonde todo el mundo pudo lucir la gorra dise\u00f1ada por el ilustrador Joan Turu, que ha sabido plasmar los valores de estima, complicidad y acompa\u00f1amiento que definen la tarea.  <\/p>\n\n<p>En la fiesta, todo el mundo disfrut\u00f3 de las diferentes actividades, los juegos y la animaci\u00f3n de Xaxi Espectacles, indispensables ya en nuestras fiestas.<\/p>\n\n<p>El escenario abri\u00f3 con la Escuela de danza urbana <strong>Rookies Dance Studio<\/strong> , con una cuarentena de bailarines sobre el escenario. Las hermanas <strong>Sara y Raquel Loscos<\/strong> periodista y actriz, respectivamente, dinamizaron el escenario con entusiasmo y complicidad. <strong>Silba,<\/strong> nuestro grupo de cabecera \u2014creadores del himno del \u201cPosa&#8217;t la Gorra!\u201d\u2014, se fusionaron con el p\u00fablico a lo largo de su actuaci\u00f3n. El escenario cerr\u00f3 con una presencia de lujo gracias a <strong>Gerard Quintana<\/strong> que vino acompa\u00f1ado del guitarra <strong>Valen Nieto<\/strong> , elegancia y sensibilidad que pusieron el punto y final a la fiesta.  <\/p>\n\n<div style=\"height:34px\" aria-hidden=\"true\" class=\"wp-block-spacer\"><\/div>\n\n<figure class=\"wp-block-image size-full\"><img decoding=\"async\" width=\"850\" height=\"400\" src=\"https:\/\/afanoc.org\/wp-content\/uploads\/25-anys-posat-la-gorra.jpg\" alt=\"\" class=\"wp-image-74928\" srcset=\"https:\/\/afanoc.org\/wp-content\/uploads\/25-anys-posat-la-gorra.jpg 850w, https:\/\/afanoc.org\/wp-content\/uploads\/25-anys-posat-la-gorra-320x151.jpg 320w, https:\/\/afanoc.org\/wp-content\/uploads\/25-anys-posat-la-gorra-150x71.jpg 150w, https:\/\/afanoc.org\/wp-content\/uploads\/25-anys-posat-la-gorra-768x361.jpg 768w, https:\/\/afanoc.org\/wp-content\/uploads\/25-anys-posat-la-gorra-600x282.jpg 600w\" sizes=\"(max-width: 850px) 100vw, 850px\" \/><\/figure>\n\n<div style=\"height:31px\" aria-hidden=\"true\" class=\"wp-block-spacer\"><\/div>\n\n<p><strong>Miguel Javaloy, presidente de AFANOC:<\/strong><br\/> <strong>\u00abCerramos este cuarto de siglo con la satisfacci\u00f3n de haber alcanzado muchos de los objetivos iniciales\u00bb<\/strong><\/p>\n\n<p>El momento central de la fiesta cont\u00f3 con la Junta de AFANOC, el equipo t\u00e9cnico y los representantes institucionales entre los que asisti\u00f3 la delegada territorial del Gobierno de la Generalidad en Barcelona, <strong>\u200b\u200bPilar D\u00edaz<\/strong> ; la concejala de Salud y Personas con Discapacidad del Ayuntamiento de Barcelona, <strong>\u200b\u200bMarta Villanueva<\/strong> y la representante de la Diputaci\u00f3n de Barcelona, <strong>\u200b\u200bFilo Ca\u00f1ete<\/strong> , entre otros.<\/p>\n\n<p>El presidente de la entidad, Miguel Javaloy, comparti\u00f3 un emotivo Manifiesto, tambi\u00e9n como padre afectado que fue en su d\u00eda. \u00abAcompa\u00f1ar es estar presente, escuchar, comprender, sostener. Y esto es lo que hacemos en AFANOC con las familias. Pero la vez, AFANOC tambi\u00e9n necesitamos ser acompa\u00f1ados por toda la sociedad\u00bb, expres\u00f3 Javaloy. \u00abCerramos este cuarto de siglo con la satisfacci\u00f3n de haber alcanzado muchos de los objetivos iniciales: ahora toca recapitular, reformular, renovar. Un primer paso ha sido la renovaci\u00f3n de nuestra imagen corporativa\u00bb, apunt\u00f3.  <\/p>\n\n<p>Y, como en todo cumplea\u00f1os, tambi\u00e9n se soplaron las velas. Un gran pastel, elaborado por <strong>Xocosave,<\/strong> pasteler\u00eda de una familia de Reus que estuvo en la Casa dels Xuklis, ha aparecido en el escenario para conmemorar este cuarto de siglo. Con motivo de la celebraci\u00f3n, artistas, m\u00fasicos, periodistas y reconocidos profesionales de la comunicaci\u00f3n tambi\u00e9n hicieron llegar a AFANOC, a trav\u00e9s de un v\u00eddeo que pudo verse en el recinto, sus mejores deseos.  <\/p>\n\n<p>La gorra de esta edici\u00f3n, dise\u00f1ada por Joan Turu, se puede adquirir a trav\u00e9s de la web <a href=\"https:\/\/afanoc.org\/es\/tienda-solidaria\/gorra-joan-turu-2025\/\" target=\"_blank\" data-type=\"link\" data-id=\"https:\/\/afanoc.org\/botiga-solidaria\/gorra-joan-turu-2025\/\" rel=\"noreferrer noopener\">afanoc.org<\/a> , en las sedes de AFANOC, en los puntos de venta autorizados y en los stands de nuestros actos y campa\u00f1as.<\/p>\n\n<div style=\"height:28px\" aria-hidden=\"true\" class=\"wp-block-spacer\"><\/div>\n\n<div class=\"wp-block-buttons is-content-justification-center is-layout-flex wp-container-core-buttons-is-layout-a89b3969 wp-block-buttons-is-layout-flex\">\n<div class=\"wp-block-button\"><a class=\"wp-block-button__link wp-element-button\" href=\"https:\/\/www.flickr.com\/photos\/afanoc\/albums\/72157690511962584\/\" target=\"_blank\" rel=\"noreferrer noopener\"><strong>\u00a1FOTOGRAF\u00cdAS DE LA FIESTA!<\/strong><\/a><\/div>\n<\/div>\n\n<p class=\"has-small-font-size\"><\/p>\n\n<p><\/p>\n","protected":false},"excerpt":{"rendered":"<p>Gracias al m\u00e1s de un millar de personas que acudieron a la cita del domingo en el Poble Espanyol: familias y amigos de los ni\u00f1os y j\u00f3venes con c\u00e1ncer que hicieron el gesto de ponerse la gorra por en\u00e9sima vez con la ilusi\u00f3n y el compromiso de la primera \u201cAcompa\u00f1\u00e9monos\u201d, el lema de la campa\u00f1a [&hellip;]<\/p>\n","protected":false},"author":693,"featured_media":74931,"comment_status":"closed","ping_status":"open","sticky":false,"template":"","format":"standard","meta":{"site-sidebar-layout":"default","site-content-layout":"","ast-site-content-layout":"default","site-content-style":"default","site-sidebar-style":"default","ast-global-header-display":"","ast-banner-title-visibility":"","ast-main-header-display":"","ast-hfb-above-header-display":"","ast-hfb-below-header-display":"","ast-hfb-mobile-header-display":"","site-post-title":"","ast-breadcrumbs-content":"","ast-featured-img":"","footer-sml-layout":"","theme-transparent-header-meta":"","adv-header-id-meta":"","stick-header-meta":"","header-above-stick-meta":"","header-main-stick-meta":"","header-below-stick-meta":"","astra-migrate-meta-layouts":"default","ast-page-background-enabled":"default","ast-page-background-meta":{"desktop":{"background-color":"var(--ast-global-color-4)","background-image":"","background-repeat":"repeat","background-position":"center center","background-size":"auto","background-attachment":"scroll","background-type":"","background-media":"","overlay-type":"","overlay-color":"","overlay-opacity":"","overlay-gradient":""},"tablet":{"background-color":"","background-image":"","background-repeat":"repeat","background-position":"center center","background-size":"auto","background-attachment":"scroll","background-type":"","background-media":"","overlay-type":"","overlay-color":"","overlay-opacity":"","overlay-gradient":""},"mobile":{"background-color":"","background-image":"","background-repeat":"repeat","background-position":"center center","background-size":"auto","background-attachment":"scroll","background-type":"","background-media":"","overlay-type":"","overlay-color":"","overlay-opacity":"","overlay-gradient":""}},"ast-content-background-meta":{"desktop":{"background-color":"var(--ast-global-color-5)","background-image":"","background-repeat":"repeat","background-position":"center center","background-size":"auto","background-attachment":"scroll","background-type":"","background-media":"","overlay-type":"","overlay-color":"","overlay-opacity":"","overlay-gradient":""},"tablet":{"background-color":"var(--ast-global-color-5)","background-image":"","background-repeat":"repeat","background-position":"center center","background-size":"auto","background-attachment":"scroll","background-type":"","background-media":"","overlay-type":"","overlay-color":"","overlay-opacity":"","overlay-gradient":""},"mobile":{"background-color":"var(--ast-global-color-5)","background-image":"","background-repeat":"repeat","background-position":"center center","background-size":"auto","background-attachment":"scroll","background-type":"","background-media":"","overlay-type":"","overlay-color":"","overlay-opacity":"","overlay-gradient":""}},"footnotes":""},"categories":[1085,1479],"tags":[],"class_list":["post-74946","post","type-post","status-publish","format-standard","has-post-thumbnail","hentry","category-noticias","category-posat-la-gorra-es"],"publishpress_future_workflow_manual_trigger":{"enabledWorkflows":[]},"_links":{"self":[{"href":"https:\/\/afanoc.org\/es\/wp-json\/wp\/v2\/posts\/74946","targetHints":{"allow":["GET"]}}],"collection":[{"href":"https:\/\/afanoc.org\/es\/wp-json\/wp\/v2\/posts"}],"about":[{"href":"https:\/\/afanoc.org\/es\/wp-json\/wp\/v2\/types\/post"}],"author":[{"embeddable":true,"href":"https:\/\/afanoc.org\/es\/wp-json\/wp\/v2\/users\/693"}],"replies":[{"embeddable":true,"href":"https:\/\/afanoc.org\/es\/wp-json\/wp\/v2\/comments?post=74946"}],"version-history":[{"count":0,"href":"https:\/\/afanoc.org\/es\/wp-json\/wp\/v2\/posts\/74946\/revisions"}],"wp:featuredmedia":[{"embeddable":true,"href":"https:\/\/afanoc.org\/es\/wp-json\/wp\/v2\/media\/74931"}],"wp:attachment":[{"href":"https:\/\/afanoc.org\/es\/wp-json\/wp\/v2\/media?parent=74946"}],"wp:term":[{"taxonomy":"category","embeddable":true,"href":"https:\/\/afanoc.org\/es\/wp-json\/wp\/v2\/categories?post=74946"},{"taxonomy":"post_tag","embeddable":true,"href":"https:\/\/afanoc.org\/es\/wp-json\/wp\/v2\/tags?post=74946"}],"curies":[{"name":"wp","href":"https:\/\/api.w.org\/{rel}","templated":true}]}}