{"id":73813,"date":"2025-10-14T11:10:14","date_gmt":"2025-10-14T09:10:14","guid":{"rendered":"https:\/\/afanoc.org\/?p=73813"},"modified":"2026-01-22T10:15:15","modified_gmt":"2026-01-22T08:15:15","slug":"el-ilustrador-catalan-joan-turu-firma-la-gorra-del-25-aniversario","status":"publish","type":"post","link":"https:\/\/afanoc.org\/es\/blog\/el-ilustrador-catalan-joan-turu-firma-la-gorra-del-25-aniversario\/","title":{"rendered":"El ilustrador catal\u00e1n, Joan Turu, firma la gorra del 25\u00ba aniversario"},"content":{"rendered":"\n<p class=\"has-medium-font-size\"><strong>El Posa&#8217;t la Gorra! de Barcelona, del 16 de noviembre en el Poble Espanyol, inici\u00f3 las celebraciones del primer cuarto de siglo de la gorra<\/strong><\/p>\n\n\n\n<p>La gorra alcanza los 25 a\u00f1os de existencia. Un recorrido largo e intenso que ha contado con muchos soportes, complicidades, pero, sobre todo, estima.  Una estima que proviene desde todos los \u00e1mbitos de la sociedad, por tanto, gran parte del \u00e9xito de la campa\u00f1a es suyo. A\u00f1o tras a\u00f1o, miles de personas se han puesto la gorra, fuera del dise\u00f1o que fuera, conscientes de que lo importante no es el objeto, sino lo que hay detr\u00e1s, o mejor dicho, las cabezas que esconde debajo. <\/p>\n\n\n\n<p>Por eso, la gorra de los 25 a\u00f1os quiere ser un homenaje, un agradecimiento y un llamamiento a seguir haciendo camino juntos. Todos somos uno y en estos tiempos convulsos, m\u00e1s que nunca, es necesario que nos ayudemos unos a otros. Por eso, el lema de este a\u00f1o es: <strong>ACOMPA\u00d1\u00c9MONOS<\/strong>.<\/p>\n\n\n\n<p><a href=\"http:\/\/www.joanturu.cat\/\" target=\"_blank\" data-type=\"link\" data-id=\"http:\/\/www.joanturu.cat\/\" rel=\"noreferrer noopener\"><strong>Joan Turu<\/strong> <\/a>, ilustrador catal\u00e1n, firma la gorra del aniversario del primer cuarto de siglo de un s\u00edmbolo que nos interpela a todos.<\/p>\n\n\n\n<p><strong>Iniciamos una nueva era<\/strong><\/p>\n\n\n\n<p>La gorra ha visto crecer a muchos ni\u00f1os y ni\u00f1as, y nos ha hecho crecer como entidad. Mantener la campa\u00f1a a lo largo de 25 a\u00f1os ha sido posible gracias a la reinvenci\u00f3n, los diferentes saltos cualitativos y las nuevas necesidades que van surgiendo a\u00f1o tras a\u00f1o.<\/p>\n\n\n\n<p>Con esta gorra se\u00f1alamos el inicio de una nueva etapa para AFANOC, con una <strong>imagen renovada<\/strong> de nuestra marca, m\u00e1s moderna, fresca y actual, sin perder la esencia que le ha identificado siempre.<\/p>\n\n\n\n<p>La gorra da acceso a las fiestas del \u00abPosa&#8217;t la Gorra!\u00bb Estad atentos\/as a nuestras redes.<\/p>\n\n\n\n<div class=\"wp-block-buttons is-layout-flex wp-block-buttons-is-layout-flex\">\n<div class=\"wp-block-button\"><a class=\"wp-block-button__link has-vivid-purple-background-color has-background has-text-align-center wp-element-button\" href=\"https:\/\/afanoc.org\/es\/tienda-solidaria\/gorra-joan-turu-2025\/\"><strong>\u00a1No te quedes sin ella!<\/strong><\/a><\/div>\n<\/div>\n\n\n\n<div style=\"height:31px\" aria-hidden=\"true\" class=\"wp-block-spacer\"><\/div>\n\n\n\n<figure class=\"wp-block-embed is-type-video is-provider-youtube wp-block-embed-youtube wp-embed-aspect-16-9 wp-has-aspect-ratio\"><div class=\"wp-block-embed__wrapper\">\n<div class=\"ast-oembed-container \" style=\"height: 100%;\"><iframe loading=\"lazy\" title=\"Posa&#039;t la gorra!... amb Xiula!\" width=\"500\" height=\"281\" data-cookieconsent=\"estad\u00edsticas, marketing\" data-src=\"https:\/\/www.youtube.com\/embed\/SupG4LW8lx8?feature=oembed\" frameborder=\"0\" allow=\"accelerometer; autoplay; clipboard-write; encrypted-media; gyroscope; picture-in-picture; web-share\" referrerpolicy=\"strict-origin-when-cross-origin\" allowfullscreen><\/iframe><div class=\"cookieconsent-optout-statistics cookieconsent-optout-marketing\"><\/div><\/div>\n<\/div><\/figure>\n","protected":false},"excerpt":{"rendered":"<p>El Posa&#8217;t la Gorra! de Barcelona, del 16 de noviembre en el Poble Espanyol, inici\u00f3 las celebraciones del primer cuarto de siglo de la gorra La gorra alcanza los 25 a\u00f1os de existencia. Un recorrido largo e intenso que ha contado con muchos soportes, complicidades, pero, sobre todo, estima. Una estima que proviene desde todos [&hellip;]<\/p>\n","protected":false},"author":3,"featured_media":73874,"comment_status":"closed","ping_status":"closed","sticky":false,"template":"","format":"standard","meta":{"site-sidebar-layout":"default","site-content-layout":"","ast-site-content-layout":"default","site-content-style":"default","site-sidebar-style":"default","ast-global-header-display":"","ast-banner-title-visibility":"","ast-main-header-display":"","ast-hfb-above-header-display":"","ast-hfb-below-header-display":"","ast-hfb-mobile-header-display":"","site-post-title":"","ast-breadcrumbs-content":"","ast-featured-img":"","footer-sml-layout":"","theme-transparent-header-meta":"","adv-header-id-meta":"","stick-header-meta":"","header-above-stick-meta":"","header-main-stick-meta":"","header-below-stick-meta":"","astra-migrate-meta-layouts":"set","ast-page-background-enabled":"default","ast-page-background-meta":{"desktop":{"background-color":"var(--ast-global-color-4)","background-image":"","background-repeat":"repeat","background-position":"center center","background-size":"auto","background-attachment":"scroll","background-type":"","background-media":"","overlay-type":"","overlay-color":"","overlay-opacity":"","overlay-gradient":""},"tablet":{"background-color":"","background-image":"","background-repeat":"repeat","background-position":"center center","background-size":"auto","background-attachment":"scroll","background-type":"","background-media":"","overlay-type":"","overlay-color":"","overlay-opacity":"","overlay-gradient":""},"mobile":{"background-color":"","background-image":"","background-repeat":"repeat","background-position":"center center","background-size":"auto","background-attachment":"scroll","background-type":"","background-media":"","overlay-type":"","overlay-color":"","overlay-opacity":"","overlay-gradient":""}},"ast-content-background-meta":{"desktop":{"background-color":"var(--ast-global-color-5)","background-image":"","background-repeat":"repeat","background-position":"center center","background-size":"auto","background-attachment":"scroll","background-type":"","background-media":"","overlay-type":"","overlay-color":"","overlay-opacity":"","overlay-gradient":""},"tablet":{"background-color":"var(--ast-global-color-5)","background-image":"","background-repeat":"repeat","background-position":"center center","background-size":"auto","background-attachment":"scroll","background-type":"","background-media":"","overlay-type":"","overlay-color":"","overlay-opacity":"","overlay-gradient":""},"mobile":{"background-color":"var(--ast-global-color-5)","background-image":"","background-repeat":"repeat","background-position":"center center","background-size":"auto","background-attachment":"scroll","background-type":"","background-media":"","overlay-type":"","overlay-color":"","overlay-opacity":"","overlay-gradient":""}},"footnotes":""},"categories":[1085],"tags":[],"class_list":["post-73813","post","type-post","status-publish","format-standard","has-post-thumbnail","hentry","category-noticias"],"publishpress_future_workflow_manual_trigger":{"enabledWorkflows":[]},"_links":{"self":[{"href":"https:\/\/afanoc.org\/es\/wp-json\/wp\/v2\/posts\/73813","targetHints":{"allow":["GET"]}}],"collection":[{"href":"https:\/\/afanoc.org\/es\/wp-json\/wp\/v2\/posts"}],"about":[{"href":"https:\/\/afanoc.org\/es\/wp-json\/wp\/v2\/types\/post"}],"author":[{"embeddable":true,"href":"https:\/\/afanoc.org\/es\/wp-json\/wp\/v2\/users\/3"}],"replies":[{"embeddable":true,"href":"https:\/\/afanoc.org\/es\/wp-json\/wp\/v2\/comments?post=73813"}],"version-history":[{"count":0,"href":"https:\/\/afanoc.org\/es\/wp-json\/wp\/v2\/posts\/73813\/revisions"}],"wp:featuredmedia":[{"embeddable":true,"href":"https:\/\/afanoc.org\/es\/wp-json\/wp\/v2\/media\/73874"}],"wp:attachment":[{"href":"https:\/\/afanoc.org\/es\/wp-json\/wp\/v2\/media?parent=73813"}],"wp:term":[{"taxonomy":"category","embeddable":true,"href":"https:\/\/afanoc.org\/es\/wp-json\/wp\/v2\/categories?post=73813"},{"taxonomy":"post_tag","embeddable":true,"href":"https:\/\/afanoc.org\/es\/wp-json\/wp\/v2\/tags?post=73813"}],"curies":[{"name":"wp","href":"https:\/\/api.w.org\/{rel}","templated":true}]}}