{"id":72677,"date":"2025-08-26T10:32:14","date_gmt":"2025-08-26T08:32:14","guid":{"rendered":"https:\/\/afanoc.org\/?p=72677"},"modified":"2025-08-26T11:31:52","modified_gmt":"2025-08-26T09:31:52","slug":"la-casa-de-los-xuklis-da-buenos-frutos-tambien-en-verano","status":"publish","type":"post","link":"https:\/\/afanoc.org\/es\/blog\/la-casa-de-los-xuklis-da-buenos-frutos-tambien-en-verano\/","title":{"rendered":"La Casa de los Xuklis da buenos frutos tambi\u00e9n en verano"},"content":{"rendered":"\n<p class=\"has-medium-font-size\"><strong>Convertimos la estancia en los Xuklis en un casal de verano para todos sus habitantes, y no obstante la enfermedad, hacemos que el verano les resulte tambi\u00e9n especial<\/strong><\/p>\n\n\n\n<p>En verano el tiempo tiene otro ritmo, m\u00e1s tranquilo y pausado. En La Casa dels Xuklis (aparentemente) tambi\u00e9n, ya que algunas familias, marchan a casa, siempre que los tratamientos se lo permiten, aunque sea solo por unos d\u00edas.<\/p>\n\n\n\n<p>Las familias que se quedan, y que durante las vacaciones suelen estar al completo con la llegada de sus hermanos y hermanas, descubren que la casa se transforma en un aut\u00e9ntico casal de verano; lleno de actividades divertidas y refrescantes, que son sin\u00f3nimo de disfrutar de buenos momentos. Nosotros, como siempre, hacemos todo lo posible para que, no obstante la enfermedad, el verano sea especial: salidas al aire libre, talleres creativos, juegos, y muchos ratos para aprender cosas nuevas, re\u00edr y disfrutar.<\/p>\n\n\n\n<figure class=\"wp-block-image size-full\"><img decoding=\"async\" width=\"850\" height=\"600\" src=\"https:\/\/afanoc.org\/wp-content\/uploads\/1-6.jpg\" alt=\"\" class=\"wp-image-72666\" srcset=\"https:\/\/afanoc.org\/wp-content\/uploads\/1-6.jpg 850w, https:\/\/afanoc.org\/wp-content\/uploads\/1-6-320x226.jpg 320w, https:\/\/afanoc.org\/wp-content\/uploads\/1-6-150x106.jpg 150w, https:\/\/afanoc.org\/wp-content\/uploads\/1-6-768x542.jpg 768w, https:\/\/afanoc.org\/wp-content\/uploads\/1-6-600x424.jpg 600w\" sizes=\"(max-width: 850px) 100vw, 850px\" \/><figcaption class=\"wp-element-caption\"><em>Mucho inter\u00e9s en saber c\u00f3mo funcionan los bomberos que, lamentablemente, han sido los grandes protagonistas de este verano.<\/em><\/figcaption><\/figure>\n\n\n\n<p><\/p>\n\n\n\n<p>As\u00ed, estos d\u00edas hemos podido visitar el parque de bomberos; hemos hecho divertidas batallas de agua; hemos hecho partidas de bingo; hemos convertido la casa en una helader\u00eda; hemos construido, de-construido y vuelto a construir con miles de piezas de LEGO; \u00a1hemos visto pel\u00edculas comiendo palomitas y hemos sido protagonistas de un rodaje!<\/p>\n\n\n\n<p>\u00a1Incluso hemos hecho la vendimia!!, recogiendo las uvas m\u00e1s espectaculares, que nos ha dado este a\u00f1o, la parra que crece en la Sala del silencio. \u00a1Dulce como la miel, madura y a punto!<\/p>\n\n\n\n<p>\u00bfQui\u00e9n dijo aburrimiento?<\/p>\n\n\n\n<p><\/p>\n\n\n\n<figure class=\"wp-block-image size-full\"><img decoding=\"async\" width=\"850\" height=\"600\" src=\"https:\/\/afanoc.org\/wp-content\/uploads\/2-7.jpg\" alt=\"\" class=\"wp-image-72668\" srcset=\"https:\/\/afanoc.org\/wp-content\/uploads\/2-7.jpg 850w, https:\/\/afanoc.org\/wp-content\/uploads\/2-7-320x226.jpg 320w, https:\/\/afanoc.org\/wp-content\/uploads\/2-7-150x106.jpg 150w, https:\/\/afanoc.org\/wp-content\/uploads\/2-7-768x542.jpg 768w, https:\/\/afanoc.org\/wp-content\/uploads\/2-7-600x424.jpg 600w\" sizes=\"(max-width: 850px) 100vw, 850px\" \/><figcaption class=\"wp-element-caption\"><em>Nos encanta el LEGO, \u00a1pero a\u00fan m\u00e1s comer helados! Y mientras los mayores hacen un bingo, \u00a1nosotros nos rociamos de agua en el jard\u00edn! <\/em><\/figcaption><\/figure>\n\n\n\n<p><\/p>\n","protected":false},"excerpt":{"rendered":"<p>Convertimos la estancia en los Xuklis en un casal de verano para todos sus habitantes, y no obstante la enfermedad, hacemos que el verano les resulte tambi\u00e9n especial En verano el tiempo tiene otro ritmo, m\u00e1s tranquilo y pausado. En La Casa dels Xuklis (aparentemente) tambi\u00e9n, ya que algunas familias, marchan a casa, siempre que [&hellip;]<\/p>\n","protected":false},"author":3,"featured_media":72676,"comment_status":"closed","ping_status":"open","sticky":false,"template":"","format":"standard","meta":{"site-sidebar-layout":"default","site-content-layout":"","ast-site-content-layout":"default","site-content-style":"default","site-sidebar-style":"default","ast-global-header-display":"","ast-banner-title-visibility":"","ast-main-header-display":"","ast-hfb-above-header-display":"","ast-hfb-below-header-display":"","ast-hfb-mobile-header-display":"","site-post-title":"","ast-breadcrumbs-content":"","ast-featured-img":"","footer-sml-layout":"","theme-transparent-header-meta":"","adv-header-id-meta":"","stick-header-meta":"","header-above-stick-meta":"","header-main-stick-meta":"","header-below-stick-meta":"","astra-migrate-meta-layouts":"set","ast-page-background-enabled":"default","ast-page-background-meta":{"desktop":{"background-color":"var(--ast-global-color-4)","background-image":"","background-repeat":"repeat","background-position":"center center","background-size":"auto","background-attachment":"scroll","background-type":"","background-media":"","overlay-type":"","overlay-color":"","overlay-opacity":"","overlay-gradient":""},"tablet":{"background-color":"","background-image":"","background-repeat":"repeat","background-position":"center center","background-size":"auto","background-attachment":"scroll","background-type":"","background-media":"","overlay-type":"","overlay-color":"","overlay-opacity":"","overlay-gradient":""},"mobile":{"background-color":"","background-image":"","background-repeat":"repeat","background-position":"center center","background-size":"auto","background-attachment":"scroll","background-type":"","background-media":"","overlay-type":"","overlay-color":"","overlay-opacity":"","overlay-gradient":""}},"ast-content-background-meta":{"desktop":{"background-color":"var(--ast-global-color-5)","background-image":"","background-repeat":"repeat","background-position":"center center","background-size":"auto","background-attachment":"scroll","background-type":"","background-media":"","overlay-type":"","overlay-color":"","overlay-opacity":"","overlay-gradient":""},"tablet":{"background-color":"var(--ast-global-color-5)","background-image":"","background-repeat":"repeat","background-position":"center center","background-size":"auto","background-attachment":"scroll","background-type":"","background-media":"","overlay-type":"","overlay-color":"","overlay-opacity":"","overlay-gradient":""},"mobile":{"background-color":"var(--ast-global-color-5)","background-image":"","background-repeat":"repeat","background-position":"center center","background-size":"auto","background-attachment":"scroll","background-type":"","background-media":"","overlay-type":"","overlay-color":"","overlay-opacity":"","overlay-gradient":""}},"footnotes":""},"categories":[1085],"tags":[],"class_list":["post-72677","post","type-post","status-publish","format-standard","has-post-thumbnail","hentry","category-noticias"],"publishpress_future_workflow_manual_trigger":{"enabledWorkflows":[]},"_links":{"self":[{"href":"https:\/\/afanoc.org\/es\/wp-json\/wp\/v2\/posts\/72677","targetHints":{"allow":["GET"]}}],"collection":[{"href":"https:\/\/afanoc.org\/es\/wp-json\/wp\/v2\/posts"}],"about":[{"href":"https:\/\/afanoc.org\/es\/wp-json\/wp\/v2\/types\/post"}],"author":[{"embeddable":true,"href":"https:\/\/afanoc.org\/es\/wp-json\/wp\/v2\/users\/3"}],"replies":[{"embeddable":true,"href":"https:\/\/afanoc.org\/es\/wp-json\/wp\/v2\/comments?post=72677"}],"version-history":[{"count":0,"href":"https:\/\/afanoc.org\/es\/wp-json\/wp\/v2\/posts\/72677\/revisions"}],"wp:featuredmedia":[{"embeddable":true,"href":"https:\/\/afanoc.org\/es\/wp-json\/wp\/v2\/media\/72676"}],"wp:attachment":[{"href":"https:\/\/afanoc.org\/es\/wp-json\/wp\/v2\/media?parent=72677"}],"wp:term":[{"taxonomy":"category","embeddable":true,"href":"https:\/\/afanoc.org\/es\/wp-json\/wp\/v2\/categories?post=72677"},{"taxonomy":"post_tag","embeddable":true,"href":"https:\/\/afanoc.org\/es\/wp-json\/wp\/v2\/tags?post=72677"}],"curies":[{"name":"wp","href":"https:\/\/api.w.org\/{rel}","templated":true}]}}