{"id":72458,"date":"2025-07-16T14:42:54","date_gmt":"2025-07-16T12:42:54","guid":{"rendered":"https:\/\/afanoc.org\/blog\/lafanoc-participa-en-el-proces-collectiu-per-a-definir-el-futur-de-linstitut-catala-de-la-salut\/"},"modified":"2025-07-16T14:49:00","modified_gmt":"2025-07-16T12:49:00","slug":"lafanoc-participa-en-el-proces-collectiu-per-a-definir-el-futur-de-linstitut-catala-de-la-salut","status":"publish","type":"post","link":"https:\/\/afanoc.org\/es\/blog\/lafanoc-participa-en-el-proces-collectiu-per-a-definir-el-futur-de-linstitut-catala-de-la-salut\/","title":{"rendered":"AFANOC participa en el proceso colectivo para definir el futuro del Institut Catal\u00e0 de la Salut"},"content":{"rendered":"\n<p class=\"has-medium-font-size\"><strong>La jornada de trabajo sobre el Plan Estrat\u00e9gico de la instituci\u00f3n 2026-2028 re\u00fane a m\u00e1s de un centenar de profesionales del sector<\/strong><\/p>\n\n\n\n<p>El Institut Catal\u00e0 de la Salut (ICS) ha organizado una jornada de trabajo con el objetivo de analizar la situaci\u00f3n actual y definir su Plan Estrat\u00e9gico 2026-2028. La jornada de trabajo celebrada el pasado d\u00eda 4 de julio, en Barcelona, ha reunido a m\u00e1s de 120 profesionales, entre miembros del ICS y representantes externos, en un proceso participativo que busca construir colectivamente el futuro de la instituci\u00f3n. <\/p>\n\n\n\n<p>En esta jornada clave para el despliegue de este Plan Estrat\u00e9gico particip\u00f3 la <strong>coordinadora del voluntariado de la entidad en el Hospital Vall d&#8217;Hebron, Irene Costa Molina,<\/strong> poniendo en valor la importancia del trabajo conjunto y coordinado entre los centros de salud y las entidades sociales, para dar una mejor atenci\u00f3n a las personas usuarias del sistema sanitario p\u00fablico catal\u00e1n.<\/p>\n\n\n\n<div style=\"height:21px\" aria-hidden=\"true\" class=\"wp-block-spacer\"><\/div>\n\n\n\n<figure class=\"wp-block-image size-full\"><img decoding=\"async\" width=\"850\" height=\"500\" src=\"https:\/\/afanoc.org\/wp-content\/uploads\/consellera-salut.jpeg\" alt=\"\" class=\"wp-image-72450\" srcset=\"https:\/\/afanoc.org\/wp-content\/uploads\/consellera-salut.jpeg 850w, https:\/\/afanoc.org\/wp-content\/uploads\/consellera-salut-320x188.jpeg 320w, https:\/\/afanoc.org\/wp-content\/uploads\/consellera-salut-150x88.jpeg 150w, https:\/\/afanoc.org\/wp-content\/uploads\/consellera-salut-768x452.jpeg 768w, https:\/\/afanoc.org\/wp-content\/uploads\/consellera-salut-600x353.jpeg 600w\" sizes=\"(max-width: 850px) 100vw, 850px\" \/><\/figure>\n\n\n\n<p><em>La consellera de Salud, Olga Pan\u00e9, alent\u00f3 a los participantes a ser agentes de transformaciones internas atrevidas. <\/em><\/p>\n\n\n\n<div style=\"height:9px\" aria-hidden=\"true\" class=\"wp-block-spacer\"><\/div>\n\n\n\n<p>El nuevo Plan Estrat\u00e9gico contempla la implicaci\u00f3n de los pacientes y la ciudadan\u00eda en los resultados en salud y, AFANOC, es un ejemplo vivo de esta colaboraci\u00f3n transformadora. As\u00ed pues, este reconocimiento por parte del ICS hacia AFANOC <strong>refuerza la importancia de las entidades del tercer sector como agentes activos en la mejora del sistema de salud.<\/strong> <\/p>\n\n\n\n<p>Con l\u00edneas estrat\u00e9gicas centradas en la atenci\u00f3n en el desarrollo profesional y el liderazgo, la innovaci\u00f3n, la transformaci\u00f3n digital o la sostenibilidad y la eficiencia, entre otros, el Plan Estrat\u00e9gico 2026-2028 marca un camino hacia una instituci\u00f3n m\u00e1s \u00e1gil, comprometida y centrada en las personas. La consejera de Salud, Olga Pan\u00e9, destac\u00f3 en el marco de la Jornada que \u201cdebemos dar m\u00e1s agilidad al ICS y promover una mayor sostenibilidad del sistema ahora y para las generaciones que vendr\u00e1n\u201d.<\/p>\n\n\n\n<div style=\"height:15px\" aria-hidden=\"true\" class=\"wp-block-spacer\"><\/div>\n\n\n\n<div class=\"wp-block-buttons is-content-justification-center is-layout-flex wp-container-core-buttons-is-layout-a89b3969 wp-block-buttons-is-layout-flex\">\n<div class=\"wp-block-button has-custom-width wp-block-button__width-50\"><a class=\"wp-block-button__link wp-element-button\" href=\"https:\/\/youtu.be\/51z8pvF8fUQ\" target=\"_blank\" rel=\"noreferrer noopener\"><strong>V\u00eddeo-resumen de la Jornada<\/strong><\/a><\/div>\n<\/div>\n\n\n\n<p><\/p>\n","protected":false},"excerpt":{"rendered":"<p>La jornada de trabajo sobre el Plan Estrat\u00e9gico de la instituci\u00f3n 2026-2028 re\u00fane a m\u00e1s de un centenar de profesionales del sector El Institut Catal\u00e0 de la Salut (ICS) ha organizado una jornada de trabajo con el objetivo de analizar la situaci\u00f3n actual y definir su Plan Estrat\u00e9gico 2026-2028. La jornada de trabajo celebrada el [&hellip;]<\/p>\n","protected":false},"author":693,"featured_media":72449,"comment_status":"closed","ping_status":"open","sticky":false,"template":"","format":"standard","meta":{"site-sidebar-layout":"default","site-content-layout":"","ast-site-content-layout":"default","site-content-style":"default","site-sidebar-style":"default","ast-global-header-display":"","ast-banner-title-visibility":"","ast-main-header-display":"","ast-hfb-above-header-display":"","ast-hfb-below-header-display":"","ast-hfb-mobile-header-display":"","site-post-title":"","ast-breadcrumbs-content":"","ast-featured-img":"","footer-sml-layout":"","theme-transparent-header-meta":"","adv-header-id-meta":"","stick-header-meta":"","header-above-stick-meta":"","header-main-stick-meta":"","header-below-stick-meta":"","astra-migrate-meta-layouts":"set","ast-page-background-enabled":"default","ast-page-background-meta":{"desktop":{"background-color":"var(--ast-global-color-4)","background-image":"","background-repeat":"repeat","background-position":"center center","background-size":"auto","background-attachment":"scroll","background-type":"","background-media":"","overlay-type":"","overlay-color":"","overlay-opacity":"","overlay-gradient":""},"tablet":{"background-color":"","background-image":"","background-repeat":"repeat","background-position":"center center","background-size":"auto","background-attachment":"scroll","background-type":"","background-media":"","overlay-type":"","overlay-color":"","overlay-opacity":"","overlay-gradient":""},"mobile":{"background-color":"","background-image":"","background-repeat":"repeat","background-position":"center center","background-size":"auto","background-attachment":"scroll","background-type":"","background-media":"","overlay-type":"","overlay-color":"","overlay-opacity":"","overlay-gradient":""}},"ast-content-background-meta":{"desktop":{"background-color":"var(--ast-global-color-5)","background-image":"","background-repeat":"repeat","background-position":"center center","background-size":"auto","background-attachment":"scroll","background-type":"","background-media":"","overlay-type":"","overlay-color":"","overlay-opacity":"","overlay-gradient":""},"tablet":{"background-color":"var(--ast-global-color-5)","background-image":"","background-repeat":"repeat","background-position":"center center","background-size":"auto","background-attachment":"scroll","background-type":"","background-media":"","overlay-type":"","overlay-color":"","overlay-opacity":"","overlay-gradient":""},"mobile":{"background-color":"var(--ast-global-color-5)","background-image":"","background-repeat":"repeat","background-position":"center center","background-size":"auto","background-attachment":"scroll","background-type":"","background-media":"","overlay-type":"","overlay-color":"","overlay-opacity":"","overlay-gradient":""}},"footnotes":""},"categories":[1545,1085],"tags":[],"class_list":["post-72458","post","type-post","status-publish","format-standard","has-post-thumbnail","hentry","category-hospitales","category-noticias"],"publishpress_future_workflow_manual_trigger":{"enabledWorkflows":[]},"_links":{"self":[{"href":"https:\/\/afanoc.org\/es\/wp-json\/wp\/v2\/posts\/72458","targetHints":{"allow":["GET"]}}],"collection":[{"href":"https:\/\/afanoc.org\/es\/wp-json\/wp\/v2\/posts"}],"about":[{"href":"https:\/\/afanoc.org\/es\/wp-json\/wp\/v2\/types\/post"}],"author":[{"embeddable":true,"href":"https:\/\/afanoc.org\/es\/wp-json\/wp\/v2\/users\/693"}],"replies":[{"embeddable":true,"href":"https:\/\/afanoc.org\/es\/wp-json\/wp\/v2\/comments?post=72458"}],"version-history":[{"count":0,"href":"https:\/\/afanoc.org\/es\/wp-json\/wp\/v2\/posts\/72458\/revisions"}],"wp:featuredmedia":[{"embeddable":true,"href":"https:\/\/afanoc.org\/es\/wp-json\/wp\/v2\/media\/72449"}],"wp:attachment":[{"href":"https:\/\/afanoc.org\/es\/wp-json\/wp\/v2\/media?parent=72458"}],"wp:term":[{"taxonomy":"category","embeddable":true,"href":"https:\/\/afanoc.org\/es\/wp-json\/wp\/v2\/categories?post=72458"},{"taxonomy":"post_tag","embeddable":true,"href":"https:\/\/afanoc.org\/es\/wp-json\/wp\/v2\/tags?post=72458"}],"curies":[{"name":"wp","href":"https:\/\/api.w.org\/{rel}","templated":true}]}}