{"id":71830,"date":"2025-06-17T09:16:23","date_gmt":"2025-06-17T07:16:23","guid":{"rendered":"https:\/\/afanoc.org\/?p=71830"},"modified":"2025-06-17T09:45:21","modified_gmt":"2025-06-17T07:45:21","slug":"un-encuentro-lleno-de-arte-emocion-y-complicidades","status":"publish","type":"post","link":"https:\/\/afanoc.org\/es\/blog\/un-encuentro-lleno-de-arte-emocion-y-complicidades\/","title":{"rendered":"Un encuentro lleno de arte, emoci\u00f3n y complicidades"},"content":{"rendered":"\n<p class=\"has-medium-font-size\"><strong>La Casa de los Xuklis acoge a los cuatro artistas de las \u00faltimas ediciones del Posa&#8217;t la gorra!<\/strong><\/p>\n\n\n\n<p>Hay momentos que llegan sin avisar, pero que dejan una impronta profunda. As\u00ed ha sido el encuentro de los cuatro artistas que, a lo largo de los \u00faltimos cuatro a\u00f1os, han dise\u00f1ado nuestras gorras: un s\u00edmbolo de fuerza y \u200b\u200besperanza para ni\u00f1os y j\u00f3venes con c\u00e1ncer.  Cada uno de ellos proviene de un rinc\u00f3n distinto del mundo, con trayectorias \u00fanicas y estilos personales, y que AFANOC ha conseguido unir en un mismo gesto.<\/p>\n\n\n\n<p><strong>Mari Ito<\/strong> , artista japonesa afincada en Barcelona, \u200b\u200bfue la primera en iniciar el per\u00edodo art\u00edstico de la campa\u00f1a de 2021, y con su sensibilidad po\u00e9tica y simb\u00f3lica nos inspir\u00f3 con el lema: \u201cAy\u00fadanos a pintar futuros\u201d.<\/p>\n\n\n\n<p><strong>Tarsila Schubert<\/strong> , de origen brasile\u00f1o con base en Dubai, le puso color, energ\u00eda y vitalidad a una gorra que en 2022 nos invitaba a \u201cMirar m\u00e1s all\u00e1\u201d.<\/p>\n\n\n\n<p><strong>Xevi Gallego<\/strong> , conocido como <em>EYESORES<\/em> , es un catal\u00e1n que crea desde California con un lenguaje visual provocador y \u00fanico que nos ense\u00f1\u00f3 en \u201cAbrazar al monstruo\u201d. <\/p>\n\n\n\n<p><strong>Asis Percales<\/strong> , granadino que tambi\u00e9n ha elegido a Barcelona como hogar, aport\u00f3 su mundo <em>bizarro<\/em> lleno de fantas\u00eda y personajes curiosos, y cre\u00f3 un dise\u00f1o lleno de fuerza, el pasado 2024.<\/p>\n\n\n\n<figure class=\"wp-block-image size-full\"><img decoding=\"async\" width=\"850\" height=\"600\" src=\"https:\/\/afanoc.org\/wp-content\/uploads\/Aristes-trobada-web-850-x-600-px.jpg\" alt=\"\" class=\"wp-image-71867\" srcset=\"https:\/\/afanoc.org\/wp-content\/uploads\/Aristes-trobada-web-850-x-600-px.jpg 850w, https:\/\/afanoc.org\/wp-content\/uploads\/Aristes-trobada-web-850-x-600-px-320x226.jpg 320w, https:\/\/afanoc.org\/wp-content\/uploads\/Aristes-trobada-web-850-x-600-px-150x106.jpg 150w, https:\/\/afanoc.org\/wp-content\/uploads\/Aristes-trobada-web-850-x-600-px-768x542.jpg 768w, https:\/\/afanoc.org\/wp-content\/uploads\/Aristes-trobada-web-850-x-600-px-600x424.jpg 600w\" sizes=\"(max-width: 850px) 100vw, 850px\" \/><figcaption class=\"wp-element-caption\"><em>Photo by Vicens Artola<\/em><\/figcaption><\/figure>\n\n\n\n<p><\/p>\n\n\n\n<p>Hacer coincidir los cuatro en un mismo sitio fue casi como un peque\u00f1o milagro, teniendo en cuenta las distancias y sus agendas. Pero el encuentro fue real, c\u00e1lido e inspirador. Se conocieron, compartieron experiencias y descubrieron c\u00f3mo, a pesar de las diferencias, les une una misma mirada: la voluntad de dar, de transformar el arte en un puente de empat\u00eda. Todos coincidieron en que la gorra es algo m\u00e1s que un dise\u00f1o, es un escudo con voz propia. Y es verdad: cada gorra representa mucho m\u00e1s que un objeto. Es el s\u00edmbolo de la solidaridad que nos hace iguales a los ojos de ni\u00f1os y j\u00f3venes con c\u00e1ncer.<\/p>\n\n\n\n<figure class=\"wp-block-embed is-type-video is-provider-youtube wp-block-embed-youtube wp-embed-aspect-16-9 wp-has-aspect-ratio\"><div class=\"wp-block-embed__wrapper\">\n<div class=\"ast-oembed-container \" style=\"height: 100%;\"><iframe loading=\"lazy\" title=\"Una trobada plena d\u2019art, emoci\u00f3 i complicitats\" width=\"500\" height=\"281\" data-cookieconsent=\"estad\u00edsticas, marketing\" data-src=\"https:\/\/www.youtube.com\/embed\/h0s9_Ub9sC8?feature=oembed\" frameborder=\"0\" allow=\"accelerometer; autoplay; clipboard-write; encrypted-media; gyroscope; picture-in-picture; web-share\" referrerpolicy=\"strict-origin-when-cross-origin\" allowfullscreen><\/iframe><div class=\"cookieconsent-optout-statistics cookieconsent-optout-marketing\"><\/div><\/div>\n<\/div><\/figure>\n\n\n\n<p><\/p>\n\n\n\n<p>A nosotros, este encuentro nos recuerda por qu\u00e9 hacemos lo que hacemos. Porque, cuando el arte se pone al servicio de la solidaridad y del amor, ocurren cosas tan maravillosas como esta.<\/p>\n\n\n\n<p>Gracias, Mari, Tarsila, Xevi y Asis, por ser parte de esta historia, por acompa\u00f1arnos en este viaje, y que, entre todos, seguimos caminando bajo una gorra llena de vida.<\/p>\n\n\n\n<p><\/p>\n","protected":false},"excerpt":{"rendered":"<p>La Casa de los Xuklis acoge a los cuatro artistas de las \u00faltimas ediciones del Posa&#8217;t la gorra! Hay momentos que llegan sin avisar, pero que dejan una impronta profunda. As\u00ed ha sido el encuentro de los cuatro artistas que, a lo largo de los \u00faltimos cuatro a\u00f1os, han dise\u00f1ado nuestras gorras: un s\u00edmbolo de [&hellip;]<\/p>\n","protected":false},"author":3,"featured_media":71870,"comment_status":"closed","ping_status":"open","sticky":false,"template":"","format":"standard","meta":{"site-sidebar-layout":"default","site-content-layout":"","ast-site-content-layout":"default","site-content-style":"default","site-sidebar-style":"default","ast-global-header-display":"","ast-banner-title-visibility":"","ast-main-header-display":"","ast-hfb-above-header-display":"","ast-hfb-below-header-display":"","ast-hfb-mobile-header-display":"","site-post-title":"","ast-breadcrumbs-content":"","ast-featured-img":"","footer-sml-layout":"","theme-transparent-header-meta":"","adv-header-id-meta":"","stick-header-meta":"","header-above-stick-meta":"","header-main-stick-meta":"","header-below-stick-meta":"","astra-migrate-meta-layouts":"set","ast-page-background-enabled":"default","ast-page-background-meta":{"desktop":{"background-color":"var(--ast-global-color-4)","background-image":"","background-repeat":"repeat","background-position":"center center","background-size":"auto","background-attachment":"scroll","background-type":"","background-media":"","overlay-type":"","overlay-color":"","overlay-opacity":"","overlay-gradient":""},"tablet":{"background-color":"","background-image":"","background-repeat":"repeat","background-position":"center center","background-size":"auto","background-attachment":"scroll","background-type":"","background-media":"","overlay-type":"","overlay-color":"","overlay-opacity":"","overlay-gradient":""},"mobile":{"background-color":"","background-image":"","background-repeat":"repeat","background-position":"center center","background-size":"auto","background-attachment":"scroll","background-type":"","background-media":"","overlay-type":"","overlay-color":"","overlay-opacity":"","overlay-gradient":""}},"ast-content-background-meta":{"desktop":{"background-color":"var(--ast-global-color-5)","background-image":"","background-repeat":"repeat","background-position":"center center","background-size":"auto","background-attachment":"scroll","background-type":"","background-media":"","overlay-type":"","overlay-color":"","overlay-opacity":"","overlay-gradient":""},"tablet":{"background-color":"var(--ast-global-color-5)","background-image":"","background-repeat":"repeat","background-position":"center center","background-size":"auto","background-attachment":"scroll","background-type":"","background-media":"","overlay-type":"","overlay-color":"","overlay-opacity":"","overlay-gradient":""},"mobile":{"background-color":"var(--ast-global-color-5)","background-image":"","background-repeat":"repeat","background-position":"center center","background-size":"auto","background-attachment":"scroll","background-type":"","background-media":"","overlay-type":"","overlay-color":"","overlay-opacity":"","overlay-gradient":""}},"footnotes":""},"categories":[1085],"tags":[],"class_list":["post-71830","post","type-post","status-publish","format-standard","has-post-thumbnail","hentry","category-noticias"],"publishpress_future_workflow_manual_trigger":{"enabledWorkflows":[]},"_links":{"self":[{"href":"https:\/\/afanoc.org\/es\/wp-json\/wp\/v2\/posts\/71830","targetHints":{"allow":["GET"]}}],"collection":[{"href":"https:\/\/afanoc.org\/es\/wp-json\/wp\/v2\/posts"}],"about":[{"href":"https:\/\/afanoc.org\/es\/wp-json\/wp\/v2\/types\/post"}],"author":[{"embeddable":true,"href":"https:\/\/afanoc.org\/es\/wp-json\/wp\/v2\/users\/3"}],"replies":[{"embeddable":true,"href":"https:\/\/afanoc.org\/es\/wp-json\/wp\/v2\/comments?post=71830"}],"version-history":[{"count":0,"href":"https:\/\/afanoc.org\/es\/wp-json\/wp\/v2\/posts\/71830\/revisions"}],"wp:featuredmedia":[{"embeddable":true,"href":"https:\/\/afanoc.org\/es\/wp-json\/wp\/v2\/media\/71870"}],"wp:attachment":[{"href":"https:\/\/afanoc.org\/es\/wp-json\/wp\/v2\/media?parent=71830"}],"wp:term":[{"taxonomy":"category","embeddable":true,"href":"https:\/\/afanoc.org\/es\/wp-json\/wp\/v2\/categories?post=71830"},{"taxonomy":"post_tag","embeddable":true,"href":"https:\/\/afanoc.org\/es\/wp-json\/wp\/v2\/tags?post=71830"}],"curies":[{"name":"wp","href":"https:\/\/api.w.org\/{rel}","templated":true}]}}