{"id":71298,"date":"2025-05-13T15:43:19","date_gmt":"2025-05-13T13:43:19","guid":{"rendered":"https:\/\/afanoc.org\/blog\/els-projectes-datencio-psicosocial-i-voluntariat-reben-el-suport-de-la-fundacio-once\/"},"modified":"2025-05-16T14:57:40","modified_gmt":"2025-05-16T12:57:40","slug":"els-projectes-datencio-psicosocial-i-voluntariat-reben-el-suport-de-la-fundacio-once","status":"publish","type":"post","link":"https:\/\/afanoc.org\/es\/blog\/els-projectes-datencio-psicosocial-i-voluntariat-reben-el-suport-de-la-fundacio-once\/","title":{"rendered":"Los proyectos de Atenci\u00f3n Psicosocial y Voluntariado reciben el apoyo de la Fundaci\u00f3n ONCE"},"content":{"rendered":"\n<p class=\"has-medium-font-size\"><strong>Esta ayuda proviene del Plan de Prioridades de la Fundaci\u00f3n ONCE a trav\u00e9s de COCEMFE, la Confederaci\u00f3n Espa\u00f1ola de Personas con Discapacidad F\u00edsica y Org\u00e1nica<\/strong><\/p>\n\n<p>AFANOC vuelve a contar con el apoyo de la Fundaci\u00f3n ONCE gracias a COCEMFE, la Confederaci\u00f3n Espa\u00f1ola de Personas con Discapacidad F\u00edsica y Org\u00e1nica, de la que formamos parte como entidad. Este hecho ha permitido a AFANOC presentarse a la subvenci\u00f3n que financia la Fundaci\u00f3n ONCE, mediante la convocatoria del Plan de Prioridades. <\/p>\n\n<p>En esta convocatoria, AFANOC ha presentado dos proyectos clave: el Proyecto <a href=\"https:\/\/afanoc.org\/es\/apoyo-psicoemocional\/\" target=\"_blank\" data-type=\"link\" data-id=\"https:\/\/afanoc.org\/suport-psicoemocional\/\" rel=\"noreferrer noopener\">de Atenci\u00f3n Psicosocial<\/a> y <a href=\"https:\/\/afanoc.org\/es\/voluntariado\/\" target=\"_blank\" data-type=\"link\" data-id=\"https:\/\/afanoc.org\/es\/voluntariado\/\" rel=\"noreferrer noopener\">Voluntariado<\/a> , que se desarrolla en Tarragona y Lleida, y el Programa de Atenci\u00f3n Psicosocial de la sede de Barcelona. Estos programas tienen como objetivo fundamental mejorar la calidad de vida de los ni\u00f1os y j\u00f3venes con c\u00e1ncer, as\u00ed como la de sus familias, mediante una atenci\u00f3n psicosocial y educativa integral. Adem\u00e1s, se promueven actividades de ocio y tiempo libre y se facilita el voluntariado para dar apoyo las familias afectadas.  <\/p>\n\n<p><strong>Durante 2024, hemos proporcionado atenci\u00f3n psicosocial personalizada a 510 familias de la demarcaci\u00f3n de Barcelona, \u200b\u200b213 de Lleida y 163 de Tarragona<\/strong> . Esta asistencia se ha adaptado a las necesidades particulares de cada familia en distintos momentos. En el \u00e1mbito psicol\u00f3gico, social y educativo, hemos proporcionado servicios como el voluntariado domiciliario, el acompa\u00f1amiento psicoemocional y educativo, el apoyo social y el cuidado de los principales cuidadores\/as, as\u00ed como salidas de ocio y ocio. Adem\u00e1s, tambi\u00e9n hemos ofrecido acompa\u00f1amiento terap\u00e9utico a las familias que han tenido que afrontar el proceso de duelo por la p\u00e9rdida de un hijo\/a o adolescente a causa del c\u00e1ncer.   <\/p>\n\n<div class=\"wp-block-columns is-layout-flex wp-container-core-columns-is-layout-28f84493 wp-block-columns-is-layout-flex\">\n<div class=\"wp-block-column is-layout-flow wp-block-column-is-layout-flow\">\n<figure class=\"wp-block-image aligncenter size-full\"><img decoding=\"async\" width=\"850\" height=\"220\" src=\"https:\/\/afanoc.org\/wp-content\/uploads\/logo-once-web.png\" alt=\"\" class=\"wp-image-71293\" srcset=\"https:\/\/afanoc.org\/wp-content\/uploads\/logo-once-web.png 850w, https:\/\/afanoc.org\/wp-content\/uploads\/logo-once-web-320x83.png 320w, https:\/\/afanoc.org\/wp-content\/uploads\/logo-once-web-150x39.png 150w, https:\/\/afanoc.org\/wp-content\/uploads\/logo-once-web-768x199.png 768w, https:\/\/afanoc.org\/wp-content\/uploads\/logo-once-web-600x155.png 600w\" sizes=\"(max-width: 850px) 100vw, 850px\" \/><\/figure>\n<\/div>\n<\/div>\n\n<p><\/p>\n","protected":false},"excerpt":{"rendered":"<p>Esta ayuda proviene del Plan de Prioridades de la Fundaci\u00f3n ONCE a trav\u00e9s de COCEMFE, la Confederaci\u00f3n Espa\u00f1ola de Personas con Discapacidad F\u00edsica y Org\u00e1nica AFANOC vuelve a contar con el apoyo de la Fundaci\u00f3n ONCE gracias a COCEMFE, la Confederaci\u00f3n Espa\u00f1ola de Personas con Discapacidad F\u00edsica y Org\u00e1nica, de la que formamos parte como [&hellip;]<\/p>\n","protected":false},"author":693,"featured_media":71335,"comment_status":"closed","ping_status":"open","sticky":false,"template":"","format":"standard","meta":{"site-sidebar-layout":"default","site-content-layout":"","ast-site-content-layout":"default","site-content-style":"default","site-sidebar-style":"default","ast-global-header-display":"","ast-banner-title-visibility":"","ast-main-header-display":"","ast-hfb-above-header-display":"","ast-hfb-below-header-display":"","ast-hfb-mobile-header-display":"","site-post-title":"","ast-breadcrumbs-content":"","ast-featured-img":"","footer-sml-layout":"","theme-transparent-header-meta":"","adv-header-id-meta":"","stick-header-meta":"","header-above-stick-meta":"","header-main-stick-meta":"","header-below-stick-meta":"","astra-migrate-meta-layouts":"set","ast-page-background-enabled":"default","ast-page-background-meta":{"desktop":{"background-color":"var(--ast-global-color-4)","background-image":"","background-repeat":"repeat","background-position":"center center","background-size":"auto","background-attachment":"scroll","background-type":"","background-media":"","overlay-type":"","overlay-color":"","overlay-opacity":"","overlay-gradient":""},"tablet":{"background-color":"","background-image":"","background-repeat":"repeat","background-position":"center center","background-size":"auto","background-attachment":"scroll","background-type":"","background-media":"","overlay-type":"","overlay-color":"","overlay-opacity":"","overlay-gradient":""},"mobile":{"background-color":"","background-image":"","background-repeat":"repeat","background-position":"center center","background-size":"auto","background-attachment":"scroll","background-type":"","background-media":"","overlay-type":"","overlay-color":"","overlay-opacity":"","overlay-gradient":""}},"ast-content-background-meta":{"desktop":{"background-color":"var(--ast-global-color-5)","background-image":"","background-repeat":"repeat","background-position":"center center","background-size":"auto","background-attachment":"scroll","background-type":"","background-media":"","overlay-type":"","overlay-color":"","overlay-opacity":"","overlay-gradient":""},"tablet":{"background-color":"var(--ast-global-color-5)","background-image":"","background-repeat":"repeat","background-position":"center center","background-size":"auto","background-attachment":"scroll","background-type":"","background-media":"","overlay-type":"","overlay-color":"","overlay-opacity":"","overlay-gradient":""},"mobile":{"background-color":"var(--ast-global-color-5)","background-image":"","background-repeat":"repeat","background-position":"center center","background-size":"auto","background-attachment":"scroll","background-type":"","background-media":"","overlay-type":"","overlay-color":"","overlay-opacity":"","overlay-gradient":""}},"footnotes":""},"categories":[1085],"tags":[],"class_list":["post-71298","post","type-post","status-publish","format-standard","has-post-thumbnail","hentry","category-noticias"],"publishpress_future_workflow_manual_trigger":{"enabledWorkflows":[]},"_links":{"self":[{"href":"https:\/\/afanoc.org\/es\/wp-json\/wp\/v2\/posts\/71298","targetHints":{"allow":["GET"]}}],"collection":[{"href":"https:\/\/afanoc.org\/es\/wp-json\/wp\/v2\/posts"}],"about":[{"href":"https:\/\/afanoc.org\/es\/wp-json\/wp\/v2\/types\/post"}],"author":[{"embeddable":true,"href":"https:\/\/afanoc.org\/es\/wp-json\/wp\/v2\/users\/693"}],"replies":[{"embeddable":true,"href":"https:\/\/afanoc.org\/es\/wp-json\/wp\/v2\/comments?post=71298"}],"version-history":[{"count":0,"href":"https:\/\/afanoc.org\/es\/wp-json\/wp\/v2\/posts\/71298\/revisions"}],"wp:featuredmedia":[{"embeddable":true,"href":"https:\/\/afanoc.org\/es\/wp-json\/wp\/v2\/media\/71335"}],"wp:attachment":[{"href":"https:\/\/afanoc.org\/es\/wp-json\/wp\/v2\/media?parent=71298"}],"wp:term":[{"taxonomy":"category","embeddable":true,"href":"https:\/\/afanoc.org\/es\/wp-json\/wp\/v2\/categories?post=71298"},{"taxonomy":"post_tag","embeddable":true,"href":"https:\/\/afanoc.org\/es\/wp-json\/wp\/v2\/tags?post=71298"}],"curies":[{"name":"wp","href":"https:\/\/api.w.org\/{rel}","templated":true}]}}