{"id":71066,"date":"2025-04-29T09:14:37","date_gmt":"2025-04-29T07:14:37","guid":{"rendered":"https:\/\/afanoc.org\/blog\/gracies-per-compartir-la-diada-de-sant-jordi-amb-lafanoc\/"},"modified":"2025-04-29T10:11:43","modified_gmt":"2025-04-29T08:11:43","slug":"gracies-per-compartir-la-diada-de-sant-jordi-amb-lafanoc","status":"publish","type":"post","link":"https:\/\/afanoc.org\/es\/blog\/gracies-per-compartir-la-diada-de-sant-jordi-amb-lafanoc\/","title":{"rendered":"Gracias por compartir la Diada de Sant Jordi con AFANOC"},"content":{"rendered":"\n<p class=\"has-medium-font-size\"><strong><strong>El d\u00eda 23 de abril vivimos una jornada llena de solidaridad en la calle y en los hospitales<\/strong><\/strong> <strong>donde estamos presentes<\/strong><\/p>\n\n\n\n<p>La Diada de Sant Jordi es el d\u00eda que llenamos las calles y plazas de Catalunya de rosas y libros como muestra de amor y amistad. Un d\u00eda que, adem\u00e1s, es expresi\u00f3n de solidaridad. Por eso, como en AFANOC siempre salimos a la calle con stands informativos para explicar nuestros proyectos y, a la vez, conseguir recursos a trav\u00e9s de la venta de libros, como <strong><a href=\"https:\/\/afanoc.org\/es\/tienda-solidaria\/el-gran-libro-de-los-xuklis\/\" target=\"_blank\" data-type=\"link\" data-id=\"https:\/\/afanoc.org\/botiga-solidaria\/el-gran-llibre-dels-xuklis\/\" rel=\"noreferrer noopener\">El Gran Libro de los Xuklis<\/a><\/strong> , novedad de este a\u00f1o; el merchandising y rosas solidarias, entre otras propuestas pensadas exclusivamente para la ocasi\u00f3n. Tambi\u00e9n lo celebramos en los hospitales donde estamos presentes, con actividades para los ni\u00f1os y adolescentes que est\u00e1n ingresados, y en la Casa dels Xuklis.    <\/p>\n\n\n\n<p>Gracias por apoyarnos y acercaros a las paradas de la Avenida de la Catedral y del Instituto Narc\u00eds Monturiol de Barcelona, y del restaurante Ginesta y Les Del\u00edcies d&#8217;en Tallada; de la Rambla Nova de Tarragona y de la plaza del Castell de Reus y de la Residencia Ballesol; de Lleida, Agramunt, Torrefarrera y Puigverd de Lleida; y en Girona.<\/p>\n\n\n\n<div style=\"height:24px\" aria-hidden=\"true\" class=\"wp-block-spacer\"><\/div>\n\n\n\n<figure class=\"wp-block-image size-full\"><img decoding=\"async\" width=\"850\" height=\"457\" src=\"https:\/\/afanoc.org\/wp-content\/uploads\/sant-jordi.jpg\" alt=\"\" class=\"wp-image-71058\" srcset=\"https:\/\/afanoc.org\/wp-content\/uploads\/sant-jordi.jpg 850w, https:\/\/afanoc.org\/wp-content\/uploads\/sant-jordi-320x172.jpg 320w, https:\/\/afanoc.org\/wp-content\/uploads\/sant-jordi-150x81.jpg 150w, https:\/\/afanoc.org\/wp-content\/uploads\/sant-jordi-768x413.jpg 768w, https:\/\/afanoc.org\/wp-content\/uploads\/sant-jordi-600x323.jpg 600w\" sizes=\"(max-width: 850px) 100vw, 850px\" \/><\/figure>\n\n\n\n<div style=\"height:27px\" aria-hidden=\"true\" class=\"wp-block-spacer\"><\/div>\n\n\n\n<p>Queremos hacer un agradecimiento muy especial al equipo de voluntariado de la entidad, quien ha hecho posible que la jornada fuera tan exitosa. Adem\u00e1s, desde Lleida destacamos el apoyo de la colaboradora <a href=\"https:\/\/www.instagram.com\/dulce_crochetme\/\" target=\"_blank\" rel=\"noopener\">Dulcecrochet<\/a> , <a href=\"https:\/\/www.instagram.com\/afa_marededeudelsocos\/\" target=\"_blank\" data-type=\"link\" data-id=\"https:\/\/www.instagram.com\/afa_marededeudelsocos\/\" rel=\"noreferrer noopener\">la AFA Mare de D\u00e9u del Soc\u00f3s,<\/a> <a href=\"https:\/\/www.jocdelabola.cat\/\" target=\"_blank\" rel=\"noopener\">la Escuela el Joc de la Bola de Lleida,<\/a> la Asociaci\u00f3n de Dones l&#8217;Amistat de Torrefarrera, <a href=\"https:\/\/agora.xtec.cat\/esc-stjordi-puigverdlleida\/ampa\/\" target=\"_blank\" rel=\"noopener\">el AMPA Nostre Terra de Puigverd de Lleida<\/a>, de los Ayuntamientos de <a href=\"https:\/\/almatret.cat\/\" target=\"_blank\" rel=\"noopener\">Almatret<\/a> y <a href=\"https:\/\/bellvis.cat\/\" target=\"_blank\" rel=\"noopener\">Bellv\u00eds, <\/a><a href=\"https:\/\/groupsalto.com\/ca\/\" target=\"_blank\" rel=\"noopener\">del Grupo Salt\u00f3<\/a> <a href=\"https:\/\/enarabox.com\/\" target=\"_blank\" rel=\"noopener\">y Enara Box. <br><\/a> <\/p>\n\n\n\n<div style=\"height:42px\" aria-hidden=\"true\" class=\"wp-block-spacer\"><\/div>\n\n\n\n<div class=\"wp-block-buttons is-content-justification-center is-layout-flex wp-container-core-buttons-is-layout-a89b3969 wp-block-buttons-is-layout-flex\">\n<div class=\"wp-block-button\"><a class=\"wp-block-button__link wp-element-button\" href=\"https:\/\/www.flickr.com\/photos\/afanoc\/albums\/72177720316471863\/\" target=\"_blank\" rel=\"noreferrer noopener\"><strong>FOTOGRAF\u00cdAS DE LA DIADA<\/strong><\/a><\/div>\n<\/div>\n\n\n\n<p><\/p>\n","protected":false},"excerpt":{"rendered":"<p>El d\u00eda 23 de abril vivimos una jornada llena de solidaridad en la calle y en los hospitales donde estamos presentes La Diada de Sant Jordi es el d\u00eda que llenamos las calles y plazas de Catalunya de rosas y libros como muestra de amor y amistad. Un d\u00eda que, adem\u00e1s, es expresi\u00f3n de solidaridad. [&hellip;]<\/p>\n","protected":false},"author":693,"featured_media":71061,"comment_status":"closed","ping_status":"open","sticky":false,"template":"","format":"standard","meta":{"site-sidebar-layout":"default","site-content-layout":"","ast-site-content-layout":"default","site-content-style":"default","site-sidebar-style":"default","ast-global-header-display":"","ast-banner-title-visibility":"","ast-main-header-display":"","ast-hfb-above-header-display":"","ast-hfb-below-header-display":"","ast-hfb-mobile-header-display":"","site-post-title":"","ast-breadcrumbs-content":"","ast-featured-img":"","footer-sml-layout":"","theme-transparent-header-meta":"","adv-header-id-meta":"","stick-header-meta":"","header-above-stick-meta":"","header-main-stick-meta":"","header-below-stick-meta":"","astra-migrate-meta-layouts":"set","ast-page-background-enabled":"default","ast-page-background-meta":{"desktop":{"background-color":"var(--ast-global-color-4)","background-image":"","background-repeat":"repeat","background-position":"center center","background-size":"auto","background-attachment":"scroll","background-type":"","background-media":"","overlay-type":"","overlay-color":"","overlay-opacity":"","overlay-gradient":""},"tablet":{"background-color":"","background-image":"","background-repeat":"repeat","background-position":"center center","background-size":"auto","background-attachment":"scroll","background-type":"","background-media":"","overlay-type":"","overlay-color":"","overlay-opacity":"","overlay-gradient":""},"mobile":{"background-color":"","background-image":"","background-repeat":"repeat","background-position":"center center","background-size":"auto","background-attachment":"scroll","background-type":"","background-media":"","overlay-type":"","overlay-color":"","overlay-opacity":"","overlay-gradient":""}},"ast-content-background-meta":{"desktop":{"background-color":"var(--ast-global-color-5)","background-image":"","background-repeat":"repeat","background-position":"center center","background-size":"auto","background-attachment":"scroll","background-type":"","background-media":"","overlay-type":"","overlay-color":"","overlay-opacity":"","overlay-gradient":""},"tablet":{"background-color":"var(--ast-global-color-5)","background-image":"","background-repeat":"repeat","background-position":"center center","background-size":"auto","background-attachment":"scroll","background-type":"","background-media":"","overlay-type":"","overlay-color":"","overlay-opacity":"","overlay-gradient":""},"mobile":{"background-color":"var(--ast-global-color-5)","background-image":"","background-repeat":"repeat","background-position":"center center","background-size":"auto","background-attachment":"scroll","background-type":"","background-media":"","overlay-type":"","overlay-color":"","overlay-opacity":"","overlay-gradient":""}},"footnotes":""},"categories":[1571,1545,1559],"tags":[],"class_list":["post-71066","post","type-post","status-publish","format-standard","has-post-thumbnail","hentry","category-escuelas-es","category-hospitales","category-voluntariado"],"publishpress_future_workflow_manual_trigger":{"enabledWorkflows":[]},"_links":{"self":[{"href":"https:\/\/afanoc.org\/es\/wp-json\/wp\/v2\/posts\/71066","targetHints":{"allow":["GET"]}}],"collection":[{"href":"https:\/\/afanoc.org\/es\/wp-json\/wp\/v2\/posts"}],"about":[{"href":"https:\/\/afanoc.org\/es\/wp-json\/wp\/v2\/types\/post"}],"author":[{"embeddable":true,"href":"https:\/\/afanoc.org\/es\/wp-json\/wp\/v2\/users\/693"}],"replies":[{"embeddable":true,"href":"https:\/\/afanoc.org\/es\/wp-json\/wp\/v2\/comments?post=71066"}],"version-history":[{"count":0,"href":"https:\/\/afanoc.org\/es\/wp-json\/wp\/v2\/posts\/71066\/revisions"}],"wp:featuredmedia":[{"embeddable":true,"href":"https:\/\/afanoc.org\/es\/wp-json\/wp\/v2\/media\/71061"}],"wp:attachment":[{"href":"https:\/\/afanoc.org\/es\/wp-json\/wp\/v2\/media?parent=71066"}],"wp:term":[{"taxonomy":"category","embeddable":true,"href":"https:\/\/afanoc.org\/es\/wp-json\/wp\/v2\/categories?post=71066"},{"taxonomy":"post_tag","embeddable":true,"href":"https:\/\/afanoc.org\/es\/wp-json\/wp\/v2\/tags?post=71066"}],"curies":[{"name":"wp","href":"https:\/\/api.w.org\/{rel}","templated":true}]}}