{"id":70518,"date":"2025-03-25T12:43:18","date_gmt":"2025-03-25T10:43:18","guid":{"rendered":"https:\/\/afanoc.org\/?p=70518"},"modified":"2025-03-25T15:32:15","modified_gmt":"2025-03-25T13:32:15","slug":"el-proxim-5-dabril-revelarem-el-nou-himne-del-posat-la-gorra-a-carrec-dels-xiula","status":"publish","type":"post","link":"https:\/\/afanoc.org\/es\/blog\/el-proxim-5-dabril-revelarem-el-nou-himne-del-posat-la-gorra-a-carrec-dels-xiula\/","title":{"rendered":"El pr\u00f3ximo 5 de abril revelaremos el nuevo himno del &#8216;Posa&#8217;t la gorra!&#8217; a cargo de XIULA"},"content":{"rendered":"\n<p class=\"has-medium-font-size\"><strong>La campa\u00f1a m\u00e1s representativa de AFANOC ya cuenta con su propio himno que se dar\u00e1 conocer, con motivo de sus 25 a\u00f1os de trayectoria, en el Auditorio del Palau Robert<\/strong> <strong>de Barcelona.<\/strong><\/p>\n\n<p>Hace tiempo que desde AFANOC se ve\u00eda la necesidad de tener la canci\u00f3n del <strong>\u201cPonte la gorra!\u201d,<\/strong> pero no era f\u00e1cil, ten\u00eda que hablar de una realidad dif\u00edcil y al mismo tiempo transmitir positivismo, trasladar esa mirada tierna, sensible, respetuosa y, a la vez, con una m\u00fasica en\u00e9rgica, festiva.<\/p>\n\n<p>Y es que para hablar la de la realidad del c\u00e1ncer infantil en t\u00e9rminos de normalizaci\u00f3n es necesario hacer pedagog\u00eda y la m\u00fasica es una herramienta suficientemente potente para alcanzar este objetivo.<\/p>\n\n<p>En AFANOC s\u00f3lo pod\u00edamos pensar en un grupo que fuera capaz de asumir este reto, los XIULA, formado por <strong>Jan Garrido<\/strong> , <strong>Rikki Arjuna<\/strong> , <strong>Adri\u00e0 Heredia<\/strong> y <strong>Marc Soto<\/strong> , m\u00fasicos sensibles, letristas ingeniosos y educadores sociales con un punto de rebeld\u00eda, constructores de canciones con contenido educativo amor y humor.<\/p>\n\n<figure class=\"wp-block-image size-full\"><img decoding=\"async\" width=\"850\" height=\"600\" src=\"https:\/\/afanoc.org\/wp-content\/uploads\/850x6001.jpg\" alt=\"\" class=\"wp-image-70448\" srcset=\"https:\/\/afanoc.org\/wp-content\/uploads\/850x6001.jpg 850w, https:\/\/afanoc.org\/wp-content\/uploads\/850x6001-320x226.jpg 320w, https:\/\/afanoc.org\/wp-content\/uploads\/850x6001-150x106.jpg 150w, https:\/\/afanoc.org\/wp-content\/uploads\/850x6001-768x542.jpg 768w, https:\/\/afanoc.org\/wp-content\/uploads\/850x6001-600x424.jpg 600w\" sizes=\"(max-width: 850px) 100vw, 850px\" \/><figcaption class=\"wp-element-caption\"><em>Jan, Marc, Adri\u00e0 y Rikki, componentes del grupo XIULA.<\/em><\/figcaption><\/figure>\n\n<p><\/p>\n\n<p>El acto cerrar\u00e1 la ronda de actividades que se han llevado a cabo relacionadas con la exposici\u00f3n \u00abUnivers Xukli?\u00bb y se iniciar\u00e1 con la lectura de un manifiesto por parte de j\u00f3venes que han sufrido un c\u00e1ncer. Hay que recordar, que la campa\u00f1a del Posa&#8217;t la Gorra! parte de la necesidad de compartir con la sociedad la realidad de los ni\u00f1os, adolescentes y j\u00f3venes con c\u00e1ncer y sus familias. <\/p>\n\n<p>\u00c9ste es su principal objetivo: hacer p\u00fablico un manifiesto para dar visibilidad esta realidad. Una forma de recordar a la sociedad que el proceso del c\u00e1ncer infantil puede transitarse si se cuenta con el acompa\u00f1amiento, los soportes necesarios y, sobre todo, con la empat\u00eda y la complicidad de todos los agentes implicados. Un mensaje, dif\u00edcil y contundente, pero alejado de dramatismos.  <\/p>\n\n<p>Un encargo que XIULA ha ejecutado de forma impecable, aqu\u00ed os dejamos la primera estrofa de la canci\u00f3n. (Traducida del original en catal\u00e1n)<\/p>\n\n<p><em><strong>Cae, cae, cae el cabello a trompicones<\/strong><\/em><br\/><em><strong>es un dado, dado, dado, que toca algunas veces<\/strong><\/em><br\/><em><strong>es jugar en los extremos,<\/strong><\/em><br\/><em><strong>crecer antes de tiempo,<\/strong><\/em><br\/><em><strong>remar sin remos, pero con abrazos<\/strong><\/em><\/p>\n\n<p>\u00a1Ven a conocer el resto y a cantarlo con nosotros!<\/p>\n\n<p>El acto es gratuito, pero el aforo es limitado. Para acceder, es necesario realizar inscripci\u00f3n previa a trav\u00e9s de este <a href=\"https:\/\/www.notikumi.com\/channel\/afanoc\/2025\/4\/5\/afanoc-i-xiula-presenten-lhimne-del-posat-la-gorra\" target=\"_blank\" rel=\"noopener\">enlace:<\/a> <\/p>\n\n<div class=\"wp-block-buttons is-content-justification-center is-layout-flex wp-container-core-buttons-is-layout-a89b3969 wp-block-buttons-is-layout-flex\">\n<div class=\"wp-block-button\"><a class=\"wp-block-button__link wp-element-button\" href=\"https:\/\/www.notikumi.com\/channel\/afanoc\/2025\/4\/5\/afanoc-i-xiula-presenten-lhimne-del-posat-la-gorra\" target=\"_blank\" rel=\"noopener\"><strong>\u00a1INSCR\u00cdBETE!<\/strong>  <\/a><\/div>\n<\/div>\n\n<p><\/p>\n\n<p class=\"has-text-align-center has-vivid-red-color has-text-color has-link-color wp-elements-ee9baef552877a0a4d0ec3189b53739d\">* <strong>VEN CON LA GORRA QUE M\u00c1S TE GUSTE DE CUALQUIER EDICI\u00d3N DEL POSA&#8217;T LA GORRA!, PERO SI TE LA OLVIDAS LA PODR\u00c1S ADQUIRIR ALL\u00cd MISMO.<\/strong><\/p>\n\n<p><\/p>\n\n<div class=\"wp-block-buttons is-layout-flex wp-block-buttons-is-layout-flex\"><\/div>\n\n<p><\/p>\n","protected":false},"excerpt":{"rendered":"<p>La campa\u00f1a m\u00e1s representativa de AFANOC ya cuenta con su propio himno que se dar\u00e1 conocer, con motivo de sus 25 a\u00f1os de trayectoria, en el Auditorio del Palau Robert de Barcelona. Hace tiempo que desde AFANOC se ve\u00eda la necesidad de tener la canci\u00f3n del \u201cPonte la gorra!\u201d, pero no era f\u00e1cil, ten\u00eda que [&hellip;]<\/p>\n","protected":false},"author":3,"featured_media":70452,"comment_status":"closed","ping_status":"open","sticky":false,"template":"","format":"standard","meta":{"site-sidebar-layout":"default","site-content-layout":"","ast-site-content-layout":"default","site-content-style":"default","site-sidebar-style":"default","ast-global-header-display":"","ast-banner-title-visibility":"","ast-main-header-display":"","ast-hfb-above-header-display":"","ast-hfb-below-header-display":"","ast-hfb-mobile-header-display":"","site-post-title":"","ast-breadcrumbs-content":"","ast-featured-img":"","footer-sml-layout":"","theme-transparent-header-meta":"","adv-header-id-meta":"","stick-header-meta":"","header-above-stick-meta":"","header-main-stick-meta":"","header-below-stick-meta":"","astra-migrate-meta-layouts":"default","ast-page-background-enabled":"default","ast-page-background-meta":{"desktop":{"background-color":"var(--ast-global-color-4)","background-image":"","background-repeat":"repeat","background-position":"center center","background-size":"auto","background-attachment":"scroll","background-type":"","background-media":"","overlay-type":"","overlay-color":"","overlay-opacity":"","overlay-gradient":""},"tablet":{"background-color":"","background-image":"","background-repeat":"repeat","background-position":"center center","background-size":"auto","background-attachment":"scroll","background-type":"","background-media":"","overlay-type":"","overlay-color":"","overlay-opacity":"","overlay-gradient":""},"mobile":{"background-color":"","background-image":"","background-repeat":"repeat","background-position":"center center","background-size":"auto","background-attachment":"scroll","background-type":"","background-media":"","overlay-type":"","overlay-color":"","overlay-opacity":"","overlay-gradient":""}},"ast-content-background-meta":{"desktop":{"background-color":"var(--ast-global-color-5)","background-image":"","background-repeat":"repeat","background-position":"center center","background-size":"auto","background-attachment":"scroll","background-type":"","background-media":"","overlay-type":"","overlay-color":"","overlay-opacity":"","overlay-gradient":""},"tablet":{"background-color":"var(--ast-global-color-5)","background-image":"","background-repeat":"repeat","background-position":"center center","background-size":"auto","background-attachment":"scroll","background-type":"","background-media":"","overlay-type":"","overlay-color":"","overlay-opacity":"","overlay-gradient":""},"mobile":{"background-color":"var(--ast-global-color-5)","background-image":"","background-repeat":"repeat","background-position":"center center","background-size":"auto","background-attachment":"scroll","background-type":"","background-media":"","overlay-type":"","overlay-color":"","overlay-opacity":"","overlay-gradient":""}},"footnotes":""},"categories":[1095,1543,1487,1085],"tags":[],"class_list":["post-70518","post","type-post","status-publish","format-standard","has-post-thumbnail","hentry","category-actividades","category-familias","category-home-es-2","category-noticias"],"publishpress_future_workflow_manual_trigger":{"enabledWorkflows":[]},"_links":{"self":[{"href":"https:\/\/afanoc.org\/es\/wp-json\/wp\/v2\/posts\/70518","targetHints":{"allow":["GET"]}}],"collection":[{"href":"https:\/\/afanoc.org\/es\/wp-json\/wp\/v2\/posts"}],"about":[{"href":"https:\/\/afanoc.org\/es\/wp-json\/wp\/v2\/types\/post"}],"author":[{"embeddable":true,"href":"https:\/\/afanoc.org\/es\/wp-json\/wp\/v2\/users\/3"}],"replies":[{"embeddable":true,"href":"https:\/\/afanoc.org\/es\/wp-json\/wp\/v2\/comments?post=70518"}],"version-history":[{"count":0,"href":"https:\/\/afanoc.org\/es\/wp-json\/wp\/v2\/posts\/70518\/revisions"}],"wp:featuredmedia":[{"embeddable":true,"href":"https:\/\/afanoc.org\/es\/wp-json\/wp\/v2\/media\/70452"}],"wp:attachment":[{"href":"https:\/\/afanoc.org\/es\/wp-json\/wp\/v2\/media?parent=70518"}],"wp:term":[{"taxonomy":"category","embeddable":true,"href":"https:\/\/afanoc.org\/es\/wp-json\/wp\/v2\/categories?post=70518"},{"taxonomy":"post_tag","embeddable":true,"href":"https:\/\/afanoc.org\/es\/wp-json\/wp\/v2\/tags?post=70518"}],"curies":[{"name":"wp","href":"https:\/\/api.w.org\/{rel}","templated":true}]}}