{"id":70372,"date":"2025-03-18T15:23:03","date_gmt":"2025-03-18T13:23:03","guid":{"rendered":"https:\/\/afanoc.org\/blog\/la-guia-per-a-docents-demostra-ser-un-instrument-essencial-i-valuos\/"},"modified":"2025-03-18T15:37:48","modified_gmt":"2025-03-18T13:37:48","slug":"la-guia-per-a-docents-demostra-ser-un-instrument-essencial-i-valuos","status":"publish","type":"post","link":"https:\/\/afanoc.org\/es\/blog\/la-guia-per-a-docents-demostra-ser-un-instrument-essencial-i-valuos\/","title":{"rendered":"La Gu\u00eda para Docentes demuestra ser un instrumento esencial y valioso"},"content":{"rendered":"\n<p class=\"has-medium-font-size\"><strong>As\u00ed lo corroboran los profesionales del \u00e1mbito educativo despu\u00e9s de su aplicaci\u00f3n<\/strong><\/p>\n\n\n\n<p>Cuatro a\u00f1os despu\u00e9s de la presentaci\u00f3n en los cines Girona de la \u00ab<strong>Gu\u00eda para Docentes, tener una o una alumno con c\u00e1ncer\u00bb,<\/strong> la exposici\u00f3n \u00abUnivers Xukli?\u00bb ha brindado la ocasi\u00f3n de hablar de nuevo de este recurso, en formato de mesa redonda, y escuchar las experiencias que ha generado.<\/p>\n\n\n\n<p>As\u00ed, el pasado d\u00eda 15 de marzo, el <strong>Auditorio del Palau Robert de Barcelona<\/strong> acogi\u00f3 este acto cargado de valores y emotividad donde varios profesionales en el \u00e1mbito educativo evidenciaron y ratificaron la necesidad de tener esta gu\u00eda como herramienta indispensable ante posibles casos de alumnos en procesos oncol\u00f3gicos.<\/p>\n\n\n\n<p>La periodista y actriz catalana <strong>Sara Loscos<\/strong> fue la encargada de dinamizar el acto y, despu\u00e9s de una breve introducci\u00f3n, dio paso a <strong>Irene Costa y Jose Moreno<\/strong>, coordinadores del \u00e1rea educativa de AFANOC, que pusieron en contexto el contenido de la gu\u00eda donde se especifica cu\u00e1l debe ser el papel del centro educativo en el tratamiento de la enfermedad, regreso al centro educativo, la reca\u00edda o el final de vida.<\/p>\n\n\n\n<p> \u00abEn esta herramienta, no hay recetas m\u00e1gicas ni ideas innovadoras, sino que se refuerza el sentido com\u00fan, fruto de la experiencia, y se traslada la visi\u00f3n e identidad de lo que es AFANOC\u00bb, asegur\u00f3 Costa. \u201cEl diagn\u00f3stico y el proceso de la enfermedad es un momento de mucha incertidumbre y, por eso, es muy importante trabajar de forma cohesionada entre el equipo docente, que exista una coordinaci\u00f3n fluida entre los profesionales que toman parte y prestar especial atenci\u00f3n a los hermanos y hermanas\u201d, apunt\u00f3 Moreno. <\/p>\n\n\n\n<div style=\"height:22px\" aria-hidden=\"true\" class=\"wp-block-spacer\"><\/div>\n\n\n\n<figure class=\"wp-block-gallery has-nested-images columns-default is-cropped wp-block-gallery-1 is-layout-flex wp-block-gallery-is-layout-flex\">\n<figure class=\"wp-block-image size-large\"><img decoding=\"async\" width=\"850\" height=\"450\" data-id=\"70366\" src=\"https:\/\/afanoc.org\/wp-content\/uploads\/guia-docents-taula-rodona.jpg\" alt=\"\" class=\"wp-image-70366\" srcset=\"https:\/\/afanoc.org\/wp-content\/uploads\/guia-docents-taula-rodona.jpg 850w, https:\/\/afanoc.org\/wp-content\/uploads\/guia-docents-taula-rodona-320x169.jpg 320w, https:\/\/afanoc.org\/wp-content\/uploads\/guia-docents-taula-rodona-150x79.jpg 150w, https:\/\/afanoc.org\/wp-content\/uploads\/guia-docents-taula-rodona-768x407.jpg 768w, https:\/\/afanoc.org\/wp-content\/uploads\/guia-docents-taula-rodona-600x318.jpg 600w\" sizes=\"(max-width: 850px) 100vw, 850px\" \/><\/figure>\n<\/figure>\n\n\n\n<p><em>De izquierda a derecha: Sara Loscos, N\u00faria Cars\u00ed, Andrea Basave, Cristina Bertran, Jose Moreno e Irene Costa. <\/em><\/p>\n\n\n\n<div style=\"height:24px\" aria-hidden=\"true\" class=\"wp-block-spacer\"><\/div>\n\n\n\n<p>La mesa redonda estuvo formada por la enfermera consultora cl\u00ednica y responsable del programa de atenci\u00f3n al duelo y del \u00e1rea educativa de AFANOC, <strong>N\u00faria Cars\u00ed;<\/strong> la docente del aula hospitalaria de Sant Joan de D\u00e9u, <strong>Andrea Basave<\/strong> y la directora de la escuela Dolors Monserd\u00e0-Santapau, <strong>Cristina Bertran.<\/strong><\/p>\n\n\n\n<p>\u00abEl diagn\u00f3stico de un ni\u00f1o con c\u00e1ncer es un choque muy grande para la escuela y, el hecho de tener la Gu\u00eda, te da una seguridad que antes no ten\u00edamos\u00bb, comparti\u00f3 <strong>Cristina Bertran<\/strong>. Durante la hospitalizaci\u00f3n, los ni\u00f1os y ni\u00f1as, y adolescentes, cuentan con distintos recursos y espacios para continuar su desarrollo y dar respuesta a las necesidades educativas y sociales. Un espacio son las aulas hospitalarias como las que hay en el Hospital Sant Joan de D\u00e9u, de la cual es docente <strong>Andrea Basave<\/strong>: \u201cEl centro educativo da estabilidad al alumno\/a y, por eso, cuando no puede acudir, es importante trabajar en red, para facilitar, en un futuro, su reincorporaci\u00f3n\u201d.<\/p>\n\n\n\n<p>La responsable del programa de atenci\u00f3n al duelo de AFANOC, <strong>N\u00faria Cars\u00ed<\/strong>, coincidi\u00f3 en esta idea afirmando que \u201cla escuela es un lugar seguro para los alumnos y alumnas, donde se pueden expresar en momentos dif\u00edciles como pueden ser la distancia o p\u00e9rdida de un compa\u00f1ero\/a\u201d. En este sentido, Cars\u00ed explic\u00f3 experiencias que algunas escuelas han puesto en pr\u00e1ctica frente a estas situaciones como dejar el pupitre vac\u00edo del alumno\/a con su nombre o con un s\u00edmbolo; o bien, plantar un \u00e1rbol en el patio en su recuerdo. Adem\u00e1s, subray\u00f3 que la Gu\u00eda es una herramienta viva que es necesario ir actualizando y adaptando al nuevo contexto social.  <\/p>\n\n\n\n<p>&gt; Desc\u00e1rgate la Gu\u00eda, <a href=\"https:\/\/afanoc.org\/es\/guia-docentes\/\" data-type=\"link\" data-id=\"https:\/\/afanoc.org\/guia-docents\/\" target=\"_blank\" rel=\"noreferrer noopener\"><strong>aqu\u00ed<\/strong><\/a>. <\/p>\n\n\n\n<p>> Si has utilizado la Gu\u00eda en alguna ocasi\u00f3n,<a href=\"https:\/\/docs.google.com\/forms\/d\/e\/1FAIpQLSfH1nBKZrF7TK8RBBe-Sif2-h7RRo2e2lyQ_4JllEYnd0agsQ\/viewform?mc_cid=aac2a53509&amp;mc_eid=6dd5834f3a\" data-type=\"link\" data-id=\"https:\/\/docs.google.com\/forms\/d\/e\/1FAIpQLSfH1nBKZrF7TK8RBBe-Sif2-h7RRo2e2lyQ_4JllEYnd0agsQ\/viewform?mc_cid=aac2a53509&amp;mc_eid=6dd5834f3a\" target=\"_blank\" rel=\"noreferrer noopener\"><strong> \u00a1expl\u00edcanos tu experiencia!<\/strong><\/a><\/p>\n\n\n\n<div style=\"height:36px\" aria-hidden=\"true\" class=\"wp-block-spacer\"><\/div>\n\n\n\n<div class=\"wp-block-buttons is-content-justification-center is-layout-flex wp-container-core-buttons-is-layout-a89b3969 wp-block-buttons-is-layout-flex\">\n<div class=\"wp-block-button has-custom-width wp-block-button__width-50\"><a class=\"wp-block-button__link has-ast-global-color-5-color has-text-color has-link-color has-text-align-center wp-element-button\" href=\"https:\/\/flickr.com\/photos\/afanoc\/albums\/72177720324477518\" target=\"_blank\" rel=\"noreferrer noopener\"><strong>FOTOGRAF\u00cdAS DEL ACTO<\/strong><\/a><\/div>\n<\/div>\n\n\n\n<p><\/p>\n","protected":false},"excerpt":{"rendered":"<p>As\u00ed lo corroboran los profesionales del \u00e1mbito educativo despu\u00e9s de su aplicaci\u00f3n Cuatro a\u00f1os despu\u00e9s de la presentaci\u00f3n en los cines Girona de la \u00abGu\u00eda para Docentes, tener una o una alumno con c\u00e1ncer\u00bb, la exposici\u00f3n \u00abUnivers Xukli?\u00bb ha brindado la ocasi\u00f3n de hablar de nuevo de este recurso, en formato de mesa redonda, y [&hellip;]<\/p>\n","protected":false},"author":693,"featured_media":70370,"comment_status":"closed","ping_status":"open","sticky":false,"template":"","format":"standard","meta":{"site-sidebar-layout":"default","site-content-layout":"","ast-site-content-layout":"default","site-content-style":"default","site-sidebar-style":"default","ast-global-header-display":"","ast-banner-title-visibility":"","ast-main-header-display":"","ast-hfb-above-header-display":"","ast-hfb-below-header-display":"","ast-hfb-mobile-header-display":"","site-post-title":"","ast-breadcrumbs-content":"","ast-featured-img":"","footer-sml-layout":"","theme-transparent-header-meta":"","adv-header-id-meta":"","stick-header-meta":"","header-above-stick-meta":"","header-main-stick-meta":"","header-below-stick-meta":"","astra-migrate-meta-layouts":"set","ast-page-background-enabled":"default","ast-page-background-meta":{"desktop":{"background-color":"var(--ast-global-color-4)","background-image":"","background-repeat":"repeat","background-position":"center center","background-size":"auto","background-attachment":"scroll","background-type":"","background-media":"","overlay-type":"","overlay-color":"","overlay-opacity":"","overlay-gradient":""},"tablet":{"background-color":"","background-image":"","background-repeat":"repeat","background-position":"center center","background-size":"auto","background-attachment":"scroll","background-type":"","background-media":"","overlay-type":"","overlay-color":"","overlay-opacity":"","overlay-gradient":""},"mobile":{"background-color":"","background-image":"","background-repeat":"repeat","background-position":"center center","background-size":"auto","background-attachment":"scroll","background-type":"","background-media":"","overlay-type":"","overlay-color":"","overlay-opacity":"","overlay-gradient":""}},"ast-content-background-meta":{"desktop":{"background-color":"var(--ast-global-color-5)","background-image":"","background-repeat":"repeat","background-position":"center center","background-size":"auto","background-attachment":"scroll","background-type":"","background-media":"","overlay-type":"","overlay-color":"","overlay-opacity":"","overlay-gradient":""},"tablet":{"background-color":"var(--ast-global-color-5)","background-image":"","background-repeat":"repeat","background-position":"center center","background-size":"auto","background-attachment":"scroll","background-type":"","background-media":"","overlay-type":"","overlay-color":"","overlay-opacity":"","overlay-gradient":""},"mobile":{"background-color":"var(--ast-global-color-5)","background-image":"","background-repeat":"repeat","background-position":"center center","background-size":"auto","background-attachment":"scroll","background-type":"","background-media":"","overlay-type":"","overlay-color":"","overlay-opacity":"","overlay-gradient":""}},"footnotes":""},"categories":[1085,1545],"tags":[],"class_list":["post-70372","post","type-post","status-publish","format-standard","has-post-thumbnail","hentry","category-noticias","category-hospitales"],"publishpress_future_workflow_manual_trigger":{"enabledWorkflows":[]},"_links":{"self":[{"href":"https:\/\/afanoc.org\/es\/wp-json\/wp\/v2\/posts\/70372","targetHints":{"allow":["GET"]}}],"collection":[{"href":"https:\/\/afanoc.org\/es\/wp-json\/wp\/v2\/posts"}],"about":[{"href":"https:\/\/afanoc.org\/es\/wp-json\/wp\/v2\/types\/post"}],"author":[{"embeddable":true,"href":"https:\/\/afanoc.org\/es\/wp-json\/wp\/v2\/users\/693"}],"replies":[{"embeddable":true,"href":"https:\/\/afanoc.org\/es\/wp-json\/wp\/v2\/comments?post=70372"}],"version-history":[{"count":0,"href":"https:\/\/afanoc.org\/es\/wp-json\/wp\/v2\/posts\/70372\/revisions"}],"wp:featuredmedia":[{"embeddable":true,"href":"https:\/\/afanoc.org\/es\/wp-json\/wp\/v2\/media\/70370"}],"wp:attachment":[{"href":"https:\/\/afanoc.org\/es\/wp-json\/wp\/v2\/media?parent=70372"}],"wp:term":[{"taxonomy":"category","embeddable":true,"href":"https:\/\/afanoc.org\/es\/wp-json\/wp\/v2\/categories?post=70372"},{"taxonomy":"post_tag","embeddable":true,"href":"https:\/\/afanoc.org\/es\/wp-json\/wp\/v2\/tags?post=70372"}],"curies":[{"name":"wp","href":"https:\/\/api.w.org\/{rel}","templated":true}]}}