{"id":69987,"date":"2025-03-03T12:00:10","date_gmt":"2025-03-03T10:00:10","guid":{"rendered":"https:\/\/afanoc.org\/?p=69987"},"modified":"2025-03-05T14:38:58","modified_gmt":"2025-03-05T12:38:58","slug":"experiencies-en-laplicacio-de-la-guia-per-a-docents-tenir-un-o-una-alumna-amb-cancer-a-laula","status":"publish","type":"post","link":"https:\/\/afanoc.org\/es\/blog\/experiencies-en-laplicacio-de-la-guia-per-a-docents-tenir-un-o-una-alumna-amb-cancer-a-laula\/","title":{"rendered":"Experiencias en la aplicaci\u00f3n de la Gu\u00eda para docentes \u00abTener un o una alumna con c\u00e1ncer en el aula\u00bb"},"content":{"rendered":"\n<p>En el marco de la exposici\u00f3n \u201cUnivers Xukli? Posa&#8217;t la gorra, explora&#8217;l al Palau Robert\u201d, el <strong>pr\u00f3ximo s\u00e1bado 15 de marzo, a las 12 horas<\/strong>, <strong>en el auditorio del Palau Robert,<\/strong> organizaremos una mesa redonda con profesionales vinculados al \u00e1mbito educativo que utilizan o han utilizado la Gu\u00eda para docentes de AFANOC en su d\u00eda a d\u00eda. El acto, pensado para los claustros de los centros educativos, as\u00ed como para el p\u00fablico en general, quiere dar a conocer esta herramienta educativa y sus repercusiones.<\/p>\n\n\n\n<figure class=\"wp-block-image size-full\"><img decoding=\"async\" width=\"850\" height=\"600\" src=\"https:\/\/afanoc.org\/wp-content\/uploads\/850x600.jpg\" alt=\"\" class=\"wp-image-69981\" srcset=\"https:\/\/afanoc.org\/wp-content\/uploads\/850x600.jpg 850w, https:\/\/afanoc.org\/wp-content\/uploads\/850x600-320x226.jpg 320w, https:\/\/afanoc.org\/wp-content\/uploads\/850x600-150x106.jpg 150w, https:\/\/afanoc.org\/wp-content\/uploads\/850x600-768x542.jpg 768w, https:\/\/afanoc.org\/wp-content\/uploads\/850x600-600x424.jpg 600w\" sizes=\"(max-width: 850px) 100vw, 850px\" \/><\/figure>\n\n\n\n<p><\/p>\n\n\n\n<p>Intervendr\u00e1n:<\/p>\n\n\n\n<ul class=\"wp-block-list\">\n<li><strong>Irene Costa<\/strong>, coordinadora de voluntariado y del \u00e1rea educativa de AFANOC.<\/li>\n\n\n\n<li><strong>Jose Moreno<\/strong>, coordinador de actividades, voluntariado y del \u00e1rea educativa de AFANOC.<\/li>\n<\/ul>\n\n\n\n<p>Se contar\u00e1 con la experiencia de los siguientes profesionales:<\/p>\n\n\n\n<ul class=\"wp-block-list\">\n<li><strong>N\u00faria Cars\u00ed,<\/strong> enfermera consultora cl\u00ednica y responsable del programa de atenci\u00f3n al duelo y del \u00e1rea educativa de AFANOC.<\/li>\n\n\n\n<li><strong>Andrea Basave<\/strong>, docente del aula hospitalaria de Sant Joan de D\u00e9u.<\/li>\n\n\n\n<li><strong>Cristina Bertran<\/strong>, directora de la escuela p\u00fablica Dolors Monserd\u00e0-Santapau de Barcelona.<\/li>\n<\/ul>\n\n\n\n<p><strong>El acto ser\u00e1 presentado por la periodista y actriz catalana<\/strong>, <strong>Sara Loscos<\/strong>, miembro del equipo del programa matinal de TV3 &#8216;Tot es mou&#8217;.<\/p>\n\n\n\n<p><strong>\u00a1Res\u00e9rvate la fecha!<\/strong><\/p>\n","protected":false},"excerpt":{"rendered":"<p>En el marco de la exposici\u00f3n \u201cUnivers Xukli? Posa&#8217;t la gorra, explora&#8217;l al Palau Robert\u201d, el pr\u00f3ximo s\u00e1bado 15 de marzo, a las 12 horas, en el auditorio del Palau Robert, organizaremos una mesa redonda con profesionales vinculados al \u00e1mbito educativo que utilizan o han utilizado la Gu\u00eda para docentes de AFANOC en su d\u00eda [&hellip;]<\/p>\n","protected":false},"author":3,"featured_media":69985,"comment_status":"closed","ping_status":"open","sticky":false,"template":"","format":"standard","meta":{"site-sidebar-layout":"default","site-content-layout":"","ast-site-content-layout":"default","site-content-style":"default","site-sidebar-style":"default","ast-global-header-display":"","ast-banner-title-visibility":"","ast-main-header-display":"","ast-hfb-above-header-display":"","ast-hfb-below-header-display":"","ast-hfb-mobile-header-display":"","site-post-title":"","ast-breadcrumbs-content":"","ast-featured-img":"","footer-sml-layout":"","theme-transparent-header-meta":"","adv-header-id-meta":"","stick-header-meta":"","header-above-stick-meta":"","header-main-stick-meta":"","header-below-stick-meta":"","astra-migrate-meta-layouts":"set","ast-page-background-enabled":"default","ast-page-background-meta":{"desktop":{"background-color":"var(--ast-global-color-4)","background-image":"","background-repeat":"repeat","background-position":"center center","background-size":"auto","background-attachment":"scroll","background-type":"","background-media":"","overlay-type":"","overlay-color":"","overlay-opacity":"","overlay-gradient":""},"tablet":{"background-color":"","background-image":"","background-repeat":"repeat","background-position":"center center","background-size":"auto","background-attachment":"scroll","background-type":"","background-media":"","overlay-type":"","overlay-color":"","overlay-opacity":"","overlay-gradient":""},"mobile":{"background-color":"","background-image":"","background-repeat":"repeat","background-position":"center center","background-size":"auto","background-attachment":"scroll","background-type":"","background-media":"","overlay-type":"","overlay-color":"","overlay-opacity":"","overlay-gradient":""}},"ast-content-background-meta":{"desktop":{"background-color":"var(--ast-global-color-5)","background-image":"","background-repeat":"repeat","background-position":"center center","background-size":"auto","background-attachment":"scroll","background-type":"","background-media":"","overlay-type":"","overlay-color":"","overlay-opacity":"","overlay-gradient":""},"tablet":{"background-color":"var(--ast-global-color-5)","background-image":"","background-repeat":"repeat","background-position":"center center","background-size":"auto","background-attachment":"scroll","background-type":"","background-media":"","overlay-type":"","overlay-color":"","overlay-opacity":"","overlay-gradient":""},"mobile":{"background-color":"var(--ast-global-color-5)","background-image":"","background-repeat":"repeat","background-position":"center center","background-size":"auto","background-attachment":"scroll","background-type":"","background-media":"","overlay-type":"","overlay-color":"","overlay-opacity":"","overlay-gradient":""}},"footnotes":""},"categories":[1085,1095,1487],"tags":[],"class_list":["post-69987","post","type-post","status-publish","format-standard","has-post-thumbnail","hentry","category-noticias","category-actividades","category-home-es-2"],"publishpress_future_workflow_manual_trigger":{"enabledWorkflows":[]},"_links":{"self":[{"href":"https:\/\/afanoc.org\/es\/wp-json\/wp\/v2\/posts\/69987","targetHints":{"allow":["GET"]}}],"collection":[{"href":"https:\/\/afanoc.org\/es\/wp-json\/wp\/v2\/posts"}],"about":[{"href":"https:\/\/afanoc.org\/es\/wp-json\/wp\/v2\/types\/post"}],"author":[{"embeddable":true,"href":"https:\/\/afanoc.org\/es\/wp-json\/wp\/v2\/users\/3"}],"replies":[{"embeddable":true,"href":"https:\/\/afanoc.org\/es\/wp-json\/wp\/v2\/comments?post=69987"}],"version-history":[{"count":0,"href":"https:\/\/afanoc.org\/es\/wp-json\/wp\/v2\/posts\/69987\/revisions"}],"wp:featuredmedia":[{"embeddable":true,"href":"https:\/\/afanoc.org\/es\/wp-json\/wp\/v2\/media\/69985"}],"wp:attachment":[{"href":"https:\/\/afanoc.org\/es\/wp-json\/wp\/v2\/media?parent=69987"}],"wp:term":[{"taxonomy":"category","embeddable":true,"href":"https:\/\/afanoc.org\/es\/wp-json\/wp\/v2\/categories?post=69987"},{"taxonomy":"post_tag","embeddable":true,"href":"https:\/\/afanoc.org\/es\/wp-json\/wp\/v2\/tags?post=69987"}],"curies":[{"name":"wp","href":"https:\/\/api.w.org\/{rel}","templated":true}]}}