{"id":69853,"date":"2025-02-24T10:44:55","date_gmt":"2025-02-24T08:44:55","guid":{"rendered":"https:\/\/afanoc.org\/blog\/el-1r-barometre-del-cancer-i-treball-a-espanya-es-presenta-davant-la-comissio-de-salut-del-parlament\/"},"modified":"2025-02-24T10:48:57","modified_gmt":"2025-02-24T08:48:57","slug":"el-1r-barometre-del-cancer-i-treball-a-espanya-es-presenta-davant-la-comissio-de-salut-del-parlament","status":"publish","type":"post","link":"https:\/\/afanoc.org\/es\/blog\/el-1r-barometre-del-cancer-i-treball-a-espanya-es-presenta-davant-la-comissio-de-salut-del-parlament\/","title":{"rendered":"El 1er Bar\u00f3metro del C\u00e1ncer y Trabajo en Espa\u00f1a se presenta ante la Comisi\u00f3n de Salud del Parlament"},"content":{"rendered":"\n<p class=\"has-medium-font-size\"><strong>La comparecencia cont\u00f3 con una representaci\u00f3n de la Federaci\u00f3n Catalana de Entidades contra el C\u00e1ncer (FECEC), de donde es miembro AFANOC<\/strong><\/p>\n\n<p>La presidenta de la <a href=\"https:\/\/juntscontraelcancer.cat\/\" target=\"_blank\" data-type=\"link\" data-id=\"https:\/\/juntscontraelcancer.cat\/\" rel=\"noreferrer noopener\">FECEC,<\/a> Maria Assumpci\u00f3 Vil\u00e0, y la gerente, Clara Ros\u00e0s, presentaron el pasado d\u00eda 20 de febrero, a la Comisi\u00f3n de Salud del Parlamento, presidida por el diputado Carles Campuzano, los principales datos, conclusiones y recomendaciones del <a href=\"https:\/\/juntscontraelcancer.cat\/wp-content\/uploads\/2024\/10\/DEFINITIU_1er_Barometro-de-Cancer-y-Trabajo-en-Espana-2024_CAT.pdf\" target=\"_blank\" data-type=\"link\" data-id=\"https:\/\/juntscontraelcancer.cat\/wp-content\/uploads\/2024\/10\/DEFINITIU_1er_Barometro-de-Cancer-y-Trabajo-en-Espana-2024_CAT.pdf\" rel=\"noreferrer noopener\">Primer Bar\u00f3metro del C\u00e1ncer y Trabajo en Espa\u00f1a<\/a> publicados en octubre de 2024. actual, los retos y necesidades de las personas con c\u00e1ncer en su entorno laboral. <\/p>\n\n<div style=\"height:17px\" aria-hidden=\"true\" class=\"wp-block-spacer\"><\/div>\n\n<figure class=\"wp-block-image size-full\"><img decoding=\"async\" width=\"850\" height=\"450\" src=\"https:\/\/afanoc.org\/wp-content\/uploads\/barometre-comissio-parlament.jpg\" alt=\"\" class=\"wp-image-69847\" srcset=\"https:\/\/afanoc.org\/wp-content\/uploads\/barometre-comissio-parlament.jpg 850w, https:\/\/afanoc.org\/wp-content\/uploads\/barometre-comissio-parlament-320x169.jpg 320w, https:\/\/afanoc.org\/wp-content\/uploads\/barometre-comissio-parlament-150x79.jpg 150w, https:\/\/afanoc.org\/wp-content\/uploads\/barometre-comissio-parlament-768x407.jpg 768w, https:\/\/afanoc.org\/wp-content\/uploads\/barometre-comissio-parlament-600x318.jpg 600w\" sizes=\"(max-width: 850px) 100vw, 850px\" \/><\/figure>\n\n<p><em>A la izquierda de la foto, la gerente de la FECEC, Clara Ros\u00e0s, y la presidenta de la entidad, Maria Assumpci\u00f3 Vil\u00e0.<\/em><\/p>\n\n<div style=\"height:21px\" aria-hidden=\"true\" class=\"wp-block-spacer\"><\/div>\n\n<p>En este orden de intervenciones, los distintos diputados reconocieron la labor realizada por la FECEC Junts contra el C\u00e0ncer y resaltaron la importancia de los datos presentados. Al mismo tiempo, apoyaron las recomendaciones presentadas: el retorno progresivo y adaptado de las personas con c\u00e1ncer a sus trabajos una vez superada la enfermedad; fomentar protocolos para gestionar el impacto del c\u00e1ncer en el trabajo e impulsar una reforma legislativa que garantice una mejor protecci\u00f3n sociolaboral para los trabajadores que padecen una larga enfermedad como es el c\u00e1ncer. <\/p>\n\n<p>Como representante de AFANOC asisti\u00f3 Josep Cruz, miembro de la Junta y tesorero de la entidad.  <\/p>\n","protected":false},"excerpt":{"rendered":"<p>La comparecencia cont\u00f3 con una representaci\u00f3n de la Federaci\u00f3n Catalana de Entidades contra el C\u00e1ncer (FECEC), de donde es miembro AFANOC La presidenta de la FECEC, Maria Assumpci\u00f3 Vil\u00e0, y la gerente, Clara Ros\u00e0s, presentaron el pasado d\u00eda 20 de febrero, a la Comisi\u00f3n de Salud del Parlamento, presidida por el diputado Carles Campuzano, los [&hellip;]<\/p>\n","protected":false},"author":693,"featured_media":69850,"comment_status":"closed","ping_status":"open","sticky":false,"template":"","format":"standard","meta":{"site-sidebar-layout":"default","site-content-layout":"","ast-site-content-layout":"default","site-content-style":"default","site-sidebar-style":"default","ast-global-header-display":"","ast-banner-title-visibility":"","ast-main-header-display":"","ast-hfb-above-header-display":"","ast-hfb-below-header-display":"","ast-hfb-mobile-header-display":"","site-post-title":"","ast-breadcrumbs-content":"","ast-featured-img":"","footer-sml-layout":"","theme-transparent-header-meta":"","adv-header-id-meta":"","stick-header-meta":"","header-above-stick-meta":"","header-main-stick-meta":"","header-below-stick-meta":"","astra-migrate-meta-layouts":"default","ast-page-background-enabled":"default","ast-page-background-meta":{"desktop":{"background-color":"var(--ast-global-color-4)","background-image":"","background-repeat":"repeat","background-position":"center center","background-size":"auto","background-attachment":"scroll","background-type":"","background-media":"","overlay-type":"","overlay-color":"","overlay-opacity":"","overlay-gradient":""},"tablet":{"background-color":"","background-image":"","background-repeat":"repeat","background-position":"center center","background-size":"auto","background-attachment":"scroll","background-type":"","background-media":"","overlay-type":"","overlay-color":"","overlay-opacity":"","overlay-gradient":""},"mobile":{"background-color":"","background-image":"","background-repeat":"repeat","background-position":"center center","background-size":"auto","background-attachment":"scroll","background-type":"","background-media":"","overlay-type":"","overlay-color":"","overlay-opacity":"","overlay-gradient":""}},"ast-content-background-meta":{"desktop":{"background-color":"var(--ast-global-color-5)","background-image":"","background-repeat":"repeat","background-position":"center center","background-size":"auto","background-attachment":"scroll","background-type":"","background-media":"","overlay-type":"","overlay-color":"","overlay-opacity":"","overlay-gradient":""},"tablet":{"background-color":"var(--ast-global-color-5)","background-image":"","background-repeat":"repeat","background-position":"center center","background-size":"auto","background-attachment":"scroll","background-type":"","background-media":"","overlay-type":"","overlay-color":"","overlay-opacity":"","overlay-gradient":""},"mobile":{"background-color":"var(--ast-global-color-5)","background-image":"","background-repeat":"repeat","background-position":"center center","background-size":"auto","background-attachment":"scroll","background-type":"","background-media":"","overlay-type":"","overlay-color":"","overlay-opacity":"","overlay-gradient":""}},"footnotes":""},"categories":[1085],"tags":[],"class_list":["post-69853","post","type-post","status-publish","format-standard","has-post-thumbnail","hentry","category-noticias"],"publishpress_future_workflow_manual_trigger":{"enabledWorkflows":[]},"_links":{"self":[{"href":"https:\/\/afanoc.org\/es\/wp-json\/wp\/v2\/posts\/69853","targetHints":{"allow":["GET"]}}],"collection":[{"href":"https:\/\/afanoc.org\/es\/wp-json\/wp\/v2\/posts"}],"about":[{"href":"https:\/\/afanoc.org\/es\/wp-json\/wp\/v2\/types\/post"}],"author":[{"embeddable":true,"href":"https:\/\/afanoc.org\/es\/wp-json\/wp\/v2\/users\/693"}],"replies":[{"embeddable":true,"href":"https:\/\/afanoc.org\/es\/wp-json\/wp\/v2\/comments?post=69853"}],"version-history":[{"count":0,"href":"https:\/\/afanoc.org\/es\/wp-json\/wp\/v2\/posts\/69853\/revisions"}],"wp:featuredmedia":[{"embeddable":true,"href":"https:\/\/afanoc.org\/es\/wp-json\/wp\/v2\/media\/69850"}],"wp:attachment":[{"href":"https:\/\/afanoc.org\/es\/wp-json\/wp\/v2\/media?parent=69853"}],"wp:term":[{"taxonomy":"category","embeddable":true,"href":"https:\/\/afanoc.org\/es\/wp-json\/wp\/v2\/categories?post=69853"},{"taxonomy":"post_tag","embeddable":true,"href":"https:\/\/afanoc.org\/es\/wp-json\/wp\/v2\/tags?post=69853"}],"curies":[{"name":"wp","href":"https:\/\/api.w.org\/{rel}","templated":true}]}}