{"id":69631,"date":"2025-02-17T16:46:46","date_gmt":"2025-02-17T14:46:46","guid":{"rendered":"https:\/\/afanoc.org\/blog\/la-historia-de-lorigen-dels-xuklis-recollida-en-un-conte\/"},"modified":"2025-02-17T16:48:57","modified_gmt":"2025-02-17T14:48:57","slug":"la-historia-de-lorigen-dels-xuklis-recollida-en-un-conte","status":"publish","type":"post","link":"https:\/\/afanoc.org\/es\/blog\/la-historia-de-lorigen-dels-xuklis-recollida-en-un-conte\/","title":{"rendered":"La historia del origen de los Xuklis, recogida en un cuento"},"content":{"rendered":"\n<p class=\"has-medium-font-size\"><strong>El libro se ha presentado coincidiendo con el D\u00eda Internacional del C\u00e1ncer Infantil, el 15 de febrero, y en el marco de la exposici\u00f3n \u201cUnivers Xukli?, posa&#8217;t la gorra y explora&#8217;l al Palau Robert\u201d.<\/strong><\/p>\n\n<p>Un sue\u00f1o completo y un hito m\u00e1s conseguido. Despu\u00e9s de muchos a\u00f1os, AFANOC cuenta con una publicaci\u00f3n que da a conocer la historia del origen de estos seres fant\u00e1sticos tan antiguos como la humanidad: los Xuklis. Un secreto que ha estado guardado desde hace muchos siglos y que ahora, con motivo del D\u00eda Internacional del C\u00e1ncer Infantil, ha visto la luz en forma de cuento. Est\u00e1 dedicado a todos los ni\u00f1os y ni\u00f1as que han vivido o viven la enfermedad del c\u00e1ncer.   <\/p>\n\n<p>El cuentacuentos <strong>Blai Senabre<\/strong> , voluntario de AFANOC en el Hospital Vall d&#8217;Hebron, abri\u00f3 el acto de presentaci\u00f3n explicando, de una manera muy din\u00e1mica y divertida, todos los asistentes c\u00f3mo y cu\u00e1ndo se descubrieron los Xuklis. \u00a1Fue en un Congreso de cient\u00edficos e inventores de todo el mundo en Collserola! Y dio respuesta a por qu\u00e9 hay tantos Xuklis en el mundo. Encontrar\u00e9is la respuesta en el libro.   <\/p>\n\n<div style=\"height:23px\" aria-hidden=\"true\" class=\"wp-block-spacer\"><\/div>\n\n<figure class=\"wp-block-gallery has-nested-images columns-default is-cropped wp-block-gallery-1 is-layout-flex wp-block-gallery-is-layout-flex\">\n<figure class=\"wp-block-image size-large\"><img decoding=\"async\" width=\"850\" height=\"400\" data-id=\"69623\" src=\"https:\/\/afanoc.org\/wp-content\/uploads\/presentacio-llibre-xukli.jpg\" alt=\"\" class=\"wp-image-69623\" srcset=\"https:\/\/afanoc.org\/wp-content\/uploads\/presentacio-llibre-xukli.jpg 850w, https:\/\/afanoc.org\/wp-content\/uploads\/presentacio-llibre-xukli-320x151.jpg 320w, https:\/\/afanoc.org\/wp-content\/uploads\/presentacio-llibre-xukli-150x71.jpg 150w, https:\/\/afanoc.org\/wp-content\/uploads\/presentacio-llibre-xukli-768x361.jpg 768w, https:\/\/afanoc.org\/wp-content\/uploads\/presentacio-llibre-xukli-600x282.jpg 600w\" sizes=\"(max-width: 850px) 100vw, 850px\" \/><\/figure>\n<\/figure>\n\n<p><em>Blai Senabre fue el encargado de contar el cuento a peque\u00f1os y mayores.  <\/em><\/p>\n\n<div style=\"height:22px\" aria-hidden=\"true\" class=\"wp-block-spacer\"><\/div>\n\n<p>La segunda parte del acto consisti\u00f3 en una mesa redonda, conducida por el reconocido periodista del TN Comarcas de TV3, <strong>Pere Bosch,<\/strong> con todas las partes implicadas en este libro: el autor del libro, <strong>Jaume Buix\u00f3<\/strong> , la ilustradora, <strong>Marta Capdevila<\/strong> , la dise\u00f1adora <strong>Helena Batet<\/strong> y, de los \u00abpadres\u00bb de los Xuklis, <strong>Dani Freixes<\/strong> . Tambi\u00e9n intervinieron dos representantes de AFANOC, <strong>Maite Golmayo<\/strong> y <strong>Gina Pla<\/strong> , del \u00e1rea de Comunicaci\u00f3n de la entidad. <\/p>\n\n<p>Gracias a las an\u00e9cdotas y experiencias compartidas por todos ellos y ellas supimos cu\u00e1ndo y c\u00f3mo empez\u00f3 a gestarse el proyecto del libro, la implicaci\u00f3n de cada uno de ellos as\u00ed como el origen de los Xuklis y c\u00f3mo se empezaron a instalar en los hospitales y en la Casa.<\/p>\n\n<div style=\"height:19px\" aria-hidden=\"true\" class=\"wp-block-spacer\"><\/div>\n\n<figure class=\"wp-block-gallery has-nested-images columns-default is-cropped wp-block-gallery-2 is-layout-flex wp-block-gallery-is-layout-flex\">\n<figure class=\"wp-block-image size-large\"><img decoding=\"async\" width=\"850\" height=\"400\" data-id=\"69626\" src=\"https:\/\/afanoc.org\/wp-content\/uploads\/taula-rodona-llibre.jpg\" alt=\"\" class=\"wp-image-69626\" srcset=\"https:\/\/afanoc.org\/wp-content\/uploads\/taula-rodona-llibre.jpg 850w, https:\/\/afanoc.org\/wp-content\/uploads\/taula-rodona-llibre-320x151.jpg 320w, https:\/\/afanoc.org\/wp-content\/uploads\/taula-rodona-llibre-150x71.jpg 150w, https:\/\/afanoc.org\/wp-content\/uploads\/taula-rodona-llibre-768x361.jpg 768w, https:\/\/afanoc.org\/wp-content\/uploads\/taula-rodona-llibre-600x282.jpg 600w\" sizes=\"(max-width: 850px) 100vw, 850px\" \/><\/figure>\n<\/figure>\n\n<p><em>De izquierda a derecha: Pedro Bosch, Maite Golmayo, Gina Pla, Dani Freixes, Roser Capdevila, Jaume Buix\u00f3, Helena Batet y Marta Capdevila.  <\/em><\/p>\n\n<div style=\"height:21px\" aria-hidden=\"true\" class=\"wp-block-spacer\"><\/div>\n\n<p>\u201cMe llena de felicidad este libro, ha sido un honor poder escribirlo y colaborar con la gran labor que hace AFANOC. Me lo han puesto todo muy f\u00e1cil\u201d, manifest\u00f3 el autor del cuento, Jaume Buix\u00f3.<\/p>\n\n<p>El libro, que puede ser el inicio de futuras publicaciones, se puede adquirir en la <a href=\"https:\/\/afanoc.org\/es\/tienda-solidaria\/el-gran-libro-de-los-xuklis\/\" target=\"_blank\" data-type=\"link\" data-id=\"https:\/\/afanoc.org\/botiga-solidaria\/el-gran-llibre-dels-xuklis\/\" rel=\"noreferrer noopener\">tienda solidaria de la web<\/a> y en las <a href=\"https:\/\/afanoc.org\/es\/sedes\/\" target=\"_blank\" data-type=\"link\" data-id=\"https:\/\/afanoc.org\/seus\/\" rel=\"noreferrer noopener\">sedes de AFANOC<\/a> (Barcelona, \u200b\u200bTarragona, Lleida y Girona).<\/p>\n\n<p><\/p>\n","protected":false},"excerpt":{"rendered":"<p>El libro se ha presentado coincidiendo con el D\u00eda Internacional del C\u00e1ncer Infantil, el 15 de febrero, y en el marco de la exposici\u00f3n \u201cUnivers Xukli?, posa&#8217;t la gorra y explora&#8217;l al Palau Robert\u201d. Un sue\u00f1o completo y un hito m\u00e1s conseguido. Despu\u00e9s de muchos a\u00f1os, AFANOC cuenta con una publicaci\u00f3n que da a conocer [&hellip;]<\/p>\n","protected":false},"author":693,"featured_media":69630,"comment_status":"closed","ping_status":"open","sticky":false,"template":"","format":"standard","meta":{"site-sidebar-layout":"default","site-content-layout":"","ast-site-content-layout":"default","site-content-style":"default","site-sidebar-style":"default","ast-global-header-display":"","ast-banner-title-visibility":"","ast-main-header-display":"","ast-hfb-above-header-display":"","ast-hfb-below-header-display":"","ast-hfb-mobile-header-display":"","site-post-title":"","ast-breadcrumbs-content":"","ast-featured-img":"","footer-sml-layout":"","theme-transparent-header-meta":"","adv-header-id-meta":"","stick-header-meta":"","header-above-stick-meta":"","header-main-stick-meta":"","header-below-stick-meta":"","astra-migrate-meta-layouts":"default","ast-page-background-enabled":"default","ast-page-background-meta":{"desktop":{"background-color":"var(--ast-global-color-4)","background-image":"","background-repeat":"repeat","background-position":"center center","background-size":"auto","background-attachment":"scroll","background-type":"","background-media":"","overlay-type":"","overlay-color":"","overlay-opacity":"","overlay-gradient":""},"tablet":{"background-color":"","background-image":"","background-repeat":"repeat","background-position":"center center","background-size":"auto","background-attachment":"scroll","background-type":"","background-media":"","overlay-type":"","overlay-color":"","overlay-opacity":"","overlay-gradient":""},"mobile":{"background-color":"","background-image":"","background-repeat":"repeat","background-position":"center center","background-size":"auto","background-attachment":"scroll","background-type":"","background-media":"","overlay-type":"","overlay-color":"","overlay-opacity":"","overlay-gradient":""}},"ast-content-background-meta":{"desktop":{"background-color":"var(--ast-global-color-5)","background-image":"","background-repeat":"repeat","background-position":"center center","background-size":"auto","background-attachment":"scroll","background-type":"","background-media":"","overlay-type":"","overlay-color":"","overlay-opacity":"","overlay-gradient":""},"tablet":{"background-color":"var(--ast-global-color-5)","background-image":"","background-repeat":"repeat","background-position":"center center","background-size":"auto","background-attachment":"scroll","background-type":"","background-media":"","overlay-type":"","overlay-color":"","overlay-opacity":"","overlay-gradient":""},"mobile":{"background-color":"var(--ast-global-color-5)","background-image":"","background-repeat":"repeat","background-position":"center center","background-size":"auto","background-attachment":"scroll","background-type":"","background-media":"","overlay-type":"","overlay-color":"","overlay-opacity":"","overlay-gradient":""}},"footnotes":""},"categories":[1095,1085],"tags":[],"class_list":["post-69631","post","type-post","status-publish","format-standard","has-post-thumbnail","hentry","category-actividades","category-noticias"],"publishpress_future_workflow_manual_trigger":{"enabledWorkflows":[]},"_links":{"self":[{"href":"https:\/\/afanoc.org\/es\/wp-json\/wp\/v2\/posts\/69631","targetHints":{"allow":["GET"]}}],"collection":[{"href":"https:\/\/afanoc.org\/es\/wp-json\/wp\/v2\/posts"}],"about":[{"href":"https:\/\/afanoc.org\/es\/wp-json\/wp\/v2\/types\/post"}],"author":[{"embeddable":true,"href":"https:\/\/afanoc.org\/es\/wp-json\/wp\/v2\/users\/693"}],"replies":[{"embeddable":true,"href":"https:\/\/afanoc.org\/es\/wp-json\/wp\/v2\/comments?post=69631"}],"version-history":[{"count":0,"href":"https:\/\/afanoc.org\/es\/wp-json\/wp\/v2\/posts\/69631\/revisions"}],"wp:featuredmedia":[{"embeddable":true,"href":"https:\/\/afanoc.org\/es\/wp-json\/wp\/v2\/media\/69630"}],"wp:attachment":[{"href":"https:\/\/afanoc.org\/es\/wp-json\/wp\/v2\/media?parent=69631"}],"wp:term":[{"taxonomy":"category","embeddable":true,"href":"https:\/\/afanoc.org\/es\/wp-json\/wp\/v2\/categories?post=69631"},{"taxonomy":"post_tag","embeddable":true,"href":"https:\/\/afanoc.org\/es\/wp-json\/wp\/v2\/tags?post=69631"}],"curies":[{"name":"wp","href":"https:\/\/api.w.org\/{rel}","templated":true}]}}