{"id":69585,"date":"2025-02-14T14:54:24","date_gmt":"2025-02-14T12:54:24","guid":{"rendered":"https:\/\/afanoc.org\/blog\/lunivers-xukli-obre-les-seves-portes-al-palau-robert\/"},"modified":"2025-02-14T14:59:00","modified_gmt":"2025-02-14T12:59:00","slug":"lunivers-xukli-obre-les-seves-portes-al-palau-robert","status":"publish","type":"post","link":"https:\/\/afanoc.org\/es\/blog\/lunivers-xukli-obre-les-seves-portes-al-palau-robert\/","title":{"rendered":"El Universo Xukli abre sus puertas en el Palau Robert"},"content":{"rendered":"\n<p class=\"has-medium-font-size\"><strong>El D\u00eda Internacional del C\u00e1ncer Infantil de este a\u00f1o es especial en AFANOC: celebramos tres aniversarios con una exposici\u00f3n retrospectiva sobre nuestra labor que se podr\u00e1 visitar hasta el 21 de abril.<\/strong><\/p>\n\n\n\n<p>Cerca de cuarenta a\u00f1os de la entidad, veinticinco de la campa\u00f1a \u201cPosa&#8217;t la gorra!\u201d y quince de La Casa dels Xuklis, motivos m\u00e1s que suficientes para contar nuestra historia desde el centro de difusi\u00f3n m\u00e1s importante de nuestro pa\u00eds, el <a href=\"https:\/\/palaurobert.gencat.cat\/ca\/detall\/activitat-agenda\/130225INAUGXUKLI\" target=\"_blank\" data-type=\"link\" data-id=\"https:\/\/palaurobert.gencat.cat\/ca\/detall\/activitat-agenda\/130225INAUGXUKLI\" rel=\"noreferrer noopener\">Palau Robert de Barcelona<\/a> .<\/p>\n\n\n\n<p>As\u00ed, este 13 de febrero, en un acto cargado de emoci\u00f3n y autenticidad, conducido por la comisaria de la muestra, <strong>Hort\u00e8nsia Gal\u00ed<\/strong> , y la directora del proyecto, <strong>Maite Golmayo<\/strong> , dimos el pistoletazo de salida a <a href=\"https:\/\/afanoc.org\/es\/?post_type=em_event&#038;p=69333\" target=\"_blank\" data-type=\"link\" data-id=\"https:\/\/afanoc.org\/blog\/e\/explora-lunivers-xukli-al-palau-robert\/\" rel=\"noreferrer noopener\">la exposici\u00f3n<\/a> que ha querido resumir en forma de cr\u00f3nica period\u00edstica estos cuarenta a\u00f1os de trayectoria.<\/p>\n\n\n\n<p>El visitante se encontrar\u00e1 inmerso en este Universo Xukli donde en la entrada, le dar\u00e1 la bienvenida un tripulaci\u00f3n que se embarc\u00f3 en un viaje de dimensiones estratosf\u00e9ricas para iniciar la aventura social m\u00e1s incre\u00edble de todos los tiempos.<\/p>\n\n\n\n<div style=\"height:29px\" aria-hidden=\"true\" class=\"wp-block-spacer\"><\/div>\n\n\n\n<figure class=\"wp-block-gallery has-nested-images columns-default is-cropped wp-block-gallery-1 is-layout-flex wp-block-gallery-is-layout-flex\">\n<figure data-wp-context=\"{&quot;imageId&quot;:&quot;69f47929ad2c7&quot;}\" data-wp-interactive=\"core\/image\" data-wp-key=\"69f47929ad2c7\" class=\"wp-block-image size-large wp-lightbox-container\"><img decoding=\"async\" width=\"700\" height=\"450\" data-wp-class--hide=\"state.isContentHidden\" data-wp-class--show=\"state.isContentVisible\" data-wp-init=\"callbacks.setButtonStyles\" data-wp-on--click=\"actions.showLightbox\" data-wp-on--load=\"callbacks.setButtonStyles\" data-wp-on-window--resize=\"callbacks.setButtonStyles\" data-id=\"69580\" src=\"https:\/\/afanoc.org\/wp-content\/uploads\/auditori-palau-robert.jpg\" alt=\"\" class=\"wp-image-69580\" srcset=\"https:\/\/afanoc.org\/wp-content\/uploads\/auditori-palau-robert.jpg 700w, https:\/\/afanoc.org\/wp-content\/uploads\/auditori-palau-robert-320x206.jpg 320w, https:\/\/afanoc.org\/wp-content\/uploads\/auditori-palau-robert-150x96.jpg 150w, https:\/\/afanoc.org\/wp-content\/uploads\/auditori-palau-robert-600x386.jpg 600w\" sizes=\"(max-width: 700px) 100vw, 700px\" \/><button\n\t\t\tclass=\"lightbox-trigger\"\n\t\t\ttype=\"button\"\n\t\t\taria-haspopup=\"dialog\"\n\t\t\taria-label=\"Agrandar\"\n\t\t\tdata-wp-init=\"callbacks.initTriggerButton\"\n\t\t\tdata-wp-on--click=\"actions.showLightbox\"\n\t\t\tdata-wp-style--right=\"state.imageButtonRight\"\n\t\t\tdata-wp-style--top=\"state.imageButtonTop\"\n\t\t>\n\t\t\t<svg xmlns=\"http:\/\/www.w3.org\/2000\/svg\" width=\"12\" height=\"12\" fill=\"none\" viewBox=\"0 0 12 12\">\n\t\t\t\t<path fill=\"#fff\" d=\"M2 0a2 2 0 0 0-2 2v2h1.5V2a.5.5 0 0 1 .5-.5h2V0H2Zm2 10.5H2a.5.5 0 0 1-.5-.5V8H0v2a2 2 0 0 0 2 2h2v-1.5ZM8 12v-1.5h2a.5.5 0 0 0 .5-.5V8H12v2a2 2 0 0 1-2 2H8Zm2-12a2 2 0 0 1 2 2v2h-1.5V2a.5.5 0 0 0-.5-.5H8V0h2Z\" \/>\n\t\t\t<\/svg>\n\t\t<\/button><\/figure>\n\n\n\n<figure data-wp-context=\"{&quot;imageId&quot;:&quot;69f47929adc7b&quot;}\" data-wp-interactive=\"core\/image\" data-wp-key=\"69f47929adc7b\" class=\"wp-block-image size-large wp-lightbox-container\"><img decoding=\"async\" width=\"700\" height=\"450\" data-wp-class--hide=\"state.isContentHidden\" data-wp-class--show=\"state.isContentVisible\" data-wp-init=\"callbacks.setButtonStyles\" data-wp-on--click=\"actions.showLightbox\" data-wp-on--load=\"callbacks.setButtonStyles\" data-wp-on-window--resize=\"callbacks.setButtonStyles\" data-id=\"69582\" src=\"https:\/\/afanoc.org\/wp-content\/uploads\/interior-expo-xukli.jpg\" alt=\"\" class=\"wp-image-69582\" srcset=\"https:\/\/afanoc.org\/wp-content\/uploads\/interior-expo-xukli.jpg 700w, https:\/\/afanoc.org\/wp-content\/uploads\/interior-expo-xukli-320x206.jpg 320w, https:\/\/afanoc.org\/wp-content\/uploads\/interior-expo-xukli-150x96.jpg 150w, https:\/\/afanoc.org\/wp-content\/uploads\/interior-expo-xukli-600x386.jpg 600w\" sizes=\"(max-width: 700px) 100vw, 700px\" \/><button\n\t\t\tclass=\"lightbox-trigger\"\n\t\t\ttype=\"button\"\n\t\t\taria-haspopup=\"dialog\"\n\t\t\taria-label=\"Agrandar\"\n\t\t\tdata-wp-init=\"callbacks.initTriggerButton\"\n\t\t\tdata-wp-on--click=\"actions.showLightbox\"\n\t\t\tdata-wp-style--right=\"state.imageButtonRight\"\n\t\t\tdata-wp-style--top=\"state.imageButtonTop\"\n\t\t>\n\t\t\t<svg xmlns=\"http:\/\/www.w3.org\/2000\/svg\" width=\"12\" height=\"12\" fill=\"none\" viewBox=\"0 0 12 12\">\n\t\t\t\t<path fill=\"#fff\" d=\"M2 0a2 2 0 0 0-2 2v2h1.5V2a.5.5 0 0 1 .5-.5h2V0H2Zm2 10.5H2a.5.5 0 0 1-.5-.5V8H0v2a2 2 0 0 0 2 2h2v-1.5ZM8 12v-1.5h2a.5.5 0 0 0 .5-.5V8H12v2a2 2 0 0 1-2 2H8Zm2-12a2 2 0 0 1 2 2v2h-1.5V2a.5.5 0 0 0-.5-.5H8V0h2Z\" \/>\n\t\t\t<\/svg>\n\t\t<\/button><\/figure>\n<\/figure>\n\n\n\n<p><em>El presidente de AFANOC, Miguel Javaloy, durante su intervenci\u00f3n en el acto inaugural de la exposici\u00f3n. A la derecha, vista general de la muestra.   <\/em><\/p>\n\n\n\n<div style=\"height:26px\" aria-hidden=\"true\" class=\"wp-block-spacer\"><\/div>\n\n\n\n<p>Con testimonios de las familias, personal m\u00e9dico, adolescentes y j\u00f3venes en seis audiovisuales, el visitante conocer\u00e1 qu\u00e9 supone esta realidad desde una mirada positiva, sensible, respetuosa, incluso alegre.<\/p>\n\n\n\n<p>La muestra quiere poner de relieve que esta es una realidad que puede afectarnos a todos ya la vez que se trata de un proceso que se puede vivir con cierta normalidad si se dispone del apoyo, las herramientas y el acompa\u00f1amiento de personas que ya han hecho este camino.<\/p>\n\n\n\n<p>Con la presencia de la consejera de Salud, <strong>Olga Pan\u00e9,<\/strong> y de otros representantes institucionales, <strong>Miguel Javaloy<\/strong> , presidente de AFANOC, hizo un ejercicio de pasado presente y futuro: \u201cDe cara al futuro, nos gustar\u00eda que se pudieran hacer estudios que demostraran c\u00f3mo la atenci\u00f3n psicosocial y la estabilidad familiar puede llegar a mejorar o acelerar el proceso de cuidado. Nosotros estamos convencidos\u201d.<\/p>\n\n\n\n<p>Al mismo tiempo, la consejera Pan\u00e9 afirm\u00f3: <strong>\u201c<\/strong> Felicit\u00e9monos por teneros, porque experiencias como estas son aleccionadoras. Al final, su trabajo nos complementa y nos hace fuertes a todos; vosotros, aparte de aparecer en momentos dif\u00edciles de los ni\u00f1os y de sus familias, ponga el alma y aporte soluciones, y esto tiene un valor no s\u00f3lo material, sino tambi\u00e9n moral. Con esta exposici\u00f3n traslade lo que es dif\u00edcil transmitir con palabras y, sales enriquecido.\u201d  <\/p>\n\n\n\n<div style=\"height:24px\" aria-hidden=\"true\" class=\"wp-block-spacer\"><\/div>\n\n\n\n<div class=\"wp-block-buttons is-content-justification-center is-layout-flex wp-container-core-buttons-is-layout-a89b3969 wp-block-buttons-is-layout-flex\">\n<div class=\"wp-block-button\"><a class=\"wp-block-button__link wp-element-button\" href=\"https:\/\/www.flickr.com\/photos\/afanoc\/albums\/72177720323818576\/\" target=\"_blank\" rel=\"noreferrer noopener\"><strong>GALER\u00cdA DE FOTOGRAF\u00cdAS DEL ACTO INAUGURAL<\/strong><\/a><\/div>\n<\/div>\n\n\n\n<p><\/p>\n","protected":false},"excerpt":{"rendered":"<p>El D\u00eda Internacional del C\u00e1ncer Infantil de este a\u00f1o es especial en AFANOC: celebramos tres aniversarios con una exposici\u00f3n retrospectiva sobre nuestra labor que se podr\u00e1 visitar hasta el 21 de abril. Cerca de cuarenta a\u00f1os de la entidad, veinticinco de la campa\u00f1a \u201cPosa&#8217;t la gorra!\u201d y quince de La Casa dels Xuklis, motivos m\u00e1s [&hellip;]<\/p>\n","protected":false},"author":693,"featured_media":69579,"comment_status":"closed","ping_status":"open","sticky":false,"template":"","format":"standard","meta":{"site-sidebar-layout":"default","site-content-layout":"","ast-site-content-layout":"default","site-content-style":"default","site-sidebar-style":"default","ast-global-header-display":"","ast-banner-title-visibility":"","ast-main-header-display":"","ast-hfb-above-header-display":"","ast-hfb-below-header-display":"","ast-hfb-mobile-header-display":"","site-post-title":"","ast-breadcrumbs-content":"","ast-featured-img":"","footer-sml-layout":"","theme-transparent-header-meta":"","adv-header-id-meta":"","stick-header-meta":"","header-above-stick-meta":"","header-main-stick-meta":"","header-below-stick-meta":"","astra-migrate-meta-layouts":"set","ast-page-background-enabled":"default","ast-page-background-meta":{"desktop":{"background-color":"var(--ast-global-color-4)","background-image":"","background-repeat":"repeat","background-position":"center center","background-size":"auto","background-attachment":"scroll","background-type":"","background-media":"","overlay-type":"","overlay-color":"","overlay-opacity":"","overlay-gradient":""},"tablet":{"background-color":"","background-image":"","background-repeat":"repeat","background-position":"center center","background-size":"auto","background-attachment":"scroll","background-type":"","background-media":"","overlay-type":"","overlay-color":"","overlay-opacity":"","overlay-gradient":""},"mobile":{"background-color":"","background-image":"","background-repeat":"repeat","background-position":"center center","background-size":"auto","background-attachment":"scroll","background-type":"","background-media":"","overlay-type":"","overlay-color":"","overlay-opacity":"","overlay-gradient":""}},"ast-content-background-meta":{"desktop":{"background-color":"var(--ast-global-color-5)","background-image":"","background-repeat":"repeat","background-position":"center center","background-size":"auto","background-attachment":"scroll","background-type":"","background-media":"","overlay-type":"","overlay-color":"","overlay-opacity":"","overlay-gradient":""},"tablet":{"background-color":"var(--ast-global-color-5)","background-image":"","background-repeat":"repeat","background-position":"center center","background-size":"auto","background-attachment":"scroll","background-type":"","background-media":"","overlay-type":"","overlay-color":"","overlay-opacity":"","overlay-gradient":""},"mobile":{"background-color":"var(--ast-global-color-5)","background-image":"","background-repeat":"repeat","background-position":"center center","background-size":"auto","background-attachment":"scroll","background-type":"","background-media":"","overlay-type":"","overlay-color":"","overlay-opacity":"","overlay-gradient":""}},"footnotes":""},"categories":[1095,1547,1085],"tags":[],"class_list":["post-69585","post","type-post","status-publish","format-standard","has-post-thumbnail","hentry","category-actividades","category-la-casa-de-los-xuklis","category-noticias"],"publishpress_future_workflow_manual_trigger":{"enabledWorkflows":[]},"_links":{"self":[{"href":"https:\/\/afanoc.org\/es\/wp-json\/wp\/v2\/posts\/69585","targetHints":{"allow":["GET"]}}],"collection":[{"href":"https:\/\/afanoc.org\/es\/wp-json\/wp\/v2\/posts"}],"about":[{"href":"https:\/\/afanoc.org\/es\/wp-json\/wp\/v2\/types\/post"}],"author":[{"embeddable":true,"href":"https:\/\/afanoc.org\/es\/wp-json\/wp\/v2\/users\/693"}],"replies":[{"embeddable":true,"href":"https:\/\/afanoc.org\/es\/wp-json\/wp\/v2\/comments?post=69585"}],"version-history":[{"count":0,"href":"https:\/\/afanoc.org\/es\/wp-json\/wp\/v2\/posts\/69585\/revisions"}],"wp:featuredmedia":[{"embeddable":true,"href":"https:\/\/afanoc.org\/es\/wp-json\/wp\/v2\/media\/69579"}],"wp:attachment":[{"href":"https:\/\/afanoc.org\/es\/wp-json\/wp\/v2\/media?parent=69585"}],"wp:term":[{"taxonomy":"category","embeddable":true,"href":"https:\/\/afanoc.org\/es\/wp-json\/wp\/v2\/categories?post=69585"},{"taxonomy":"post_tag","embeddable":true,"href":"https:\/\/afanoc.org\/es\/wp-json\/wp\/v2\/tags?post=69585"}],"curies":[{"name":"wp","href":"https:\/\/api.w.org\/{rel}","templated":true}]}}