{"id":68911,"date":"2025-01-29T16:09:58","date_gmt":"2025-01-29T14:09:58","guid":{"rendered":"https:\/\/afanoc.org\/blog\/els-xuklis-inicien-lany-rebent-una-ma-de-visites-institucionals\/"},"modified":"2025-01-29T16:13:43","modified_gmt":"2025-01-29T14:13:43","slug":"els-xuklis-inicien-lany-rebent-una-ma-de-visites-institucionals","status":"publish","type":"post","link":"https:\/\/afanoc.org\/es\/blog\/els-xuklis-inicien-lany-rebent-una-ma-de-visites-institucionals\/","title":{"rendered":"Los Xuklis inician el a\u00f1o recibiendo diferentes visitas institucionales"},"content":{"rendered":"\n<p class=\"has-medium-font-size\"><strong>El presidente del Parlamento de Catalunya, Josep Rull, ha sido uno de los primeros en visitar la Casa a lo largo de este mes de enero<\/strong><\/p>\n\n<p>Con el objetivo de conocer de primera mano el recurso de alojamiento que ofrecemos a las familias, desde hace 14 a\u00f1os, los nuevos representantes de las administraciones se han puesto como prioridad visitar nuestras instalaciones y conocer toda la tarea que realizamos desde la Asociaci\u00f3n.<\/p>\n\n<p>As\u00ed, a lo largo de este mes de enero, el goteo ha sido continuo. La visita del presidente del Parlamento de Catalunya, <strong>Josep Rull,<\/strong> ha sido de las primeras, y es que cogi\u00f3 el compromiso cuando asisti\u00f3 al Posa&#8217;t la gorra! \u201cVendr\u00e9 seguro\u201d, afirm\u00f3. \u00a1Y ha quedado patente que es un hombre de palabra! Al finalizar la visita, reconoci\u00f3 quedar asombrado. \u201cOs conoc\u00eda, pero no pod\u00eda imaginar la gran labor que hac\u00e9is, he quedado impresionado\u201d, declar\u00f3 al salir.      <\/p>\n\n<div style=\"height:19px\" aria-hidden=\"true\" class=\"wp-block-spacer\"><\/div>\n\n<figure class=\"wp-block-gallery has-nested-images columns-default is-cropped wp-block-gallery-1 is-layout-flex wp-block-gallery-is-layout-flex\">\n<figure class=\"wp-block-image size-large\"><img decoding=\"async\" width=\"850\" height=\"500\" data-id=\"68901\" src=\"https:\/\/afanoc.org\/wp-content\/uploads\/visita-josep-rull.jpg\" alt=\"\" class=\"wp-image-68901\" srcset=\"https:\/\/afanoc.org\/wp-content\/uploads\/visita-josep-rull.jpg 850w, https:\/\/afanoc.org\/wp-content\/uploads\/visita-josep-rull-320x188.jpg 320w, https:\/\/afanoc.org\/wp-content\/uploads\/visita-josep-rull-150x88.jpg 150w, https:\/\/afanoc.org\/wp-content\/uploads\/visita-josep-rull-768x452.jpg 768w, https:\/\/afanoc.org\/wp-content\/uploads\/visita-josep-rull-600x353.jpg 600w\" sizes=\"(max-width: 850px) 100vw, 850px\" \/><\/figure>\n<\/figure>\n\n<p><em>El presidente del Parlament de Catalunya, Josep Rull, visitando las instalaciones de la Casa. <\/em><\/p>\n\n<div style=\"height:19px\" aria-hidden=\"true\" class=\"wp-block-spacer\"><\/div>\n\n<p>Los Xuklis tambi\u00e9n han recibido al director de Acci\u00f3n C\u00edvica, <strong>Jaume Romero<\/strong> , el director de CatSalut; <strong>Alfredo Garc\u00eda<\/strong> y la cuarta teniente de alcalde y la concejala de Juventud del Ayuntamiento de Badalona, <strong>Sonia Egea y Odalys S\u00e1nchez<\/strong> , respectivamente. Todos ellos han estado acompa\u00f1ados por el gerente de AFANOC, Narc\u00eds Serrats; por el tesorero de la entidad, Josep Cruz y por el presidente de la Asociaci\u00f3n, Miguel Javaloy. <\/p>\n\n<p>Los representantes institucionales han coincidido en poner en valor la importancia del acompa\u00f1amiento a las familias a trav\u00e9s del apoyo psicosocial y otros muchos servicios que ofrecemos gracias a un equipo de profesionales multidisciplinar ya un gran n\u00famero de personas voluntarias, sin las cuales ser\u00eda imposible realizar muchos de nuestros proyectos.<\/p>\n\n<div style=\"height:16px\" aria-hidden=\"true\" class=\"wp-block-spacer\"><\/div>\n\n<figure class=\"wp-block-gallery has-nested-images columns-default is-cropped wp-block-gallery-2 is-layout-flex wp-block-gallery-is-layout-flex\">\n<figure class=\"wp-block-image size-large\"><img decoding=\"async\" width=\"850\" height=\"450\" data-id=\"68903\" src=\"https:\/\/afanoc.org\/wp-content\/uploads\/visites-casa-xuklis.jpeg\" alt=\"\" class=\"wp-image-68903\" srcset=\"https:\/\/afanoc.org\/wp-content\/uploads\/visites-casa-xuklis.jpeg 850w, https:\/\/afanoc.org\/wp-content\/uploads\/visites-casa-xuklis-320x169.jpeg 320w, https:\/\/afanoc.org\/wp-content\/uploads\/visites-casa-xuklis-150x79.jpeg 150w, https:\/\/afanoc.org\/wp-content\/uploads\/visites-casa-xuklis-768x407.jpeg 768w, https:\/\/afanoc.org\/wp-content\/uploads\/visites-casa-xuklis-600x318.jpeg 600w\" sizes=\"(max-width: 850px) 100vw, 850px\" \/><\/figure>\n<\/figure>\n\n<p><em>Visitas del director de Acci\u00f3n C\u00edvica, Jaume Romero (en el centro) y de las representantes del Ayuntamiento de Badalona, Sonia Egea y Odalys S\u00e1nchez.<\/em><\/p>\n\n<p><\/p>\n","protected":false},"excerpt":{"rendered":"<p>El presidente del Parlamento de Catalunya, Josep Rull, ha sido uno de los primeros en visitar la Casa a lo largo de este mes de enero Con el objetivo de conocer de primera mano el recurso de alojamiento que ofrecemos a las familias, desde hace 14 a\u00f1os, los nuevos representantes de las administraciones se han [&hellip;]<\/p>\n","protected":false},"author":693,"featured_media":68908,"comment_status":"closed","ping_status":"open","sticky":false,"template":"","format":"standard","meta":{"site-sidebar-layout":"default","site-content-layout":"","ast-site-content-layout":"default","site-content-style":"default","site-sidebar-style":"default","ast-global-header-display":"","ast-banner-title-visibility":"","ast-main-header-display":"","ast-hfb-above-header-display":"","ast-hfb-below-header-display":"","ast-hfb-mobile-header-display":"","site-post-title":"","ast-breadcrumbs-content":"","ast-featured-img":"","footer-sml-layout":"","theme-transparent-header-meta":"","adv-header-id-meta":"","stick-header-meta":"","header-above-stick-meta":"","header-main-stick-meta":"","header-below-stick-meta":"","astra-migrate-meta-layouts":"default","ast-page-background-enabled":"default","ast-page-background-meta":{"desktop":{"background-color":"var(--ast-global-color-4)","background-image":"","background-repeat":"repeat","background-position":"center center","background-size":"auto","background-attachment":"scroll","background-type":"","background-media":"","overlay-type":"","overlay-color":"","overlay-opacity":"","overlay-gradient":""},"tablet":{"background-color":"","background-image":"","background-repeat":"repeat","background-position":"center center","background-size":"auto","background-attachment":"scroll","background-type":"","background-media":"","overlay-type":"","overlay-color":"","overlay-opacity":"","overlay-gradient":""},"mobile":{"background-color":"","background-image":"","background-repeat":"repeat","background-position":"center center","background-size":"auto","background-attachment":"scroll","background-type":"","background-media":"","overlay-type":"","overlay-color":"","overlay-opacity":"","overlay-gradient":""}},"ast-content-background-meta":{"desktop":{"background-color":"var(--ast-global-color-5)","background-image":"","background-repeat":"repeat","background-position":"center center","background-size":"auto","background-attachment":"scroll","background-type":"","background-media":"","overlay-type":"","overlay-color":"","overlay-opacity":"","overlay-gradient":""},"tablet":{"background-color":"var(--ast-global-color-5)","background-image":"","background-repeat":"repeat","background-position":"center center","background-size":"auto","background-attachment":"scroll","background-type":"","background-media":"","overlay-type":"","overlay-color":"","overlay-opacity":"","overlay-gradient":""},"mobile":{"background-color":"var(--ast-global-color-5)","background-image":"","background-repeat":"repeat","background-position":"center center","background-size":"auto","background-attachment":"scroll","background-type":"","background-media":"","overlay-type":"","overlay-color":"","overlay-opacity":"","overlay-gradient":""}},"footnotes":""},"categories":[1547,1085],"tags":[],"class_list":["post-68911","post","type-post","status-publish","format-standard","has-post-thumbnail","hentry","category-la-casa-de-los-xuklis","category-noticias"],"publishpress_future_workflow_manual_trigger":{"enabledWorkflows":[]},"_links":{"self":[{"href":"https:\/\/afanoc.org\/es\/wp-json\/wp\/v2\/posts\/68911","targetHints":{"allow":["GET"]}}],"collection":[{"href":"https:\/\/afanoc.org\/es\/wp-json\/wp\/v2\/posts"}],"about":[{"href":"https:\/\/afanoc.org\/es\/wp-json\/wp\/v2\/types\/post"}],"author":[{"embeddable":true,"href":"https:\/\/afanoc.org\/es\/wp-json\/wp\/v2\/users\/693"}],"replies":[{"embeddable":true,"href":"https:\/\/afanoc.org\/es\/wp-json\/wp\/v2\/comments?post=68911"}],"version-history":[{"count":0,"href":"https:\/\/afanoc.org\/es\/wp-json\/wp\/v2\/posts\/68911\/revisions"}],"wp:featuredmedia":[{"embeddable":true,"href":"https:\/\/afanoc.org\/es\/wp-json\/wp\/v2\/media\/68908"}],"wp:attachment":[{"href":"https:\/\/afanoc.org\/es\/wp-json\/wp\/v2\/media?parent=68911"}],"wp:term":[{"taxonomy":"category","embeddable":true,"href":"https:\/\/afanoc.org\/es\/wp-json\/wp\/v2\/categories?post=68911"},{"taxonomy":"post_tag","embeddable":true,"href":"https:\/\/afanoc.org\/es\/wp-json\/wp\/v2\/tags?post=68911"}],"curies":[{"name":"wp","href":"https:\/\/api.w.org\/{rel}","templated":true}]}}