{"id":67582,"date":"2024-12-02T19:05:09","date_gmt":"2024-12-02T17:05:09","guid":{"rendered":"https:\/\/afanoc.org\/blog\/el-posat-la-gorra-llena-de-fuerza-poder-y-coraje-el-poble-espanyol\/"},"modified":"2024-12-18T13:54:59","modified_gmt":"2024-12-18T11:54:59","slug":"el-posat-la-gorra-llena-de-fuerza-poder-y-coraje-el-poble-espanyol","status":"publish","type":"post","link":"https:\/\/afanoc.org\/es\/blog\/el-posat-la-gorra-llena-de-fuerza-poder-y-coraje-el-poble-espanyol\/","title":{"rendered":"El Posa&#8217;t la Gorra! llena de fuerza, poder y coraje el Poble Espanyol"},"content":{"rendered":"\n<p class=\"has-medium-font-size\">Los j\u00f3venes del grupo de supervivientes reivindica cambios a nivel social a ra\u00edz de las dificultades con las que se encuentran por haber pasado un c\u00e1ncer<\/p>\n\n\n\n<p>Este domingo 1 de diciembre, el Poble Espanyol ha acogido, por tercer a\u00f1o consecutivo, la fiesta del Posa&#8217;t la Gorra! de Barcelona. Pese a coincidir con una de las carreras m\u00e1s multitudinarias de la ciudad, cerca de un millar de personas pudieron acceder al recinto para ponerse la gorra y disfrutar de la jornada solidaria, entre las hadas y los duendes del Natalis, el cl\u00e1sico de Navidad del PobleEspanyol<\/p>\n\n\n\n<p>La fiesta, presentada por la reconocida y simp\u00e1tica periodista Maria Xinx\u00f3, actual colaboradora de \u201cLa Selva\u201d con Xavier Grasset, cont\u00f3 con actuaciones muy diversas, desde el teatro y la animaci\u00f3n para los m\u00e1s peque\u00f1os de la compa\u00f1\u00eda M\u00e9s Tum\u00e0cat hasta el espect\u00e1culo de Hip-Hop y danza urbana de la compa\u00f1\u00eda Brodas-Bros. Los cantantes Scorpio y Edu Esteve pusieron la nota musical en la jornada haciendo saltar y bailar a todo el mundo. Incluso, un tigro miedoso que no recordaba c\u00f3mo hab\u00eda llegado a la ciudad fue recuperando el \u00e1nimo gracias a la alegr\u00eda y el buen ambiente que se respiraba. La fiesta tambi\u00e9n cont\u00f3 con animaci\u00f3n itinerante y diferentes talleres de juegos constructivos y cooperativos, taller con cer\u00e1mica, pinta caras, un taller de circo que hizo las delicias de peque\u00f1os y mayores.<\/p>\n\n\n\n<div style=\"height:35px\" aria-hidden=\"true\" class=\"wp-block-spacer\"><\/div>\n\n\n\n<figure class=\"wp-block-gallery has-nested-images columns-default is-cropped wp-block-gallery-1 is-layout-flex wp-block-gallery-is-layout-flex\">\n<figure class=\"wp-block-image size-large\"><img decoding=\"async\" width=\"773\" height=\"500\" data-id=\"67574\" src=\"https:\/\/afanoc.org\/wp-content\/uploads\/actuacions-posat-la-gorra.jpg\" alt=\"\" class=\"wp-image-67574\" srcset=\"https:\/\/afanoc.org\/wp-content\/uploads\/actuacions-posat-la-gorra.jpg 773w, https:\/\/afanoc.org\/wp-content\/uploads\/actuacions-posat-la-gorra-320x207.jpg 320w, https:\/\/afanoc.org\/wp-content\/uploads\/actuacions-posat-la-gorra-150x97.jpg 150w, https:\/\/afanoc.org\/wp-content\/uploads\/actuacions-posat-la-gorra-768x497.jpg 768w, https:\/\/afanoc.org\/wp-content\/uploads\/actuacions-posat-la-gorra-600x388.jpg 600w\" sizes=\"(max-width: 773px) 100vw, 773px\" \/><\/figure>\n<\/figure>\n\n\n\n<p><em>La compa\u00f1\u00eda internacional Brodas-Bros y el cantante Edu Esteve fueron algunas de las actuaciones de la fiesta.<\/em><\/p>\n\n\n\n<div style=\"height:27px\" aria-hidden=\"true\" class=\"wp-block-spacer\"><\/div>\n\n\n\n<p>\u00abEncontramos limitaciones a la hora de encontrar trabajo o alquilar un piso\u00bb<\/p>\n\n\n\n<p>El momento m\u00e1s importante de la fiesta lleg\u00f3, como siempre, con la lectura del manifiesto que, este a\u00f1o, fue a cargo de los j\u00f3venes que forman parte del grupo de supervivientes de AFANOC, chicos y chicas que pasaron por un c\u00e1ncer en la infancia o la adolescencia y que ahora, como adultos, se encuentran con que este hecho les condiciona en otros muchos \u00e1mbitos de la vida, como alquilar un piso o acceder al mundo laboral. La fiesta sirvi\u00f3 como altavoz del testimonio personal de <strong>Sergio, Llu\u00eds, M\u00edriam y Julia.<\/strong> \u201cNos gustar\u00eda decir que nuestra historia con el c\u00e1ncer ya es agua pasada, pero nos encontramos en un contexto de dificultades que nos impiden vivir con normalidad y nos limitan a la hora de encontrar trabajo, alquilar un piso, o pedir un pr\u00e9stamo bancario\u201d, afirmaron.<\/p>\n\n\n\n<p>Los j\u00f3venes pidieron que se mejore la aplicaci\u00f3n de la Ley del Derecho al Olvido Oncol\u00f3gico, de 2023, y que se regulen algunos aspectos como el tratamiento de los casos cr\u00f3nicos o remisi\u00f3n de la enfermedad; si debe informarse de los antecedentes transcurridos los cinco a\u00f1os y tambi\u00e9n poder garantizar un seguimiento m\u00e9dico especializado y equitativo para todos los pacientes oncol\u00f3gicos.<\/p>\n\n\n\n<p>El grupo, que quiere encontrar un nombre m\u00e1s adecuado que les identifique mejor que \u00absupervivientes\u00bb, estuvo acompa\u00f1ado de los miembros de la<strong> Junta de AFANOC<\/strong> y de representantes institucionales como el presidente del Parlament de Catalunya, <strong>Josep Rull<\/strong>; la consejera de Salud de la Generalitat, <strong>Olga Pan\u00e9<\/strong>; y el concejal del Distrito de Horta Guinard\u00f3 del Ayuntamiento de Barcelona, \u200b\u200b<strong>Josep Llu\u00eds Franco<\/strong>, entre otros.<\/p>\n\n\n\n<p>Hasta ahora, en la demarcaci\u00f3n de Barcelona, \u200b\u200bse han distribuido un total de 18.000 gorras del dise\u00f1ador Asis Percales entre las campa\u00f1as que est\u00e1n en marcha como en las escuelas, mercados u hospitales, entre otros. Pero a la gorra a\u00fan le queda todo el a\u00f1o 2025 de recorrido por Tarragona, Lleida y Girona.<\/p>\n\n\n\n<div style=\"height:39px\" aria-hidden=\"true\" class=\"wp-block-spacer\"><\/div>\n\n\n\n<div class=\"wp-block-buttons is-content-justification-center is-layout-flex wp-container-core-buttons-is-layout-a89b3969 wp-block-buttons-is-layout-flex\">\n<div class=\"wp-block-button has-custom-font-size is-style-fill has-medium-font-size\"><a class=\"wp-block-button__link has-vivid-red-background-color has-background has-text-align-center wp-element-button\" href=\"https:\/\/www.flickr.com\/photos\/afanoc\/albums\/72157690511962584\" target=\"_blank\" rel=\"noreferrer noopener\"><strong>FOTOGRAFIAS DE LA FIESTA!<\/strong><\/a><\/div>\n<\/div>\n\n\n\n<p><\/p>\n","protected":false},"excerpt":{"rendered":"<p>Los j\u00f3venes del grupo de supervivientes reivindica cambios a nivel social a ra\u00edz de las dificultades con las que se encuentran por haber pasado un c\u00e1ncer Este domingo 1 de diciembre, el Poble Espanyol ha acogido, por tercer a\u00f1o consecutivo, la fiesta del Posa&#8217;t la Gorra! de Barcelona. Pese a coincidir con una de las [&hellip;]<\/p>\n","protected":false},"author":693,"featured_media":67581,"comment_status":"closed","ping_status":"closed","sticky":false,"template":"","format":"standard","meta":{"site-sidebar-layout":"default","site-content-layout":"","ast-site-content-layout":"default","site-content-style":"default","site-sidebar-style":"default","ast-global-header-display":"","ast-banner-title-visibility":"","ast-main-header-display":"","ast-hfb-above-header-display":"","ast-hfb-below-header-display":"","ast-hfb-mobile-header-display":"","site-post-title":"","ast-breadcrumbs-content":"","ast-featured-img":"","footer-sml-layout":"","theme-transparent-header-meta":"","adv-header-id-meta":"","stick-header-meta":"","header-above-stick-meta":"","header-main-stick-meta":"","header-below-stick-meta":"","astra-migrate-meta-layouts":"set","ast-page-background-enabled":"default","ast-page-background-meta":{"desktop":{"background-color":"var(--ast-global-color-4)","background-image":"","background-repeat":"repeat","background-position":"center center","background-size":"auto","background-attachment":"scroll","background-type":"","background-media":"","overlay-type":"","overlay-color":"","overlay-opacity":"","overlay-gradient":""},"tablet":{"background-color":"","background-image":"","background-repeat":"repeat","background-position":"center center","background-size":"auto","background-attachment":"scroll","background-type":"","background-media":"","overlay-type":"","overlay-color":"","overlay-opacity":"","overlay-gradient":""},"mobile":{"background-color":"","background-image":"","background-repeat":"repeat","background-position":"center center","background-size":"auto","background-attachment":"scroll","background-type":"","background-media":"","overlay-type":"","overlay-color":"","overlay-opacity":"","overlay-gradient":""}},"ast-content-background-meta":{"desktop":{"background-color":"var(--ast-global-color-5)","background-image":"","background-repeat":"repeat","background-position":"center center","background-size":"auto","background-attachment":"scroll","background-type":"","background-media":"","overlay-type":"","overlay-color":"","overlay-opacity":"","overlay-gradient":""},"tablet":{"background-color":"var(--ast-global-color-5)","background-image":"","background-repeat":"repeat","background-position":"center center","background-size":"auto","background-attachment":"scroll","background-type":"","background-media":"","overlay-type":"","overlay-color":"","overlay-opacity":"","overlay-gradient":""},"mobile":{"background-color":"var(--ast-global-color-5)","background-image":"","background-repeat":"repeat","background-position":"center center","background-size":"auto","background-attachment":"scroll","background-type":"","background-media":"","overlay-type":"","overlay-color":"","overlay-opacity":"","overlay-gradient":""}},"footnotes":""},"categories":[1479],"tags":[],"class_list":["post-67582","post","type-post","status-publish","format-standard","has-post-thumbnail","hentry","category-posat-la-gorra-es"],"publishpress_future_workflow_manual_trigger":{"enabledWorkflows":[]},"_links":{"self":[{"href":"https:\/\/afanoc.org\/es\/wp-json\/wp\/v2\/posts\/67582","targetHints":{"allow":["GET"]}}],"collection":[{"href":"https:\/\/afanoc.org\/es\/wp-json\/wp\/v2\/posts"}],"about":[{"href":"https:\/\/afanoc.org\/es\/wp-json\/wp\/v2\/types\/post"}],"author":[{"embeddable":true,"href":"https:\/\/afanoc.org\/es\/wp-json\/wp\/v2\/users\/693"}],"replies":[{"embeddable":true,"href":"https:\/\/afanoc.org\/es\/wp-json\/wp\/v2\/comments?post=67582"}],"version-history":[{"count":0,"href":"https:\/\/afanoc.org\/es\/wp-json\/wp\/v2\/posts\/67582\/revisions"}],"wp:featuredmedia":[{"embeddable":true,"href":"https:\/\/afanoc.org\/es\/wp-json\/wp\/v2\/media\/67581"}],"wp:attachment":[{"href":"https:\/\/afanoc.org\/es\/wp-json\/wp\/v2\/media?parent=67582"}],"wp:term":[{"taxonomy":"category","embeddable":true,"href":"https:\/\/afanoc.org\/es\/wp-json\/wp\/v2\/categories?post=67582"},{"taxonomy":"post_tag","embeddable":true,"href":"https:\/\/afanoc.org\/es\/wp-json\/wp\/v2\/tags?post=67582"}],"curies":[{"name":"wp","href":"https:\/\/api.w.org\/{rel}","templated":true}]}}