{"id":66838,"date":"2024-11-12T11:43:27","date_gmt":"2024-11-12T09:43:27","guid":{"rendered":"https:\/\/afanoc.org\/blog\/los-mercados-de-barcelona-dan-fuerza-a-la-nueva-campana-de-la-gorra\/"},"modified":"2024-11-22T15:05:41","modified_gmt":"2024-11-22T13:05:41","slug":"los-mercados-de-barcelona-dan-fuerza-a-la-nueva-campana-de-la-gorra","status":"publish","type":"post","link":"https:\/\/afanoc.org\/es\/blog\/los-mercados-de-barcelona-dan-fuerza-a-la-nueva-campana-de-la-gorra\/","title":{"rendered":"Los Mercados de Barcelona &#8216;dan fuerza&#8217; a la nueva campa\u00f1a de la gorra"},"content":{"rendered":"\n<p class=\"has-medium-font-size\"><strong>El s\u00e1bado 9 de noviembre se vendieron m\u00e1s de 1.300 gorras de Asis Percales en 21 mercados de la ciudad que se pusieron la gorra por 15\u00ba a\u00f1o consecutivo<\/strong><\/p>\n\n\n\n<p>Cerca de un centenar de personas implicadas han hecho realidad la 15\u00aa edici\u00f3n de la campa\u00f1a \u00abLos Mercados de Barcelona se ponen la gorra!\u00bb este s\u00e1bado, d\u00eda 9 de noviembre, de 10 a 14 horas. Gracias a la colaboraci\u00f3n del Instituto de Mercados de Barcelona, \u200b\u200bla direcci\u00f3n de cada mercado, las asociaciones de comerciantes y paradistas y, sobre todo, la red de voluntarios y voluntarias de AFANOC, se han vendido m\u00e1s de 1.300 gorras de la nueva campa\u00f1a en los barrios de la ciudad. <\/p>\n\n\n\n<p><strong>Un total de 21 mercados se han sumado a la campa\u00f1a de esta edici\u00f3n:<\/strong> Santa Caterina, Sant Andreu, La Concepci\u00f3, Sants, La Marina, Les Corts, Lesseps, El Carmel, Canyelles, La Guineueta, Poble Nou, Felip II, Proven\u00e7als, Montserrat, Vall d\u2019Hebron, La Llibertat, Sant Antoni, de la Abaceria, de la Estrella, del Ninot y de Horta.<\/p>\n\n\n\n<div style=\"height:22px\" aria-hidden=\"true\" class=\"wp-block-spacer\"><\/div>\n\n\n\n<figure class=\"wp-block-gallery has-nested-images columns-default is-cropped wp-block-gallery-1 is-layout-flex wp-block-gallery-is-layout-flex\">\n<figure class=\"wp-block-image size-large\"><img decoding=\"async\" width=\"850\" height=\"450\" data-id=\"66830\" src=\"https:\/\/afanoc.org\/wp-content\/uploads\/mercats-gorra-barcelona.jpg\" alt=\"\" class=\"wp-image-66830\" srcset=\"https:\/\/afanoc.org\/wp-content\/uploads\/mercats-gorra-barcelona.jpg 850w, https:\/\/afanoc.org\/wp-content\/uploads\/mercats-gorra-barcelona-320x169.jpg 320w, https:\/\/afanoc.org\/wp-content\/uploads\/mercats-gorra-barcelona-150x79.jpg 150w, https:\/\/afanoc.org\/wp-content\/uploads\/mercats-gorra-barcelona-768x407.jpg 768w, https:\/\/afanoc.org\/wp-content\/uploads\/mercats-gorra-barcelona-600x318.jpg 600w\" sizes=\"(max-width: 850px) 100vw, 850px\" \/><\/figure>\n<\/figure>\n\n\n\n<div style=\"height:22px\" aria-hidden=\"true\" class=\"wp-block-spacer\"><\/div>\n\n\n\n<p>Adquirir la gorra (donativo: 8 euros) es una manera de colaborar con las familias con ni\u00f1os o adolescentes con c\u00e1ncer que acompa\u00f1amos pero, tambi\u00e9n, es la entrada para las fiestas del \u201cPosa&#8217;t la Gorra!\u201d que organizamos en todo el territorio. La pr\u00f3xima ser\u00e1 el domingo 24 de diciembre en <a href=\"https:\/\/afanoc.org\/es\/?post_type=em_event&#038;p=66545\" target=\"_blank\" rel=\"noreferrer noopener\">Molins de Rei<\/a> y el domingo 1 de diciembre en el <a href=\"https:\/\/afanoc.org\/es\/?post_type=em_event&#038;p=65891\" data-type=\"link\" data-id=\"https:\/\/afanoc.org\/blog\/e\/el-poble-espanyol-somplira-de-gorres-per-tercer-any-consecutiu\/\" target=\"_blank\" rel=\"noreferrer noopener\">Poble Espanyol de Barcelona<\/a> , de las 10.30 a las 14 horas.<\/p>\n\n\n\n<p><\/p>\n","protected":false},"excerpt":{"rendered":"<p>El s\u00e1bado 9 de noviembre se vendieron m\u00e1s de 1.300 gorras de Asis Percales en 21 mercados de la ciudad que se pusieron la gorra por 15\u00ba a\u00f1o consecutivo Cerca de un centenar de personas implicadas han hecho realidad la 15\u00aa edici\u00f3n de la campa\u00f1a \u00abLos Mercados de Barcelona se ponen la gorra!\u00bb este s\u00e1bado, [&hellip;]<\/p>\n","protected":false},"author":693,"featured_media":66835,"comment_status":"closed","ping_status":"open","sticky":false,"template":"","format":"standard","meta":{"site-sidebar-layout":"default","site-content-layout":"","ast-site-content-layout":"default","site-content-style":"default","site-sidebar-style":"default","ast-global-header-display":"","ast-banner-title-visibility":"","ast-main-header-display":"","ast-hfb-above-header-display":"","ast-hfb-below-header-display":"","ast-hfb-mobile-header-display":"","site-post-title":"","ast-breadcrumbs-content":"","ast-featured-img":"","footer-sml-layout":"","theme-transparent-header-meta":"","adv-header-id-meta":"","stick-header-meta":"","header-above-stick-meta":"","header-main-stick-meta":"","header-below-stick-meta":"","astra-migrate-meta-layouts":"set","ast-page-background-enabled":"default","ast-page-background-meta":{"desktop":{"background-color":"var(--ast-global-color-4)","background-image":"","background-repeat":"repeat","background-position":"center center","background-size":"auto","background-attachment":"scroll","background-type":"","background-media":"","overlay-type":"","overlay-color":"","overlay-opacity":"","overlay-gradient":""},"tablet":{"background-color":"","background-image":"","background-repeat":"repeat","background-position":"center center","background-size":"auto","background-attachment":"scroll","background-type":"","background-media":"","overlay-type":"","overlay-color":"","overlay-opacity":"","overlay-gradient":""},"mobile":{"background-color":"","background-image":"","background-repeat":"repeat","background-position":"center center","background-size":"auto","background-attachment":"scroll","background-type":"","background-media":"","overlay-type":"","overlay-color":"","overlay-opacity":"","overlay-gradient":""}},"ast-content-background-meta":{"desktop":{"background-color":"var(--ast-global-color-5)","background-image":"","background-repeat":"repeat","background-position":"center center","background-size":"auto","background-attachment":"scroll","background-type":"","background-media":"","overlay-type":"","overlay-color":"","overlay-opacity":"","overlay-gradient":""},"tablet":{"background-color":"var(--ast-global-color-5)","background-image":"","background-repeat":"repeat","background-position":"center center","background-size":"auto","background-attachment":"scroll","background-type":"","background-media":"","overlay-type":"","overlay-color":"","overlay-opacity":"","overlay-gradient":""},"mobile":{"background-color":"var(--ast-global-color-5)","background-image":"","background-repeat":"repeat","background-position":"center center","background-size":"auto","background-attachment":"scroll","background-type":"","background-media":"","overlay-type":"","overlay-color":"","overlay-opacity":"","overlay-gradient":""}},"footnotes":""},"categories":[1479],"tags":[],"class_list":["post-66838","post","type-post","status-publish","format-standard","has-post-thumbnail","hentry","category-posat-la-gorra-es"],"publishpress_future_workflow_manual_trigger":{"enabledWorkflows":[]},"_links":{"self":[{"href":"https:\/\/afanoc.org\/es\/wp-json\/wp\/v2\/posts\/66838","targetHints":{"allow":["GET"]}}],"collection":[{"href":"https:\/\/afanoc.org\/es\/wp-json\/wp\/v2\/posts"}],"about":[{"href":"https:\/\/afanoc.org\/es\/wp-json\/wp\/v2\/types\/post"}],"author":[{"embeddable":true,"href":"https:\/\/afanoc.org\/es\/wp-json\/wp\/v2\/users\/693"}],"replies":[{"embeddable":true,"href":"https:\/\/afanoc.org\/es\/wp-json\/wp\/v2\/comments?post=66838"}],"version-history":[{"count":0,"href":"https:\/\/afanoc.org\/es\/wp-json\/wp\/v2\/posts\/66838\/revisions"}],"wp:featuredmedia":[{"embeddable":true,"href":"https:\/\/afanoc.org\/es\/wp-json\/wp\/v2\/media\/66835"}],"wp:attachment":[{"href":"https:\/\/afanoc.org\/es\/wp-json\/wp\/v2\/media?parent=66838"}],"wp:term":[{"taxonomy":"category","embeddable":true,"href":"https:\/\/afanoc.org\/es\/wp-json\/wp\/v2\/categories?post=66838"},{"taxonomy":"post_tag","embeddable":true,"href":"https:\/\/afanoc.org\/es\/wp-json\/wp\/v2\/tags?post=66838"}],"curies":[{"name":"wp","href":"https:\/\/api.w.org\/{rel}","templated":true}]}}