{"id":65951,"date":"2024-10-15T11:01:03","date_gmt":"2024-10-15T09:01:03","guid":{"rendered":"https:\/\/afanoc.org\/?p=65951"},"modified":"2024-11-13T13:41:59","modified_gmt":"2024-11-13T11:41:59","slug":"ilustrador-asis-percales-crea-un-diseno-impactante-por-la-gorra-2024-25","status":"publish","type":"post","link":"https:\/\/afanoc.org\/es\/blog\/ilustrador-asis-percales-crea-un-diseno-impactante-por-la-gorra-2024-25\/","title":{"rendered":"El ilustrador, Asis Percales, crea un dise\u00f1o impactante para la gorra 2024-25"},"content":{"rendered":"\n<p class=\"has-medium-font-size\"><strong>\u00abPosa&#8217;t la gorra!, i dona&#8217;ns for\u00e7a\u00bb ser\u00e1 el eslogan de la campa\u00f1a de este a\u00f1o.<\/strong><\/p>\n\n<p>Nacido en Granada y con residencia en Barcelona, Asis ha compaginado a lo largo de su vida sus dos pasiones: el dibujo y la naturaleza, dando origen a un estilo propio. En su obra se entremezclan personajes, criaturas y elementos de diversa naturaleza, los cuales aparecen representados entre la fealdad y la belleza en diferentes situaciones y actitudes. <\/p>\n\n<p>Lo grotesco y lo extravagante son elementos que le llaman poderosamente la atenci\u00f3n y los utiliza como veh\u00edculo para captar la atenci\u00f3n y transmitir sensaciones. Poes\u00eda deconstruida sin significado aparente pero con una gran fuerza pict\u00f3rica y visual.  Nos gust\u00f3 enseguida porque su trazo es diferente al que hemos hecho hasta ahora, y cuando le lanzamos la propuesta no dud\u00f3 ni un segundo en aceptar. \u00abParticipar de esta campa\u00f1a ha significado salir de mi zona de confort para formar parte de un maravilloso proyecto\u00bb, afirma el artista. \u00abNunca he hecho ning\u00fan dise\u00f1o de gorra y estoy contento de que sea por esta causa\u00bb, asegura. <\/p>\n\n<figure class=\"wp-block-image size-full is-resized\"><a href=\"https:\/\/www.instagram.com\/asispercales\/\" target=\"_blank\" rel=\"noopener\"><img decoding=\"async\" width=\"850\" height=\"500\" src=\"https:\/\/afanoc.org\/wp-content\/uploads\/Obras-Asis-Percales.png\" alt=\"\" class=\"wp-image-65932\" style=\"width:800px;height:auto\" srcset=\"https:\/\/afanoc.org\/wp-content\/uploads\/Obras-Asis-Percales.png 850w, https:\/\/afanoc.org\/wp-content\/uploads\/Obras-Asis-Percales-320x188.png 320w, https:\/\/afanoc.org\/wp-content\/uploads\/Obras-Asis-Percales-150x88.png 150w, https:\/\/afanoc.org\/wp-content\/uploads\/Obras-Asis-Percales-768x452.png 768w, https:\/\/afanoc.org\/wp-content\/uploads\/Obras-Asis-Percales-600x353.png 600w\" sizes=\"(max-width: 850px) 100vw, 850px\" \/><\/a><figcaption class=\"wp-element-caption\">Algunas de sus obras. Puede seguirlo a trav\u00e9s de su <a href=\"\">Instagram<\/a> . <\/figcaption><\/figure>\n\n<p class=\"has-medium-font-size\"><strong>Una campa\u00f1a con mucha fuerza<\/strong><\/p>\n\n<p>En su dise\u00f1o aparece un \u00fanico elemento, la cara de un tigre, y el resultado es impactante pero a la vez muy inspirador, ya que nos permite realizar un paralelismo con el proceso que viven los ni\u00f1os, ni\u00f1as y adolescentes con c\u00e1ncer, dado que el coraje, el poder y la fuerza del tigre, se presentan de forma destacada en la realidad del c\u00e1ncer infantil, tanto por parte de los pacientes como de sus cuidadores. Estos valores son fundamentales para superar los desaf\u00edos que comporta la enfermedad y proporcionar esperanza e inspiraci\u00f3n a la sociedad. <\/p>\n\n<p class=\"has-medium-font-size\"><strong>\u00a1Una gorra que ruge por el c\u00e1ncer infantil!<\/strong><\/p>\n\n<figure class=\"wp-block-image size-full\"><img decoding=\"async\" width=\"850\" height=\"500\" src=\"https:\/\/afanoc.org\/wp-content\/uploads\/gorra-Asis-Percales.png\" alt=\"\" class=\"wp-image-65934\" srcset=\"https:\/\/afanoc.org\/wp-content\/uploads\/gorra-Asis-Percales.png 850w, https:\/\/afanoc.org\/wp-content\/uploads\/gorra-Asis-Percales-320x188.png 320w, https:\/\/afanoc.org\/wp-content\/uploads\/gorra-Asis-Percales-150x88.png 150w, https:\/\/afanoc.org\/wp-content\/uploads\/gorra-Asis-Percales-768x452.png 768w, https:\/\/afanoc.org\/wp-content\/uploads\/gorra-Asis-Percales-600x353.png 600w\" sizes=\"(max-width: 850px) 100vw, 850px\" \/><\/figure>\n\n<p class=\"has-text-align-center has-medium-font-size\"> <strong>POSA&#8217;T LA GORRA! I DONA&#8217;NS FOR\u00c7A!<\/strong><\/p>\n\n<div class=\"wp-block-buttons is-content-justification-center is-layout-flex wp-container-core-buttons-is-layout-a89b3969 wp-block-buttons-is-layout-flex\">\n<div class=\"wp-block-button has-custom-width wp-block-button__width-100 has-custom-font-size is-style-fill has-large-font-size\"><a class=\"wp-block-button__link has-ast-global-color-8-color has-luminous-vivid-amber-background-color has-text-color has-background has-link-color wp-element-button\" href=\"https:\/\/afanoc.org\/es\/tienda-solidaria\/gorra-asis-percales-2024\/\"><strong>  C\u00d3MPRALA AQU\u00cd<\/strong><\/a><\/div>\n<\/div>\n\n<p><\/p>\n","protected":false},"excerpt":{"rendered":"<p>\u00abPosa&#8217;t la gorra!, i dona&#8217;ns for\u00e7a\u00bb ser\u00e1 el eslogan de la campa\u00f1a de este a\u00f1o. Nacido en Granada y con residencia en Barcelona, Asis ha compaginado a lo largo de su vida sus dos pasiones: el dibujo y la naturaleza, dando origen a un estilo propio. En su obra se entremezclan personajes, criaturas y elementos [&hellip;]<\/p>\n","protected":false},"author":3,"featured_media":65942,"comment_status":"closed","ping_status":"closed","sticky":false,"template":"","format":"standard","meta":{"site-sidebar-layout":"default","site-content-layout":"","ast-site-content-layout":"default","site-content-style":"default","site-sidebar-style":"default","ast-global-header-display":"","ast-banner-title-visibility":"","ast-main-header-display":"","ast-hfb-above-header-display":"","ast-hfb-below-header-display":"","ast-hfb-mobile-header-display":"","site-post-title":"","ast-breadcrumbs-content":"","ast-featured-img":"","footer-sml-layout":"","theme-transparent-header-meta":"","adv-header-id-meta":"","stick-header-meta":"","header-above-stick-meta":"","header-main-stick-meta":"","header-below-stick-meta":"","astra-migrate-meta-layouts":"default","ast-page-background-enabled":"default","ast-page-background-meta":{"desktop":{"background-color":"var(--ast-global-color-4)","background-image":"","background-repeat":"repeat","background-position":"center center","background-size":"auto","background-attachment":"scroll","background-type":"","background-media":"","overlay-type":"","overlay-color":"","overlay-opacity":"","overlay-gradient":""},"tablet":{"background-color":"","background-image":"","background-repeat":"repeat","background-position":"center center","background-size":"auto","background-attachment":"scroll","background-type":"","background-media":"","overlay-type":"","overlay-color":"","overlay-opacity":"","overlay-gradient":""},"mobile":{"background-color":"","background-image":"","background-repeat":"repeat","background-position":"center center","background-size":"auto","background-attachment":"scroll","background-type":"","background-media":"","overlay-type":"","overlay-color":"","overlay-opacity":"","overlay-gradient":""}},"ast-content-background-meta":{"desktop":{"background-color":"var(--ast-global-color-5)","background-image":"","background-repeat":"repeat","background-position":"center center","background-size":"auto","background-attachment":"scroll","background-type":"","background-media":"","overlay-type":"","overlay-color":"","overlay-opacity":"","overlay-gradient":""},"tablet":{"background-color":"var(--ast-global-color-5)","background-image":"","background-repeat":"repeat","background-position":"center center","background-size":"auto","background-attachment":"scroll","background-type":"","background-media":"","overlay-type":"","overlay-color":"","overlay-opacity":"","overlay-gradient":""},"mobile":{"background-color":"var(--ast-global-color-5)","background-image":"","background-repeat":"repeat","background-position":"center center","background-size":"auto","background-attachment":"scroll","background-type":"","background-media":"","overlay-type":"","overlay-color":"","overlay-opacity":"","overlay-gradient":""}},"footnotes":""},"categories":[1085],"tags":[],"class_list":["post-65951","post","type-post","status-publish","format-standard","has-post-thumbnail","hentry","category-noticias"],"publishpress_future_workflow_manual_trigger":{"enabledWorkflows":[]},"_links":{"self":[{"href":"https:\/\/afanoc.org\/es\/wp-json\/wp\/v2\/posts\/65951","targetHints":{"allow":["GET"]}}],"collection":[{"href":"https:\/\/afanoc.org\/es\/wp-json\/wp\/v2\/posts"}],"about":[{"href":"https:\/\/afanoc.org\/es\/wp-json\/wp\/v2\/types\/post"}],"author":[{"embeddable":true,"href":"https:\/\/afanoc.org\/es\/wp-json\/wp\/v2\/users\/3"}],"replies":[{"embeddable":true,"href":"https:\/\/afanoc.org\/es\/wp-json\/wp\/v2\/comments?post=65951"}],"version-history":[{"count":0,"href":"https:\/\/afanoc.org\/es\/wp-json\/wp\/v2\/posts\/65951\/revisions"}],"wp:featuredmedia":[{"embeddable":true,"href":"https:\/\/afanoc.org\/es\/wp-json\/wp\/v2\/media\/65942"}],"wp:attachment":[{"href":"https:\/\/afanoc.org\/es\/wp-json\/wp\/v2\/media?parent=65951"}],"wp:term":[{"taxonomy":"category","embeddable":true,"href":"https:\/\/afanoc.org\/es\/wp-json\/wp\/v2\/categories?post=65951"},{"taxonomy":"post_tag","embeddable":true,"href":"https:\/\/afanoc.org\/es\/wp-json\/wp\/v2\/tags?post=65951"}],"curies":[{"name":"wp","href":"https:\/\/api.w.org\/{rel}","templated":true}]}}