{"id":65882,"date":"2024-10-11T10:27:05","date_gmt":"2024-10-11T08:27:05","guid":{"rendered":"https:\/\/afanoc.org\/blog\/alicia-pola-el-puesto-la-gorra-a-breda-nos-ha-ayudado-a-dar-a-conocer-lafanoc-a-girona\/"},"modified":"2024-10-24T11:56:45","modified_gmt":"2024-10-24T09:56:45","slug":"alicia-pola-el-puesto-la-gorra-a-breda-nos-ha-ayudado-a-dar-a-conocer-lafanoc-a-girona","status":"publish","type":"post","link":"https:\/\/afanoc.org\/es\/blog\/alicia-pola-el-puesto-la-gorra-a-breda-nos-ha-ayudado-a-dar-a-conocer-lafanoc-a-girona\/","title":{"rendered":"Al\u00edcia Pola: \u201cEl Posa&#8217;t la Gorra! en Breda nos ha ayudado a dar a conocer AFANOC en Girona\u201d"},"content":{"rendered":"\n<p class=\"has-medium-font-size\"><strong>Entrevistamos a la nueva delegada de la sede de AFANOC en Girona con motivo de la creaci\u00f3n de la nueva sede<\/strong><\/p>\n\n\n\n<p><strong>Al\u00edcia Pola es la delegada de la reci\u00e9n inaugurada sede de AFANOC en Girona. Conoci\u00f3 a la entidad en el 2009 cuando su hijo Eloi ingres\u00f3 en la planta Oncol\u00f3gica del Hospital Vall d&#8217;Hebron. Lo que m\u00e1s recuerda de aquella \u00e9poca es la ayuda que recibi\u00f3 por parte del equipo t\u00e9cnico y la gran labor del voluntariado pero tambi\u00e9n los peque\u00f1os detalles como el regalo que en Navidad se encontraba su hijo a los pies de la cama. . Todo lo vivido, le ha llevado a ser miembro de la Junta Directiva de la AFANOC, de la que forma parte desde hace tres a\u00f1os.   <\/strong><\/p>\n\n\n\n<p><strong>Con ella conversamos sobre el presente y futuro de la nueva sede en Gerona.<\/strong><\/p>\n\n\n\n<p><strong>\u2014\u00bfQu\u00e9 supone para las familias de Girona con un ni\u00f1o o adolescente con c\u00e1ncer tener una sede de AFANOC en la demarcaci\u00f3n?<\/strong><\/p>\n\n\n\n<p>Significa poder atenderles de una forma m\u00e1s f\u00e1cil, cercana y continuada. Desde Barcelona, \u200b\u200bcomo hac\u00edamos hasta ahora, a causa de la distancia, era m\u00e1s complicado. Muchas veces no pod\u00edamos hacerlo tal y como nos gusta, con proximidad.  <\/p>\n\n\n\n<p><strong>\u2014\u00bfCu\u00e1les son las prioridades que tiene como sede?<\/strong><\/p>\n\n\n\n<p> Atender a las familias de la provincia, que conozcan todo lo que ofrecemos en el territorio y dar a conocer el AFANOC en toda la provincia como tambi\u00e9n hacer la primera fiesta del \u201cPosa&#8217;t la Gorra!\u201d en Girona.<\/p>\n\n\n\n<div style=\"height:42px\" aria-hidden=\"true\" class=\"wp-block-spacer\"><\/div>\n\n\n\n<figure class=\"wp-block-image size-full\"><img decoding=\"async\" width=\"850\" height=\"400\" src=\"https:\/\/afanoc.org\/wp-content\/uploads\/destacat-alicia-pola-cast.png\" alt=\"\" class=\"wp-image-65885\" srcset=\"https:\/\/afanoc.org\/wp-content\/uploads\/destacat-alicia-pola-cast.png 850w, https:\/\/afanoc.org\/wp-content\/uploads\/destacat-alicia-pola-cast-320x151.png 320w, https:\/\/afanoc.org\/wp-content\/uploads\/destacat-alicia-pola-cast-150x71.png 150w, https:\/\/afanoc.org\/wp-content\/uploads\/destacat-alicia-pola-cast-768x361.png 768w, https:\/\/afanoc.org\/wp-content\/uploads\/destacat-alicia-pola-cast-600x282.png 600w\" sizes=\"(max-width: 850px) 100vw, 850px\" \/><\/figure>\n\n\n\n<div style=\"height:42px\" aria-hidden=\"true\" class=\"wp-block-spacer\"><\/div>\n\n\n\n<p><strong><br>\u2014\u00bfC\u00f3mo se est\u00e1 coordinando en estas primeras semanas?<\/strong><\/p>\n\n\n\n<p>Tenemos a nuestra trabajadora social, Anna Gim\u00e9nez, que se est\u00e1 poniendo en contacto con todas las familias de la provincia. Con algunas de las familias que est\u00e1n en la Casa de los Xuklis ya lo ha hecho para contarles todo lo que ofrecemos desde la sede. Tambi\u00e9n se est\u00e1 organizando un encuentro de familias para que puedan acercarse y conocer la nueva sede, como una inauguraci\u00f3n para ellas.  <\/p>\n\n\n\n<p>Adem\u00e1s, entre nuestro gerente, el Narc\u00eds Serrats; nuestro tesorero, Pep Cruz y yo misma, buscamos <em>Implica&#8217;ts<\/em> (colaboraciones de la sociedad) y la posibilidad de hacer alg\u00fan concierto de <em>RockpelsXuklis<\/em> en toda la demarcaci\u00f3n.<\/p>\n\n\n\n<p><strong>\u2014\u00bfC\u00f3mo te gustar\u00eda ver la sede en un par de a\u00f1os?<\/strong><\/p>\n\n\n\n<p>Hace un par de a\u00f1os, esta pregunta era muy f\u00e1cil de responder puesto que era poder abrir la sede en Girona abierta y as\u00ed cerrar el c\u00edrculo de las cuatro provincias de Catalunya. Ahora, creo que la respuesta es poder contar con un psic\u00f3logo\/a, un\/a fisioterapeuta, y poder realizar sesiones de musicoterapia, sesiones de dibujo o pintura. Tambi\u00e9n nos gustar\u00eda organizar encuentros de familia y contar con un buen equipo de voluntariado.  <\/p>\n\n\n\n<p><strong>\u2014\u00bfCrees que el \u00abPosa&#8217;t la Gorra!\u00bb \u00bfque ha comenzado haciendo en Breda es una buena manera de dar a conocer la AFANOC en el territorio?<\/strong><\/p>\n\n\n\n<p>S\u00ed, totalmente. Con la primera fiesta invitamos a la Diputaci\u00f3n de Girona, Dipsalut, y diferentes alcaldes de la comarca de la Selva, esto hizo que pudieran conocer nuestra identidad que es la gorra y vieran lo que \u00e9ramos capaces de hacer en un pueblo tan peque\u00f1o como Breda. <\/p>\n\n\n\n<p>Este a\u00f1o hemos vuelto a organizar la fiesta y han participado nuevas autoridades para saber de primera mano la labor que hacemos como AFANOC. Lo valoramos muy positivamente. <\/p>\n\n\n\n<div style=\"height:22px\" aria-hidden=\"true\" class=\"wp-block-spacer\"><\/div>\n\n\n\n<div class=\"wp-block-buttons is-content-justification-center is-layout-flex wp-container-core-buttons-is-layout-a89b3969 wp-block-buttons-is-layout-flex\">\n<div class=\"wp-block-button\"><a class=\"wp-block-button__link has-ast-global-color-5-color has-text-color has-link-color wp-element-button\" href=\"https:\/\/afanoc.org\/es\/blog\/abrimos-una-nueva-sede-en-girona\/\" target=\"_blank\" rel=\"noreferrer noopener\"><strong>INAUGURACI\u00d3N DE LA NUEVA SEDE EN GIRONA<\/strong><\/a><\/div>\n<\/div>\n\n\n\n<p><\/p>\n","protected":false},"excerpt":{"rendered":"<p>Entrevistamos a la nueva delegada de la sede de AFANOC en Girona con motivo de la creaci\u00f3n de la nueva sede Al\u00edcia Pola es la delegada de la reci\u00e9n inaugurada sede de AFANOC en Girona. Conoci\u00f3 a la entidad en el 2009 cuando su hijo Eloi ingres\u00f3 en la planta Oncol\u00f3gica del Hospital Vall d&#8217;Hebron. [&hellip;]<\/p>\n","protected":false},"author":693,"featured_media":65881,"comment_status":"closed","ping_status":"closed","sticky":false,"template":"","format":"standard","meta":{"site-sidebar-layout":"default","site-content-layout":"","ast-site-content-layout":"default","site-content-style":"default","site-sidebar-style":"default","ast-global-header-display":"","ast-banner-title-visibility":"","ast-main-header-display":"","ast-hfb-above-header-display":"","ast-hfb-below-header-display":"","ast-hfb-mobile-header-display":"","site-post-title":"","ast-breadcrumbs-content":"","ast-featured-img":"","footer-sml-layout":"","theme-transparent-header-meta":"","adv-header-id-meta":"","stick-header-meta":"","header-above-stick-meta":"","header-main-stick-meta":"","header-below-stick-meta":"","astra-migrate-meta-layouts":"set","ast-page-background-enabled":"default","ast-page-background-meta":{"desktop":{"background-color":"var(--ast-global-color-4)","background-image":"","background-repeat":"repeat","background-position":"center center","background-size":"auto","background-attachment":"scroll","background-type":"","background-media":"","overlay-type":"","overlay-color":"","overlay-opacity":"","overlay-gradient":""},"tablet":{"background-color":"","background-image":"","background-repeat":"repeat","background-position":"center center","background-size":"auto","background-attachment":"scroll","background-type":"","background-media":"","overlay-type":"","overlay-color":"","overlay-opacity":"","overlay-gradient":""},"mobile":{"background-color":"","background-image":"","background-repeat":"repeat","background-position":"center center","background-size":"auto","background-attachment":"scroll","background-type":"","background-media":"","overlay-type":"","overlay-color":"","overlay-opacity":"","overlay-gradient":""}},"ast-content-background-meta":{"desktop":{"background-color":"var(--ast-global-color-5)","background-image":"","background-repeat":"repeat","background-position":"center center","background-size":"auto","background-attachment":"scroll","background-type":"","background-media":"","overlay-type":"","overlay-color":"","overlay-opacity":"","overlay-gradient":""},"tablet":{"background-color":"var(--ast-global-color-5)","background-image":"","background-repeat":"repeat","background-position":"center center","background-size":"auto","background-attachment":"scroll","background-type":"","background-media":"","overlay-type":"","overlay-color":"","overlay-opacity":"","overlay-gradient":""},"mobile":{"background-color":"var(--ast-global-color-5)","background-image":"","background-repeat":"repeat","background-position":"center center","background-size":"auto","background-attachment":"scroll","background-type":"","background-media":"","overlay-type":"","overlay-color":"","overlay-opacity":"","overlay-gradient":""}},"footnotes":""},"categories":[1085],"tags":[],"class_list":["post-65882","post","type-post","status-publish","format-standard","has-post-thumbnail","hentry","category-noticias"],"publishpress_future_workflow_manual_trigger":{"enabledWorkflows":[]},"_links":{"self":[{"href":"https:\/\/afanoc.org\/es\/wp-json\/wp\/v2\/posts\/65882","targetHints":{"allow":["GET"]}}],"collection":[{"href":"https:\/\/afanoc.org\/es\/wp-json\/wp\/v2\/posts"}],"about":[{"href":"https:\/\/afanoc.org\/es\/wp-json\/wp\/v2\/types\/post"}],"author":[{"embeddable":true,"href":"https:\/\/afanoc.org\/es\/wp-json\/wp\/v2\/users\/693"}],"replies":[{"embeddable":true,"href":"https:\/\/afanoc.org\/es\/wp-json\/wp\/v2\/comments?post=65882"}],"version-history":[{"count":0,"href":"https:\/\/afanoc.org\/es\/wp-json\/wp\/v2\/posts\/65882\/revisions"}],"wp:featuredmedia":[{"embeddable":true,"href":"https:\/\/afanoc.org\/es\/wp-json\/wp\/v2\/media\/65881"}],"wp:attachment":[{"href":"https:\/\/afanoc.org\/es\/wp-json\/wp\/v2\/media?parent=65882"}],"wp:term":[{"taxonomy":"category","embeddable":true,"href":"https:\/\/afanoc.org\/es\/wp-json\/wp\/v2\/categories?post=65882"},{"taxonomy":"post_tag","embeddable":true,"href":"https:\/\/afanoc.org\/es\/wp-json\/wp\/v2\/tags?post=65882"}],"curies":[{"name":"wp","href":"https:\/\/api.w.org\/{rel}","templated":true}]}}