{"id":64770,"date":"2024-09-12T10:21:58","date_gmt":"2024-09-12T08:21:58","guid":{"rendered":"https:\/\/afanoc.org\/?p=64770"},"modified":"2024-09-12T12:43:26","modified_gmt":"2024-09-12T12:43:26","slug":"el-posat-la-gorra-vuelve-a-breda-a-las-puertas-de-la-inauguracion-de-la-nueva-sede-en-girona","status":"publish","type":"post","link":"https:\/\/afanoc.org\/es\/blog\/el-posat-la-gorra-vuelve-a-breda-a-las-puertas-de-la-inauguracion-de-la-nueva-sede-en-girona\/","title":{"rendered":"\u00a1El Posa&#8217;t la Gorra! vuelve a Breda a las puertas de la inauguraci\u00f3n de la nueva sede en Girona"},"content":{"rendered":"\n<p class=\"has-medium-font-size\"><strong>El pasado s\u00e0bado 7 de septiembre la fiesta del \u00abPosa&#8217;t la Gorra!\u00bb s\u2019ha celebrado en la plaza Llu\u00eds Companys (La Miranda), dentro del marco de la Fiesta Mayor<\/strong><\/p>\n\n\n\n<p>Breda, en la comarca de la Selva (Girona), ha acogido, por segunda vez, la fiesta familiar y festiva del \u00abPosa&#8217;t la Gorra!\u00bb, la ma\u00f1ana del s\u00e1bado pasado, d\u00eda 7 de septiembre, en la plaza Llu\u00eds Companys (La Miranda). La jornada de sensibilizaci\u00f3n sobre el c\u00e1ncer infantil ha contado con el presidente de AFANOC, Miguel Javaloy; la delegada de AFANOC en Girona, Al\u00edcia Pola; el gerente de AFANOC, Narc\u00eds Serrats; el alcalde del Ayuntamiento de Breda, D\u00eddac Manresa y el tercer vicepresidente del Consejo Comarcal de La Selva, Albert Sanz, entre otros representantes institucionales y miembros de la Junta de AFANOC. <\/p>\n\n\n\n<p>La fiesta se inici\u00f3 en la plaza de la villa con los gigantes de Breda que dieron el pistoletazo de salida al \u201cPosa&#8217;t la Gorra!\u201d, hasta la plaza Llu\u00eds Companys (La Miranda), lugar donde los participantes disfrutaron de las actividades, talleres, hinchables y sorteos. Durante la jornada, tambi\u00e9n se pudo ver la obra de teatro \u00abHai, la pescadora de sue\u00f1os\u00bb a cargo de la compa\u00f1\u00eda Giram\u00e0gic y vibrar con un concierto de G\u00f3spel, con el grupo El Clot. <\/p>\n\n\n\n<figure class=\"wp-block-image size-large\"><img decoding=\"async\" width=\"1024\" height=\"577\" src=\"https:\/\/afanoc.org\/wp-content\/uploads\/interior-noti-1024x577.jpg\" alt=\"\" class=\"wp-image-64763\" srcset=\"https:\/\/afanoc.org\/wp-content\/uploads\/interior-noti-1024x577.jpg 1024w, https:\/\/afanoc.org\/wp-content\/uploads\/interior-noti-320x180.jpg 320w, https:\/\/afanoc.org\/wp-content\/uploads\/interior-noti-150x85.jpg 150w, https:\/\/afanoc.org\/wp-content\/uploads\/interior-noti-768x433.jpg 768w, https:\/\/afanoc.org\/wp-content\/uploads\/interior-noti-600x338.jpg 600w, https:\/\/afanoc.org\/wp-content\/uploads\/interior-noti.jpg 1103w\" sizes=\"(max-width: 1024px) 100vw, 1024px\" \/><\/figure>\n\n\n\n<p>El momento central del acto, como en todo \u201cPosa&#8217;t la Gorra!\u201d, fue la lectura del Manifiesto a cargo de Neus y Claudi, madre e hijo, de Santa Coloma de Farners, que estuvieron alojados en La Casa de los Xuklis. \u201cLa leucemia me pill\u00f3 muy peque\u00f1o y conocer la Casa de los Xuklis fue un oasis en medio del desierto, se convirti\u00f3 en nuestro hogar\u201d, explic\u00f3 Claudi, de 7 a\u00f1os. Su madre, Neus, agradeci\u00f3 el acompa\u00f1amiento recibido por AFANOC durante la enfermedad: \u201cEllos no pueden curar, pero hacen que el proceso sea mucho m\u00e1s llano, nos cuidan, nos ayudan&#8230;\u201d. Y, al mismo tiempo, pidi\u00f3 m\u00e1s recursos para la investigaci\u00f3n y para las asociaciones que, como AFANOC, alivian el peso de la enfermedad.   <\/p>\n\n\n\n<p>La participaci\u00f3n en la fiesta del \u201cPosa&#8217;t la Gorra!\u201d en Breda contribuir\u00e1 a la apertura de la nueva sede de AFANOC en Girona que atender\u00e1 y acompa\u00f1ar\u00e1 a las familias con un ni\u00f1o o adolescente con c\u00e1ncer del territorio, una vez regresen a casa.<\/p>\n\n\n\n<p><\/p>\n\n\n\n<div class=\"wp-block-buttons is-content-justification-center is-layout-flex wp-container-core-buttons-is-layout-a89b3969 wp-block-buttons-is-layout-flex\">\n<div class=\"wp-block-button\"><a class=\"wp-block-button__link has-text-align-center wp-element-button\" href=\"https:\/\/www.flickr.com\/photos\/afanoc\/albums\/72177720320215497\/\" target=\"_blank\" rel=\"noopener\"><strong>GALERIA FOTOGR\u00c1FICA DE LA FIESTA<\/strong><\/a><\/div>\n<\/div>\n\n\n\n<p><\/p>\n","protected":false},"excerpt":{"rendered":"<p>El pasado s\u00e0bado 7 de septiembre la fiesta del \u00abPosa&#8217;t la Gorra!\u00bb s\u2019ha celebrado en la plaza Llu\u00eds Companys (La Miranda), dentro del marco de la Fiesta Mayor Breda, en la comarca de la Selva (Girona), ha acogido, por segunda vez, la fiesta familiar y festiva del \u00abPosa&#8217;t la Gorra!\u00bb, la ma\u00f1ana del s\u00e1bado pasado, [&hellip;]<\/p>\n","protected":false},"author":3,"featured_media":64768,"comment_status":"closed","ping_status":"closed","sticky":false,"template":"","format":"standard","meta":{"site-sidebar-layout":"default","site-content-layout":"","ast-site-content-layout":"default","site-content-style":"default","site-sidebar-style":"default","ast-global-header-display":"","ast-banner-title-visibility":"","ast-main-header-display":"","ast-hfb-above-header-display":"","ast-hfb-below-header-display":"","ast-hfb-mobile-header-display":"","site-post-title":"","ast-breadcrumbs-content":"","ast-featured-img":"","footer-sml-layout":"","theme-transparent-header-meta":"","adv-header-id-meta":"","stick-header-meta":"","header-above-stick-meta":"","header-main-stick-meta":"","header-below-stick-meta":"","astra-migrate-meta-layouts":"set","ast-page-background-enabled":"default","ast-page-background-meta":{"desktop":{"background-color":"var(--ast-global-color-4)","background-image":"","background-repeat":"repeat","background-position":"center center","background-size":"auto","background-attachment":"scroll","background-type":"","background-media":"","overlay-type":"","overlay-color":"","overlay-opacity":"","overlay-gradient":""},"tablet":{"background-color":"","background-image":"","background-repeat":"repeat","background-position":"center center","background-size":"auto","background-attachment":"scroll","background-type":"","background-media":"","overlay-type":"","overlay-color":"","overlay-opacity":"","overlay-gradient":""},"mobile":{"background-color":"","background-image":"","background-repeat":"repeat","background-position":"center center","background-size":"auto","background-attachment":"scroll","background-type":"","background-media":"","overlay-type":"","overlay-color":"","overlay-opacity":"","overlay-gradient":""}},"ast-content-background-meta":{"desktop":{"background-color":"var(--ast-global-color-5)","background-image":"","background-repeat":"repeat","background-position":"center center","background-size":"auto","background-attachment":"scroll","background-type":"","background-media":"","overlay-type":"","overlay-color":"","overlay-opacity":"","overlay-gradient":""},"tablet":{"background-color":"var(--ast-global-color-5)","background-image":"","background-repeat":"repeat","background-position":"center center","background-size":"auto","background-attachment":"scroll","background-type":"","background-media":"","overlay-type":"","overlay-color":"","overlay-opacity":"","overlay-gradient":""},"mobile":{"background-color":"var(--ast-global-color-5)","background-image":"","background-repeat":"repeat","background-position":"center center","background-size":"auto","background-attachment":"scroll","background-type":"","background-media":"","overlay-type":"","overlay-color":"","overlay-opacity":"","overlay-gradient":""}},"footnotes":""},"categories":[1085],"tags":[],"class_list":["post-64770","post","type-post","status-publish","format-standard","has-post-thumbnail","hentry","category-noticias"],"publishpress_future_workflow_manual_trigger":{"enabledWorkflows":[]},"_links":{"self":[{"href":"https:\/\/afanoc.org\/es\/wp-json\/wp\/v2\/posts\/64770","targetHints":{"allow":["GET"]}}],"collection":[{"href":"https:\/\/afanoc.org\/es\/wp-json\/wp\/v2\/posts"}],"about":[{"href":"https:\/\/afanoc.org\/es\/wp-json\/wp\/v2\/types\/post"}],"author":[{"embeddable":true,"href":"https:\/\/afanoc.org\/es\/wp-json\/wp\/v2\/users\/3"}],"replies":[{"embeddable":true,"href":"https:\/\/afanoc.org\/es\/wp-json\/wp\/v2\/comments?post=64770"}],"version-history":[{"count":0,"href":"https:\/\/afanoc.org\/es\/wp-json\/wp\/v2\/posts\/64770\/revisions"}],"wp:featuredmedia":[{"embeddable":true,"href":"https:\/\/afanoc.org\/es\/wp-json\/wp\/v2\/media\/64768"}],"wp:attachment":[{"href":"https:\/\/afanoc.org\/es\/wp-json\/wp\/v2\/media?parent=64770"}],"wp:term":[{"taxonomy":"category","embeddable":true,"href":"https:\/\/afanoc.org\/es\/wp-json\/wp\/v2\/categories?post=64770"},{"taxonomy":"post_tag","embeddable":true,"href":"https:\/\/afanoc.org\/es\/wp-json\/wp\/v2\/tags?post=64770"}],"curies":[{"name":"wp","href":"https:\/\/api.w.org\/{rel}","templated":true}]}}