{"id":61467,"date":"2024-04-16T08:42:07","date_gmt":"2024-04-16T06:42:07","guid":{"rendered":"https:\/\/afanoc.org\/?p=60108"},"modified":"2024-06-17T10:55:54","modified_gmt":"2024-06-17T10:55:54","slug":"el-posat-la-gorra-de-tarragona-torna-al-cor-de-la-ciutat-despresde-20-anys-2","status":"publish","type":"post","link":"https:\/\/afanoc.org\/es\/blog\/el-posat-la-gorra-de-tarragona-torna-al-cor-de-la-ciutat-despresde-20-anys-2\/","title":{"rendered":"El \u201cPosa\u2019t la Gorra!\u201d de Tarragona regresa al coraz\u00f3n de la ciudad despu\u00e9s de 20 a\u00f1os"},"content":{"rendered":"\n<p class=\"has-medium-font-size\"><strong>El domingo 16 de junio, por la ma\u00f1ana, la gran fiesta del \u00abPosa\u2019t la Gorra!\u00bb regresar\u00e1 al Camp de Mart de Tarragona con un escenario que contar\u00e1 con las voces \u201ceuf\u00f3ricas\u201d de Alexia Pascual (Constant\u00ed) y Mariona Escoda (Valls). La gorra solidaria ser\u00e1 la entrada para poder acceder a la fiesta<\/strong><\/p>\n\n\n\n<p>Empieza la cuenta atr\u00e1s. \u00a1Faltan exactamente dos meses para la fiesta del <a href=\"https:\/\/afanoc.org\/es\/posat-la-gorra\/\" data-type=\"link\" data-id=\"https:\/\/afanoc.org\/es\/posat-la-gorra\/\" target=\"_blank\" rel=\"noreferrer noopener\">\u201cPosa\u2019t la Gorra!\u201d<\/a> de Tarragona que se celebrar\u00e1 el <strong><a href=\"https:\/\/afanoc.org\/es\/evento\/posat-la-gorra-en-el-poble-espanyol-el-3-de-diciembre-festa-2\/\" target=\"_blank\" data-type=\"link\" data-id=\"https:\/\/afanoc.org\/es\/evento\/posat-la-gorra-en-el-poble-espanyol-el-3-de-diciembre-festa-2\/\" rel=\"noreferrer noopener\">domingo 16 de junio en el Camp de Mart de Tarragona<\/a><\/strong>, a partir de las 10.30 horas. Una fiesta que vuelve al coraz\u00f3n de la ciudad con m\u00e1s fuerza que nunca para celebrar con toda la ciudadan\u00eda los <strong>20 a\u00f1os de presencia de AFANOC en Tarragona.<\/strong><\/p>\n\n\n\n<figure class=\"wp-block-gallery has-nested-images columns-default is-cropped wp-block-gallery-1 is-layout-flex wp-block-gallery-is-layout-flex\">\n<figure class=\"wp-block-image size-large\"><img decoding=\"async\" data-id=\"60084\" src=\"https:\/\/afanoc.org\/wp-content\/uploads\/escenari-web.jpg\" alt=\"\" class=\"wp-image-60084\"\/><\/figure>\n<\/figure>\n\n\n\n<p>Los reconocidos periodistas de TV3 <strong>N\u00faria Sol\u00e9 <\/strong>y<strong> Eloi Vila<\/strong> ser\u00e1n los encargados de dinamizar la fiesta que empezar\u00e1 a partir de las 10.30 horas. La m\u00fasica m\u00e1s festiva de la <strong>Bandarra Street Orkestra<\/strong> dar\u00e1 el pistoletazo de salida a la fiesta y el grupo de animaci\u00f3n infantil <strong>Rikus <\/strong>har\u00e1 bailar a peque\u00f1os y mayores. El auditorio del Camp de Mart vibrar\u00e1 con las actuaciones especiales de dos voces muy \u201ceuf\u00f3ricas\u201d, <strong>Alexia Pascual<\/strong> y <strong>Mariona Escoda<\/strong>, y con la Colla castellera de los <strong>Xiquets del Serrallo<\/strong>. El momento institucional de la fiesta llegar\u00e1 con la lectura del manifiesto a cargo de una familia que ha vivido la realidad de la enfermedad, acompa\u00f1ados de la junta de AFANOC y los representantes institucionales. Aparte de las actuaciones, se contar\u00e1 con una decena de <strong>talleres<\/strong> para los m\u00e1s peque\u00f1os.<\/p>\n\n\n\n<figure class=\"wp-block-gallery has-nested-images columns-default is-cropped wp-block-gallery-2 is-layout-flex wp-block-gallery-is-layout-flex\">\n<figure class=\"wp-block-image size-large\"><img decoding=\"async\" data-id=\"60086\" src=\"https:\/\/afanoc.org\/wp-content\/uploads\/rikus.jpg\" alt=\"\" class=\"wp-image-60086\"\/><\/figure>\n<\/figure>\n\n\n\n<p>La fiesta cuenta con la colaboraci\u00f3n del Ayuntamiento de Tarragona y el apoyo y patrocinio del Port de Tarragona, la Diputaci\u00f3 de Tarragona, y las empresas Fl\u00faor y Castell d&#8217;Or, adem\u00e1s de entidades y asociaciones del territorio.<\/p>\n\n\n\n<p>La <a href=\"https:\/\/afanoc.org\/es\/tienda-solidaria\/gorra-tarsila-schubert-2023\/\" target=\"_blank\" data-type=\"link\" data-id=\"https:\/\/afanoc.org\/es\/tienda-solidaria\/gorra-tarsila-schubert-2023\/\" rel=\"noreferrer noopener\">gorra solidaria<\/a>, dise\u00f1ada por la artista brasile\u00f1a Tarsila Schubert, ser\u00e1 la entrada, a partir de los 3 a\u00f1os, para acceder a la fiesta.<\/p>\n\n\n\n<figure class=\"wp-block-gallery has-nested-images columns-default is-cropped wp-block-gallery-3 is-layout-flex wp-block-gallery-is-layout-flex\">\n<figure class=\"wp-block-image size-large\"><img decoding=\"async\" data-id=\"60088\" src=\"https:\/\/afanoc.org\/wp-content\/uploads\/bandarra.jpg\" alt=\"\" class=\"wp-image-60088\"\/><\/figure>\n<\/figure>\n","protected":false},"excerpt":{"rendered":"<p>El domingo 16 de junio, por la ma\u00f1ana, la gran fiesta del \u00abPosa\u2019t la Gorra!\u00bb regresar\u00e1 al Camp de Mart de Tarragona con un escenario que contar\u00e1 con las voces \u201ceuf\u00f3ricas\u201d de Alexia Pascual (Constant\u00ed) y Mariona Escoda (Valls). La gorra solidaria ser\u00e1 la entrada para poder acceder a la fiesta Empieza la cuenta atr\u00e1s. [&hellip;]<\/p>\n","protected":false},"author":693,"featured_media":60203,"comment_status":"closed","ping_status":"closed","sticky":false,"template":"","format":"standard","meta":{"site-sidebar-layout":"default","site-content-layout":"","ast-site-content-layout":"default","site-content-style":"default","site-sidebar-style":"default","ast-global-header-display":"","ast-banner-title-visibility":"","ast-main-header-display":"","ast-hfb-above-header-display":"","ast-hfb-below-header-display":"","ast-hfb-mobile-header-display":"","site-post-title":"","ast-breadcrumbs-content":"","ast-featured-img":"","footer-sml-layout":"","theme-transparent-header-meta":"","adv-header-id-meta":"","stick-header-meta":"","header-above-stick-meta":"","header-main-stick-meta":"","header-below-stick-meta":"","astra-migrate-meta-layouts":"set","ast-page-background-enabled":"default","ast-page-background-meta":{"desktop":{"background-color":"var(--ast-global-color-4)","background-image":"","background-repeat":"repeat","background-position":"center center","background-size":"auto","background-attachment":"scroll","background-type":"","background-media":"","overlay-type":"","overlay-color":"","overlay-opacity":"","overlay-gradient":""},"tablet":{"background-color":"","background-image":"","background-repeat":"repeat","background-position":"center center","background-size":"auto","background-attachment":"scroll","background-type":"","background-media":"","overlay-type":"","overlay-color":"","overlay-opacity":"","overlay-gradient":""},"mobile":{"background-color":"","background-image":"","background-repeat":"repeat","background-position":"center center","background-size":"auto","background-attachment":"scroll","background-type":"","background-media":"","overlay-type":"","overlay-color":"","overlay-opacity":"","overlay-gradient":""}},"ast-content-background-meta":{"desktop":{"background-color":"var(--ast-global-color-5)","background-image":"","background-repeat":"repeat","background-position":"center center","background-size":"auto","background-attachment":"scroll","background-type":"","background-media":"","overlay-type":"","overlay-color":"","overlay-opacity":"","overlay-gradient":""},"tablet":{"background-color":"var(--ast-global-color-5)","background-image":"","background-repeat":"repeat","background-position":"center center","background-size":"auto","background-attachment":"scroll","background-type":"","background-media":"","overlay-type":"","overlay-color":"","overlay-opacity":"","overlay-gradient":""},"mobile":{"background-color":"var(--ast-global-color-5)","background-image":"","background-repeat":"repeat","background-position":"center center","background-size":"auto","background-attachment":"scroll","background-type":"","background-media":"","overlay-type":"","overlay-color":"","overlay-opacity":"","overlay-gradient":""}},"footnotes":""},"categories":[1085,799],"tags":[],"class_list":["post-61467","post","type-post","status-publish","format-standard","has-post-thumbnail","hentry","category-noticias","category-noticies"],"publishpress_future_workflow_manual_trigger":{"enabledWorkflows":[]},"_links":{"self":[{"href":"https:\/\/afanoc.org\/es\/wp-json\/wp\/v2\/posts\/61467","targetHints":{"allow":["GET"]}}],"collection":[{"href":"https:\/\/afanoc.org\/es\/wp-json\/wp\/v2\/posts"}],"about":[{"href":"https:\/\/afanoc.org\/es\/wp-json\/wp\/v2\/types\/post"}],"author":[{"embeddable":true,"href":"https:\/\/afanoc.org\/es\/wp-json\/wp\/v2\/users\/693"}],"replies":[{"embeddable":true,"href":"https:\/\/afanoc.org\/es\/wp-json\/wp\/v2\/comments?post=61467"}],"version-history":[{"count":0,"href":"https:\/\/afanoc.org\/es\/wp-json\/wp\/v2\/posts\/61467\/revisions"}],"wp:featuredmedia":[{"embeddable":true,"href":"https:\/\/afanoc.org\/es\/wp-json\/wp\/v2\/media\/60203"}],"wp:attachment":[{"href":"https:\/\/afanoc.org\/es\/wp-json\/wp\/v2\/media?parent=61467"}],"wp:term":[{"taxonomy":"category","embeddable":true,"href":"https:\/\/afanoc.org\/es\/wp-json\/wp\/v2\/categories?post=61467"},{"taxonomy":"post_tag","embeddable":true,"href":"https:\/\/afanoc.org\/es\/wp-json\/wp\/v2\/tags?post=61467"}],"curies":[{"name":"wp","href":"https:\/\/api.w.org\/{rel}","templated":true}]}}