{"id":61453,"date":"2024-02-28T12:08:18","date_gmt":"2024-02-28T10:08:18","guid":{"rendered":"https:\/\/afanoc.org\/blog\/la-paeria-reconeix-el-suport-de-lempresa-de-supermercats-plusfresc-a-lafanoc-a-lleida\/"},"modified":"2024-06-17T13:16:30","modified_gmt":"2024-06-17T13:16:30","slug":"la-paeria-reconeix-el-suport-de-lempresa-de-supermercats-plusfresc-a-lafanoc-a-lleida-2","status":"publish","type":"post","link":"https:\/\/afanoc.org\/es\/blog\/la-paeria-reconeix-el-suport-de-lempresa-de-supermercats-plusfresc-a-lafanoc-a-lleida-2\/","title":{"rendered":"La Paeria reconoce el apoyo de la empresa de supermercados Plusfresc a AFANOC de Lleida"},"content":{"rendered":"\n<p class=\"has-medium-font-size\"><strong>El director de la empresa, Rafael Oncins, recogi\u00f3 la distinci\u00f3n acompa\u00f1ado de la coordinadora de la sede leridana, Victoria Cano<\/strong><\/p>\n\n\n\n<p>AFANOC de Lleida estuvo presente, el pasado d\u00eda 20 de febrero, en la und\u00e9cima edici\u00f3n de los reconocimientos a la Acci\u00f3n Social y Solidaria en Lleida que impulsa la <a href=\"https:\/\/www.paeria.cat\/es\/actualidad\/noticias\/24-empresas-y-agentes-sociales-de-lleida-reciben-el-reconocimiento-a-la-accion-social-y-solidaria?set_language=es\" data-type=\"link\" data-id=\"https:\/\/www.paeria.cat\/es\/actualidad\/noticias\/24-empresas-y-agentes-sociales-de-lleida-reciben-el-reconocimiento-a-la-accion-social-y-solidaria?set_language=es\" target=\"_blank\" rel=\"noreferrer noopener\">Paeria<\/a>, a trav\u00e9s de la Concejal\u00eda de Acci\u00f3n e Innovaci\u00f3n Social, por en reconocer y visibilidad el compromiso social y solidario del tejido empresarial del territorio con motivo del D\u00eda Mundial de la Justicia Social.<\/p>\n\n\n\n<figure class=\"wp-block-image size-full\"><img decoding=\"async\" src=\"https:\/\/afanoc.org\/wp-content\/uploads\/lleida-noti.jpg\" alt=\"\" class=\"wp-image-59306\"\/><\/figure>\n\n\n\n<div style=\"height:18px\" aria-hidden=\"true\" class=\"wp-block-spacer\"><\/div>\n\n\n\n<p>Este a\u00f1o, se reconoc\u00eda la labor de las empresas y agentes sociales que durante el 2023 hab\u00edan contribuido a mejorar y modificar de forma significativa situaciones de exclusi\u00f3n social y que han dado respuesta a una nueva necesidad detectada o vinculada a las actuaciones de respuesta que llevan a las entidades del tercer sector de acci\u00f3n social, de solidaridad, de cooperaci\u00f3n y desarrollo de Lleida.<\/p>\n\n\n\n<p>Desde AFANOC Lleida propusieron la empresa Supermercados Plusfresc por su apoyo al proyecto de acompa\u00f1amiento a las familias con ni\u00f1os y j\u00f3venes con c\u00e1ncer y la campa\u00f1a del \u201cPosa&#8217;t la Gorra!\u201d desde los inicios de la entidad en la ciudad. Rafael Oncins, director de la empresa, acompa\u00f1ado por Victoria Cano, coordinadora de la sede, fueron los encargados de recoger ese reconocimiento.<\/p>\n","protected":false},"excerpt":{"rendered":"<p>El director de la empresa, Rafael Oncins, recogi\u00f3 la distinci\u00f3n acompa\u00f1ado de la coordinadora de la sede leridana, Victoria Cano AFANOC de Lleida estuvo presente, el pasado d\u00eda 20 de febrero, en la und\u00e9cima edici\u00f3n de los reconocimientos a la Acci\u00f3n Social y Solidaria en Lleida que impulsa la Paeria, a trav\u00e9s de la Concejal\u00eda [&hellip;]<\/p>\n","protected":false},"author":693,"featured_media":60145,"comment_status":"closed","ping_status":"closed","sticky":false,"template":"","format":"standard","meta":{"site-sidebar-layout":"default","site-content-layout":"","ast-site-content-layout":"default","site-content-style":"default","site-sidebar-style":"default","ast-global-header-display":"","ast-banner-title-visibility":"","ast-main-header-display":"","ast-hfb-above-header-display":"","ast-hfb-below-header-display":"","ast-hfb-mobile-header-display":"","site-post-title":"","ast-breadcrumbs-content":"","ast-featured-img":"","footer-sml-layout":"","theme-transparent-header-meta":"","adv-header-id-meta":"","stick-header-meta":"","header-above-stick-meta":"","header-main-stick-meta":"","header-below-stick-meta":"","astra-migrate-meta-layouts":"set","ast-page-background-enabled":"default","ast-page-background-meta":{"desktop":{"background-color":"var(--ast-global-color-4)","background-image":"","background-repeat":"repeat","background-position":"center center","background-size":"auto","background-attachment":"scroll","background-type":"","background-media":"","overlay-type":"","overlay-color":"","overlay-opacity":"","overlay-gradient":""},"tablet":{"background-color":"","background-image":"","background-repeat":"repeat","background-position":"center center","background-size":"auto","background-attachment":"scroll","background-type":"","background-media":"","overlay-type":"","overlay-color":"","overlay-opacity":"","overlay-gradient":""},"mobile":{"background-color":"","background-image":"","background-repeat":"repeat","background-position":"center center","background-size":"auto","background-attachment":"scroll","background-type":"","background-media":"","overlay-type":"","overlay-color":"","overlay-opacity":"","overlay-gradient":""}},"ast-content-background-meta":{"desktop":{"background-color":"var(--ast-global-color-5)","background-image":"","background-repeat":"repeat","background-position":"center center","background-size":"auto","background-attachment":"scroll","background-type":"","background-media":"","overlay-type":"","overlay-color":"","overlay-opacity":"","overlay-gradient":""},"tablet":{"background-color":"var(--ast-global-color-5)","background-image":"","background-repeat":"repeat","background-position":"center center","background-size":"auto","background-attachment":"scroll","background-type":"","background-media":"","overlay-type":"","overlay-color":"","overlay-opacity":"","overlay-gradient":""},"mobile":{"background-color":"var(--ast-global-color-5)","background-image":"","background-repeat":"repeat","background-position":"center center","background-size":"auto","background-attachment":"scroll","background-type":"","background-media":"","overlay-type":"","overlay-color":"","overlay-opacity":"","overlay-gradient":""}},"footnotes":""},"categories":[1085,799],"tags":[1088,120,1089,800,1092,126,1199,127],"class_list":["post-61453","post","type-post","status-publish","format-standard","has-post-thumbnail","hentry","category-noticias","category-noticies","tag-afanoc-es-2","tag-afanoc","tag-cancerinfantil-es-2","tag-cancerinfantil","tag-nens-amb-cancer-es","tag-nens-amb-cancer","tag-solidaritat-es","tag-solidaritat"],"publishpress_future_workflow_manual_trigger":{"enabledWorkflows":[]},"_links":{"self":[{"href":"https:\/\/afanoc.org\/es\/wp-json\/wp\/v2\/posts\/61453","targetHints":{"allow":["GET"]}}],"collection":[{"href":"https:\/\/afanoc.org\/es\/wp-json\/wp\/v2\/posts"}],"about":[{"href":"https:\/\/afanoc.org\/es\/wp-json\/wp\/v2\/types\/post"}],"author":[{"embeddable":true,"href":"https:\/\/afanoc.org\/es\/wp-json\/wp\/v2\/users\/693"}],"replies":[{"embeddable":true,"href":"https:\/\/afanoc.org\/es\/wp-json\/wp\/v2\/comments?post=61453"}],"version-history":[{"count":0,"href":"https:\/\/afanoc.org\/es\/wp-json\/wp\/v2\/posts\/61453\/revisions"}],"wp:featuredmedia":[{"embeddable":true,"href":"https:\/\/afanoc.org\/es\/wp-json\/wp\/v2\/media\/60145"}],"wp:attachment":[{"href":"https:\/\/afanoc.org\/es\/wp-json\/wp\/v2\/media?parent=61453"}],"wp:term":[{"taxonomy":"category","embeddable":true,"href":"https:\/\/afanoc.org\/es\/wp-json\/wp\/v2\/categories?post=61453"},{"taxonomy":"post_tag","embeddable":true,"href":"https:\/\/afanoc.org\/es\/wp-json\/wp\/v2\/tags?post=61453"}],"curies":[{"name":"wp","href":"https:\/\/api.w.org\/{rel}","templated":true}]}}