{"id":61448,"date":"2024-02-23T13:24:34","date_gmt":"2024-02-23T11:24:34","guid":{"rendered":"https:\/\/afanoc.org\/blog\/la-seu-de-lafanoc-a-tarragona-celebra-20-anys\/"},"modified":"2024-06-17T13:17:09","modified_gmt":"2024-06-17T13:17:09","slug":"la-seu-de-lafanoc-a-tarragona-celebra-20-anys-2","status":"publish","type":"post","link":"https:\/\/afanoc.org\/es\/blog\/la-seu-de-lafanoc-a-tarragona-celebra-20-anys-2\/","title":{"rendered":"La sede de AFANOC en Tarragona celebra 20 a\u00f1os"},"content":{"rendered":"\n<p class=\"has-medium-font-size\"><strong>Para conmemorar este aniversario, la fiesta del \u201cPosa\u2019t la Gorra!\u201d vuelve a sus or\u00edgenes para celebrarlo, con m\u00e1s fuerza que nunca, con toda la ciudadan\u00eda<\/strong><\/p>\n\n\n\n<p>En 2003, un grupo de padres y madres de la provincia de Tarragona se dirigieron a AFANOC para abrir una delegaci\u00f3n en esta demarcaci\u00f3n con el objetivo de dar respuesta a las necesidades que surg\u00edan al volver a casa, despu\u00e9s del hospital.<\/p>\n\n\n\n<p>Al a\u00f1o siguiente, en junio de 2004, <strong>Miguel Javaloy, miembro de la junta de la entidad<\/strong>, fue quien puso en marcha la delegaci\u00f3n en Vila-seca. En ese momento, el principal servicio que se ofrec\u00eda era la orientaci\u00f3n social a las familias.<\/p>\n\n\n\n<p>Con el paso del tiempo, la <a href=\"https:\/\/afanoc.org\/es\/sedes\/\" target=\"_blank\" data-type=\"link\" data-id=\"https:\/\/afanoc.org\/es\/sedes\/\" rel=\"noreferrer noopener\">ampliaci\u00f3n de servicios<\/a> y la incorporaci\u00f3n de nuevos profesionales urgi\u00f3 la necesidad de encontrar un local de mayores dimensiones. Por este motivo, en agosto de 2005, las oficinas se trasladaron a la ciudad de Tarragona, primero en la Rambla Vella y, despu\u00e9s, en la calle Adri\u00e0, junto al Palacio de Congresos, donde se ubica actualmente como sede.<\/p>\n\n\n\n<div style=\"height:18px\" aria-hidden=\"true\" class=\"wp-block-spacer\"><\/div>\n\n\n\n<figure class=\"wp-block-image size-full\"><img decoding=\"async\" width=\"1024\" height=\"481\" src=\"https:\/\/afanoc.org\/wp-content\/uploads\/inauguracio-local-e1708694249707.jpg\" alt=\"\" class=\"wp-image-59165\" srcset=\"https:\/\/afanoc.org\/wp-content\/uploads\/inauguracio-local-e1708694249707.jpg 1024w, https:\/\/afanoc.org\/wp-content\/uploads\/inauguracio-local-e1708694249707-320x150.jpg 320w, https:\/\/afanoc.org\/wp-content\/uploads\/inauguracio-local-e1708694249707-150x70.jpg 150w, https:\/\/afanoc.org\/wp-content\/uploads\/inauguracio-local-e1708694249707-768x361.jpg 768w, https:\/\/afanoc.org\/wp-content\/uploads\/inauguracio-local-e1708694249707-600x282.jpg 600w\" sizes=\"(max-width: 1024px) 100vw, 1024px\" \/><figcaption class=\"wp-element-caption\"><em>El 18 de diciembre de 2013 se inaugur\u00f3 la sede actual de AFANOC en Tarragona. <\/em><\/figcaption><\/figure>\n\n\n\n<div style=\"height:20px\" aria-hidden=\"true\" class=\"wp-block-spacer\"><\/div>\n\n\n\n<p>Este objetivo ha sido posible gracias al compromiso y la implicaci\u00f3n de muchas personas como voluntarios, familias, socios, empresas, entidades, administraciones y la sociedad civil. Todos ellos, han hecho posible que AFANOC Tarragona siga acompa\u00f1ando, a d\u00eda de hoy, a los ni\u00f1os y j\u00f3venes con c\u00e1ncer y sus familias una vez vuelven a casa a trav\u00e9s de la atenci\u00f3n psicol\u00f3gica y apoyo emocional, la atenci\u00f3n social, el voluntariado a domicilio, la atenci\u00f3n educativa o bien la propuesta de actividades para el bienestar o de ocio y ocio.<\/p>\n\n\n\n<p><strong>El \u201cPosa\u2019t la Gorra!\u201d, vuelve al coraz\u00f3n de la ciudad para seguir con la aventura y mirar m\u00e1s all\u00e1<\/strong><\/p>\n\n\n\n<p>Una de las novedades que traer\u00e1 este vig\u00e9simo aniversario ser\u00e1 el regreso de la fiesta del <a href=\"https:\/\/afanoc.org\/es\/historia-posat-la-gorra\/\" data-type=\"link\" data-id=\"https:\/\/afanoc.org\/es\/historia-posat-la-gorra\/\" target=\"_blank\" rel=\"noreferrer noopener\">\u201cPosa\u2019t la Gorra!\u201d<\/a> en la ciudad, tal y como se hizo en la primera edici\u00f3n, en 2003 y que, al igual que entonces, ser\u00e1 vital la complicidad de la ciudadan\u00eda. Este a\u00f1o, la fecha elegida ser\u00e1 el<a href=\"https:\/\/afanoc.org\/es\/evento\/posat-la-gorra-en-el-poble-espanyol-el-3-de-diciembre-festa-2\/\" target=\"_blank\" data-type=\"link\" data-id=\"https:\/\/afanoc.org\/es\/evento\/posat-la-gorra-en-el-poble-espanyol-el-3-de-diciembre-festa-2\/\" rel=\"noreferrer noopener\"> <strong>domingo 16 de junio, por la ma\u00f1ana, en el Camp de Mart de Tarragona<\/strong><\/a><strong>.<\/strong> La fiesta, como viene siendo habitual, contar\u00e1 con diversas actuaciones, talleres para mayores y peque\u00f1os y animaci\u00f3n gracias a la implicaci\u00f3n de muchas entidades y personas que colaboran. El gorro ser\u00e1 el elemento protagonista e indispensable para acceder a la fiesta.<\/p>\n\n\n\n<p>Adem\u00e1s del \u201cPosa\u2019t la Gorra!\u201d, a lo largo de este a\u00f1o habr\u00e1 otros actos e iniciativas destacadas para conmemorar este vig\u00e9simo aniversario.<\/p>\n\n\n\n<p><\/p>\n\n\n\n<p><\/p>\n\n\n\n<p><\/p>\n","protected":false},"excerpt":{"rendered":"<p>Para conmemorar este aniversario, la fiesta del \u201cPosa\u2019t la Gorra!\u201d vuelve a sus or\u00edgenes para celebrarlo, con m\u00e1s fuerza que nunca, con toda la ciudadan\u00eda En 2003, un grupo de padres y madres de la provincia de Tarragona se dirigieron a AFANOC para abrir una delegaci\u00f3n en esta demarcaci\u00f3n con el objetivo de dar respuesta [&hellip;]<\/p>\n","protected":false},"author":693,"featured_media":59167,"comment_status":"closed","ping_status":"closed","sticky":false,"template":"","format":"standard","meta":{"site-sidebar-layout":"default","site-content-layout":"","ast-site-content-layout":"default","site-content-style":"default","site-sidebar-style":"default","ast-global-header-display":"","ast-banner-title-visibility":"","ast-main-header-display":"","ast-hfb-above-header-display":"","ast-hfb-below-header-display":"","ast-hfb-mobile-header-display":"","site-post-title":"","ast-breadcrumbs-content":"","ast-featured-img":"","footer-sml-layout":"","theme-transparent-header-meta":"","adv-header-id-meta":"","stick-header-meta":"","header-above-stick-meta":"","header-main-stick-meta":"","header-below-stick-meta":"","astra-migrate-meta-layouts":"set","ast-page-background-enabled":"default","ast-page-background-meta":{"desktop":{"background-color":"var(--ast-global-color-4)","background-image":"","background-repeat":"repeat","background-position":"center center","background-size":"auto","background-attachment":"scroll","background-type":"","background-media":"","overlay-type":"","overlay-color":"","overlay-opacity":"","overlay-gradient":""},"tablet":{"background-color":"","background-image":"","background-repeat":"repeat","background-position":"center center","background-size":"auto","background-attachment":"scroll","background-type":"","background-media":"","overlay-type":"","overlay-color":"","overlay-opacity":"","overlay-gradient":""},"mobile":{"background-color":"","background-image":"","background-repeat":"repeat","background-position":"center center","background-size":"auto","background-attachment":"scroll","background-type":"","background-media":"","overlay-type":"","overlay-color":"","overlay-opacity":"","overlay-gradient":""}},"ast-content-background-meta":{"desktop":{"background-color":"var(--ast-global-color-5)","background-image":"","background-repeat":"repeat","background-position":"center center","background-size":"auto","background-attachment":"scroll","background-type":"","background-media":"","overlay-type":"","overlay-color":"","overlay-opacity":"","overlay-gradient":""},"tablet":{"background-color":"var(--ast-global-color-5)","background-image":"","background-repeat":"repeat","background-position":"center center","background-size":"auto","background-attachment":"scroll","background-type":"","background-media":"","overlay-type":"","overlay-color":"","overlay-opacity":"","overlay-gradient":""},"mobile":{"background-color":"var(--ast-global-color-5)","background-image":"","background-repeat":"repeat","background-position":"center center","background-size":"auto","background-attachment":"scroll","background-type":"","background-media":"","overlay-type":"","overlay-color":"","overlay-opacity":"","overlay-gradient":""}},"footnotes":""},"categories":[1095],"tags":[1087,84,1088,120,800,1089,124,1091,1092,126],"class_list":["post-61448","post","type-post","status-publish","format-standard","has-post-thumbnail","hentry","category-actividades","tag-activitats-es","tag-activitats","tag-afanoc-es-2","tag-afanoc","tag-cancerinfantil","tag-cancerinfantil-es-2","tag-la-casa-dels-xuklis","tag-la-casa-dels-xuklis-es","tag-nens-amb-cancer-es","tag-nens-amb-cancer"],"publishpress_future_workflow_manual_trigger":{"enabledWorkflows":[]},"_links":{"self":[{"href":"https:\/\/afanoc.org\/es\/wp-json\/wp\/v2\/posts\/61448","targetHints":{"allow":["GET"]}}],"collection":[{"href":"https:\/\/afanoc.org\/es\/wp-json\/wp\/v2\/posts"}],"about":[{"href":"https:\/\/afanoc.org\/es\/wp-json\/wp\/v2\/types\/post"}],"author":[{"embeddable":true,"href":"https:\/\/afanoc.org\/es\/wp-json\/wp\/v2\/users\/693"}],"replies":[{"embeddable":true,"href":"https:\/\/afanoc.org\/es\/wp-json\/wp\/v2\/comments?post=61448"}],"version-history":[{"count":0,"href":"https:\/\/afanoc.org\/es\/wp-json\/wp\/v2\/posts\/61448\/revisions"}],"wp:featuredmedia":[{"embeddable":true,"href":"https:\/\/afanoc.org\/es\/wp-json\/wp\/v2\/media\/59167"}],"wp:attachment":[{"href":"https:\/\/afanoc.org\/es\/wp-json\/wp\/v2\/media?parent=61448"}],"wp:term":[{"taxonomy":"category","embeddable":true,"href":"https:\/\/afanoc.org\/es\/wp-json\/wp\/v2\/categories?post=61448"},{"taxonomy":"post_tag","embeddable":true,"href":"https:\/\/afanoc.org\/es\/wp-json\/wp\/v2\/tags?post=61448"}],"curies":[{"name":"wp","href":"https:\/\/api.w.org\/{rel}","templated":true}]}}