{"id":61447,"date":"2024-02-12T09:18:32","date_gmt":"2024-02-12T07:18:32","guid":{"rendered":"https:\/\/afanoc.org\/?p=58834"},"modified":"2024-06-17T13:36:40","modified_gmt":"2024-06-17T13:36:40","slug":"en-el-dia-internacional-del-cancer-infantil-15f-mira-mas-alla","status":"publish","type":"post","link":"https:\/\/afanoc.org\/es\/blog\/en-el-dia-internacional-del-cancer-infantil-15f-mira-mas-alla\/","title":{"rendered":"En el D\u00eda Internacional del C\u00e1ncer Infantil (15F), \u00abmira m\u00e1s all\u00e1\u00bb"},"content":{"rendered":"\n<p class=\"has-medium-font-size\"><strong>Con motivo de esta conmemoraci\u00f3n, que se celebra el d\u00eda 15 de febrero, se organizar\u00e1n diferentes actividades para dar visibilidad a la labor de AFANOC en todo el territorio<\/strong><\/p>\n\n\n\n<p>En la celebraci\u00f3n del D\u00eda Internacional del C\u00e1ncer Infantil, que se celebra el d\u00eda 15 de febrero, AFANOC invita a toda la ciudadan\u00eda a mirar m\u00e1s all\u00e1 esta realidad, el lema que centra su campa\u00f1a anual. \u00abMirar m\u00e1s all\u00e1\u00bb significa tener una mirada limpia, c\u00e1lida y emp\u00e1tica con los ni\u00f1os y ni\u00f1as que padecen esta enfermedad, poniendo \u00e9nfasis en su etapa vital de ni\u00f1os y no tanto en que son enfermos o pacientes. Una mirada que AFANOC quiere que se aleje del sensacionalismo o la apariencia y que profundice en los sue\u00f1os y esperanzas de estos ni\u00f1os.<\/p>\n\n\n\n<div style=\"height:21px\" aria-hidden=\"true\" class=\"wp-block-spacer\"><\/div>\n\n\n\n<figure class=\"wp-block-image size-full\"><img decoding=\"async\" src=\"https:\/\/afanoc.org\/wp-content\/uploads\/dia-15F-Cancer-Infantil2.jpg\" alt=\"\" class=\"wp-image-58846\"\/><\/figure>\n\n\n\n<div style=\"height:20px\" aria-hidden=\"true\" class=\"wp-block-spacer\"><\/div>\n\n\n\n<p>Con motivo de esta conmemoraci\u00f3n se organizar\u00e1n diversas actividades en todo el territorio y acciones a trav\u00e9s de los medios de comunicaci\u00f3n y las redes sociales con el objetivo de dar mayor visibilidad a la labor que realiza AFANOC.<\/p>\n\n\n\n<p>\u2022 <strong>En Barcelona<\/strong>, en el vest\u00edbulo del Hospital Maternoinfantil del Vall d&#8217;Hebron, a partir de las 10 horas, se ubicar\u00e1 un estand informativo con venta de<em> merchandising<\/em> solidario y un fotomat\u00f3n donde todos aquellos que se acerquen podr\u00e1n fotografiarse y llevarse un recuerdo de ese d\u00eda.<br><br>\u2022<strong> En las ciudades de Tarragona<\/strong> (Rambla Nova esquina con la calle Canyelles) <strong>y Reus<\/strong> (Plaza Prim), de las 10 a las 19 horas, AFANOC saldr\u00e1 a la calle con dos stands informativos y de <em>merchandising<\/em>. Tambi\u00e9n, las AFA&#8217;s de la escuela PAX de Tarragona y la Escuela Muralles de Montblanc organizar\u00e1n, alrededor de este d\u00eda, una chocolatada solidaria para recaudar fondos para el c\u00e1ncer infantil.<br><br>\u2022 En <strong>Lleida<\/strong>, tendr\u00e1 lugar el acto de reconocimiento en la escuela ganadora de la actividad propuesta en los centros educativos por la campa\u00f1a del \u201cPonte la Gorra!\u201d de 2023 y se podr\u00e1 disfrutar de un desayuno solidario en la Churrer\u00eda Moreno. Adem\u00e1s, las AFA&#8217;s de las escuelas Riu Segre de Lleida, Los Til\u00b7lers de Artesa de Lleida y la Escuela Mare de D\u00e9u del Carme d&#8217;Alcoletge montar\u00e1n un estand informativo y de merchandising y habr\u00e1 actividades solidarias en pueblos como El Cogul, Alpicat y Soses.<\/p>\n\n\n\n<p><strong>M\u00fasica solidaria<\/strong><\/p>\n\n\n\n<p>El s\u00e1bado <strong>d\u00eda 17 de febrero, a las 12.00 h,<\/strong> tendr\u00e1 lugar un peque\u00f1o concierto del nuevo disco solidario \u201cHelp! RockpelsXuklis\u201d, del <a href=\"https:\/\/afanoc.org\/es\/blog\/rockpelsxuklis-recibe-el-impulso-de-grandes-musicos-que-dedican-un-disco-para-jovenes-con-cancer\/\" target=\"_blank\" data-type=\"link\" data-id=\"https:\/\/afanoc.org\/es\/blog\/rockpelsxuklis-recibe-el-impulso-de-grandes-musicos-que-dedican-un-disco-para-jovenes-con-cancer\/\" rel=\"noreferrer noopener\">grupo de m\u00fasica Padrino &amp; La Cosa Nostra<\/a>, en la plaza principal del centro comercial SOM Multiespai y tambi\u00e9n se podr\u00e1 comprar, en formato vinilo y CD. Esta actividad est\u00e1 patrocinada por la empresa de servicios funerarios \u00c0LTIMA con motivo del D\u00eda Internacional del Ni\u00f1o con C\u00e1ncer, en solidaridad con AFANOC.<\/p>\n","protected":false},"excerpt":{"rendered":"<p>Con motivo de esta conmemoraci\u00f3n, que se celebra el d\u00eda 15 de febrero, se organizar\u00e1n diferentes actividades para dar visibilidad a la labor de AFANOC en todo el territorio En la celebraci\u00f3n del D\u00eda Internacional del C\u00e1ncer Infantil, que se celebra el d\u00eda 15 de febrero, AFANOC invita a toda la ciudadan\u00eda a mirar m\u00e1s [&hellip;]<\/p>\n","protected":false},"author":693,"featured_media":60130,"comment_status":"closed","ping_status":"closed","sticky":false,"template":"","format":"standard","meta":{"site-sidebar-layout":"default","site-content-layout":"","ast-site-content-layout":"default","site-content-style":"default","site-sidebar-style":"default","ast-global-header-display":"","ast-banner-title-visibility":"","ast-main-header-display":"","ast-hfb-above-header-display":"","ast-hfb-below-header-display":"","ast-hfb-mobile-header-display":"","site-post-title":"","ast-breadcrumbs-content":"","ast-featured-img":"","footer-sml-layout":"","theme-transparent-header-meta":"","adv-header-id-meta":"","stick-header-meta":"","header-above-stick-meta":"","header-main-stick-meta":"","header-below-stick-meta":"","astra-migrate-meta-layouts":"set","ast-page-background-enabled":"default","ast-page-background-meta":{"desktop":{"background-color":"var(--ast-global-color-4)","background-image":"","background-repeat":"repeat","background-position":"center center","background-size":"auto","background-attachment":"scroll","background-type":"","background-media":"","overlay-type":"","overlay-color":"","overlay-opacity":"","overlay-gradient":""},"tablet":{"background-color":"","background-image":"","background-repeat":"repeat","background-position":"center center","background-size":"auto","background-attachment":"scroll","background-type":"","background-media":"","overlay-type":"","overlay-color":"","overlay-opacity":"","overlay-gradient":""},"mobile":{"background-color":"","background-image":"","background-repeat":"repeat","background-position":"center center","background-size":"auto","background-attachment":"scroll","background-type":"","background-media":"","overlay-type":"","overlay-color":"","overlay-opacity":"","overlay-gradient":""}},"ast-content-background-meta":{"desktop":{"background-color":"var(--ast-global-color-5)","background-image":"","background-repeat":"repeat","background-position":"center center","background-size":"auto","background-attachment":"scroll","background-type":"","background-media":"","overlay-type":"","overlay-color":"","overlay-opacity":"","overlay-gradient":""},"tablet":{"background-color":"var(--ast-global-color-5)","background-image":"","background-repeat":"repeat","background-position":"center center","background-size":"auto","background-attachment":"scroll","background-type":"","background-media":"","overlay-type":"","overlay-color":"","overlay-opacity":"","overlay-gradient":""},"mobile":{"background-color":"var(--ast-global-color-5)","background-image":"","background-repeat":"repeat","background-position":"center center","background-size":"auto","background-attachment":"scroll","background-type":"","background-media":"","overlay-type":"","overlay-color":"","overlay-opacity":"","overlay-gradient":""}},"footnotes":""},"categories":[1085,799],"tags":[84,1087,120,1088,800,1089,159,1206,1091,124,1092,126,1199,127],"class_list":["post-61447","post","type-post","status-publish","format-standard","has-post-thumbnail","hentry","category-noticias","category-noticies","tag-activitats","tag-activitats-es","tag-afanoc","tag-afanoc-es-2","tag-cancerinfantil","tag-cancerinfantil-es-2","tag-implicacio","tag-implicacio-es","tag-la-casa-dels-xuklis-es","tag-la-casa-dels-xuklis","tag-nens-amb-cancer-es","tag-nens-amb-cancer","tag-solidaritat-es","tag-solidaritat"],"publishpress_future_workflow_manual_trigger":{"enabledWorkflows":[]},"_links":{"self":[{"href":"https:\/\/afanoc.org\/es\/wp-json\/wp\/v2\/posts\/61447","targetHints":{"allow":["GET"]}}],"collection":[{"href":"https:\/\/afanoc.org\/es\/wp-json\/wp\/v2\/posts"}],"about":[{"href":"https:\/\/afanoc.org\/es\/wp-json\/wp\/v2\/types\/post"}],"author":[{"embeddable":true,"href":"https:\/\/afanoc.org\/es\/wp-json\/wp\/v2\/users\/693"}],"replies":[{"embeddable":true,"href":"https:\/\/afanoc.org\/es\/wp-json\/wp\/v2\/comments?post=61447"}],"version-history":[{"count":0,"href":"https:\/\/afanoc.org\/es\/wp-json\/wp\/v2\/posts\/61447\/revisions"}],"wp:featuredmedia":[{"embeddable":true,"href":"https:\/\/afanoc.org\/es\/wp-json\/wp\/v2\/media\/60130"}],"wp:attachment":[{"href":"https:\/\/afanoc.org\/es\/wp-json\/wp\/v2\/media?parent=61447"}],"wp:term":[{"taxonomy":"category","embeddable":true,"href":"https:\/\/afanoc.org\/es\/wp-json\/wp\/v2\/categories?post=61447"},{"taxonomy":"post_tag","embeddable":true,"href":"https:\/\/afanoc.org\/es\/wp-json\/wp\/v2\/tags?post=61447"}],"curies":[{"name":"wp","href":"https:\/\/api.w.org\/{rel}","templated":true}]}}