{"id":61294,"date":"2024-06-10T10:37:32","date_gmt":"2024-06-10T08:37:32","guid":{"rendered":"https:\/\/afanoc.org\/blog\/lalcalde-de-tarragona-ruben-vinuales-es-posa-la-gorra-pels-infants-i-adolescents-amb-cancer\/"},"modified":"2024-06-17T09:57:28","modified_gmt":"2024-06-17T09:57:28","slug":"lalcalde-de-tarragona-ruben-vinuales-es-posa-la-gorra-pels-infants-i-adolescents-amb-cancer-2","status":"publish","type":"post","link":"https:\/\/afanoc.org\/es\/blog\/lalcalde-de-tarragona-ruben-vinuales-es-posa-la-gorra-pels-infants-i-adolescents-amb-cancer-2\/","title":{"rendered":"El alcalde de Tarragona, Rub\u00e9n Vi\u00f1uales, se pone la gorra por los ni\u00f1os y adolescentes con c\u00e1ncer"},"content":{"rendered":"\n<p class=\"has-medium-font-size\"><strong><strong>D\u00edas previos a la fiesta del \u201cPosa\u2019t la Gorra!\u201d en Tarragona, AFANOC ha mantenido un primer encuentro institucional con el alcalde de esta ciudad<\/strong><\/strong><\/p>\n\n\n\n<p>El gerente de AFANOC, <strong>Narc\u00eds Serrats<\/strong>, acompa\u00f1ado por el delegado de AFANOC en Tarragona, <strong>Miguel Javaloy<\/strong> y el coordinador de esta sede, <strong>Jordi Rodr\u00edguez<\/strong> visitaron el mi\u00e9rcoles, d\u00eda 5 de junio, el alcalde de Tarragona, <strong>Rub\u00e9n Vi\u00f1uales<\/strong> y el conseller de Salud, <strong>Berni \u00c1lvarez.<\/strong> \u00c9ste ha sido el primer encuentro mantenido con el alcalde de la ciudad desde que asumi\u00f3 el cargo el pasado a\u00f1o.<\/p>\n\n\n\n<p>Durante la reuni\u00f3n, los representantes de la entidad han trasladado al alcalde y al conseller qu\u00e9 hace AFANOC y c\u00f3mo empez\u00f3, los servicios que actualmente ofrece a los ni\u00f1os y adolescentes con c\u00e1ncer y sus familias y profesionales con los que cuenta, y en qu\u00e9 consiste el recurso de alojamiento temporal de La Casa dels Xuklis, entre otras cuestiones.<\/p>\n\n\n\n<div style=\"height:27px\" aria-hidden=\"true\" class=\"wp-block-spacer\"><\/div>\n\n\n\n<figure class=\"wp-block-image size-full\"><img decoding=\"async\" width=\"1024\" height=\"577\" src=\"https:\/\/afanoc.org\/wp-content\/uploads\/visita-alcalde-noti.jpg\" alt=\"\" class=\"wp-image-61289\" srcset=\"https:\/\/afanoc.org\/wp-content\/uploads\/visita-alcalde-noti.jpg 1024w, https:\/\/afanoc.org\/wp-content\/uploads\/visita-alcalde-noti-320x180.jpg 320w, https:\/\/afanoc.org\/wp-content\/uploads\/visita-alcalde-noti-150x85.jpg 150w, https:\/\/afanoc.org\/wp-content\/uploads\/visita-alcalde-noti-768x433.jpg 768w, https:\/\/afanoc.org\/wp-content\/uploads\/visita-alcalde-noti-600x338.jpg 600w\" sizes=\"(max-width: 1024px) 100vw, 1024px\" \/><figcaption class=\"wp-element-caption\"><em>De izquierda a derecha: Miguel Javaloy, Narc\u00eds Serrats, Rub\u00e9n Vi\u00f1uales (alcalde), Berni \u00c1lvarez y Jordi Rodr\u00edguez.<\/em><\/figcaption><\/figure>\n\n\n\n<div style=\"height:27px\" aria-hidden=\"true\" class=\"wp-block-spacer\"><\/div>\n\n\n\n<p>El coordinador de la sede de AFANOC en Tarragona, se ha valorado positivamente la implicaci\u00f3n del gobierno municipal en la organizaci\u00f3n de la fiesta del Posa\u2019t la Gorra! que se celebrar\u00e1 el pr\u00f3ximo domingo 16 de junio en el Camp de Mart. Por su parte, el alcalde de la ciudad ha agradecido la labor que realiza AFANOC y, a la vez, ha manifestado su voluntad de continuar colaborando con la fiesta y nuestra entidad.<\/p>\n","protected":false},"excerpt":{"rendered":"<p>D\u00edas previos a la fiesta del \u201cPosa\u2019t la Gorra!\u201d en Tarragona, AFANOC ha mantenido un primer encuentro institucional con el alcalde de esta ciudad El gerente de AFANOC, Narc\u00eds Serrats, acompa\u00f1ado por el delegado de AFANOC en Tarragona, Miguel Javaloy y el coordinador de esta sede, Jordi Rodr\u00edguez visitaron el mi\u00e9rcoles, d\u00eda 5 de junio, [&hellip;]<\/p>\n","protected":false},"author":693,"featured_media":61291,"comment_status":"closed","ping_status":"closed","sticky":false,"template":"","format":"standard","meta":{"site-sidebar-layout":"default","site-content-layout":"","ast-site-content-layout":"default","site-content-style":"default","site-sidebar-style":"default","ast-global-header-display":"","ast-banner-title-visibility":"","ast-main-header-display":"","ast-hfb-above-header-display":"","ast-hfb-below-header-display":"","ast-hfb-mobile-header-display":"","site-post-title":"","ast-breadcrumbs-content":"","ast-featured-img":"","footer-sml-layout":"","theme-transparent-header-meta":"","adv-header-id-meta":"","stick-header-meta":"","header-above-stick-meta":"","header-main-stick-meta":"","header-below-stick-meta":"","astra-migrate-meta-layouts":"set","ast-page-background-enabled":"default","ast-page-background-meta":{"desktop":{"background-color":"var(--ast-global-color-4)","background-image":"","background-repeat":"repeat","background-position":"center center","background-size":"auto","background-attachment":"scroll","background-type":"","background-media":"","overlay-type":"","overlay-color":"","overlay-opacity":"","overlay-gradient":""},"tablet":{"background-color":"","background-image":"","background-repeat":"repeat","background-position":"center center","background-size":"auto","background-attachment":"scroll","background-type":"","background-media":"","overlay-type":"","overlay-color":"","overlay-opacity":"","overlay-gradient":""},"mobile":{"background-color":"","background-image":"","background-repeat":"repeat","background-position":"center center","background-size":"auto","background-attachment":"scroll","background-type":"","background-media":"","overlay-type":"","overlay-color":"","overlay-opacity":"","overlay-gradient":""}},"ast-content-background-meta":{"desktop":{"background-color":"var(--ast-global-color-5)","background-image":"","background-repeat":"repeat","background-position":"center center","background-size":"auto","background-attachment":"scroll","background-type":"","background-media":"","overlay-type":"","overlay-color":"","overlay-opacity":"","overlay-gradient":""},"tablet":{"background-color":"var(--ast-global-color-5)","background-image":"","background-repeat":"repeat","background-position":"center center","background-size":"auto","background-attachment":"scroll","background-type":"","background-media":"","overlay-type":"","overlay-color":"","overlay-opacity":"","overlay-gradient":""},"mobile":{"background-color":"var(--ast-global-color-5)","background-image":"","background-repeat":"repeat","background-position":"center center","background-size":"auto","background-attachment":"scroll","background-type":"","background-media":"","overlay-type":"","overlay-color":"","overlay-opacity":"","overlay-gradient":""}},"footnotes":""},"categories":[1487,799,1479],"tags":[1087,1088,1089,1091,1092],"class_list":["post-61294","post","type-post","status-publish","format-standard","has-post-thumbnail","hentry","category-home-es-2","category-noticies","category-posat-la-gorra-es","tag-activitats-es","tag-afanoc-es-2","tag-cancerinfantil-es-2","tag-la-casa-dels-xuklis-es","tag-nens-amb-cancer-es"],"publishpress_future_workflow_manual_trigger":{"enabledWorkflows":[]},"_links":{"self":[{"href":"https:\/\/afanoc.org\/es\/wp-json\/wp\/v2\/posts\/61294","targetHints":{"allow":["GET"]}}],"collection":[{"href":"https:\/\/afanoc.org\/es\/wp-json\/wp\/v2\/posts"}],"about":[{"href":"https:\/\/afanoc.org\/es\/wp-json\/wp\/v2\/types\/post"}],"author":[{"embeddable":true,"href":"https:\/\/afanoc.org\/es\/wp-json\/wp\/v2\/users\/693"}],"replies":[{"embeddable":true,"href":"https:\/\/afanoc.org\/es\/wp-json\/wp\/v2\/comments?post=61294"}],"version-history":[{"count":0,"href":"https:\/\/afanoc.org\/es\/wp-json\/wp\/v2\/posts\/61294\/revisions"}],"wp:featuredmedia":[{"embeddable":true,"href":"https:\/\/afanoc.org\/es\/wp-json\/wp\/v2\/media\/61291"}],"wp:attachment":[{"href":"https:\/\/afanoc.org\/es\/wp-json\/wp\/v2\/media?parent=61294"}],"wp:term":[{"taxonomy":"category","embeddable":true,"href":"https:\/\/afanoc.org\/es\/wp-json\/wp\/v2\/categories?post=61294"},{"taxonomy":"post_tag","embeddable":true,"href":"https:\/\/afanoc.org\/es\/wp-json\/wp\/v2\/tags?post=61294"}],"curies":[{"name":"wp","href":"https:\/\/api.w.org\/{rel}","templated":true}]}}