{"id":61144,"date":"2024-05-31T12:11:39","date_gmt":"2024-05-31T10:11:39","guid":{"rendered":"https:\/\/afanoc.org\/blog\/una-nova-ajuda-per-a-la-casa-dels-xuklis\/"},"modified":"2024-06-17T09:57:35","modified_gmt":"2024-06-17T09:57:35","slug":"una-nova-ajuda-per-a-la-casa-dels-xuklis-2","status":"publish","type":"post","link":"https:\/\/afanoc.org\/es\/blog\/una-nova-ajuda-per-a-la-casa-dels-xuklis-2\/","title":{"rendered":"Una nueva ayuda para La Casa de los Xuklis"},"content":{"rendered":"\n<p class=\"has-medium-font-size\"><strong>AFANOC, seleccionada en la Convocatoria Social de Catalu\u00f1a 2023.<\/strong><\/p>\n\n\n\n<p>La Fundaci\u00f3n \u201cla Caixa\u201d ha seleccionado el proyecto de Mantenimiento de la Casa de los Xuklis en Barcelona, el Programa de atenci\u00f3n Psicosocial y Voluntariado para los ni\u00f1os y adolescentes con c\u00e1ncer a Tarragona y el Programa de atenci\u00f3n Psicosocial a los Ni\u00f1os y Adolescentes con c\u00e1ncer y sus familias de Lleida, dentro de la convocatoria Social de Catalu\u00f1a 2023.<\/p>\n\n\n\n<p>La Casa de los Xuklis, continuar\u00e1 acogiendo de manera gratuita a las familias que se tienen que desplazar de sus localidades de origen para venir a recibir tratamiento en los principales hospitales de referencia de Barcelona a causa del diagn\u00f3stico de c\u00e1ncer en uno de sus hijos o hijas, gracias a esta colaboraci\u00f3n de la Fundaci\u00f3n \u00abla Caixa\u00bb.<\/p>\n\n\n\n<figure class=\"wp-block-image size-full\"><img decoding=\"async\" width=\"1024\" height=\"577\" src=\"https:\/\/afanoc.org\/wp-content\/uploads\/1024x577.jpg\" alt=\"\" class=\"wp-image-61105\" srcset=\"https:\/\/afanoc.org\/wp-content\/uploads\/1024x577.jpg 1024w, https:\/\/afanoc.org\/wp-content\/uploads\/1024x577-320x180.jpg 320w, https:\/\/afanoc.org\/wp-content\/uploads\/1024x577-150x85.jpg 150w, https:\/\/afanoc.org\/wp-content\/uploads\/1024x577-768x433.jpg 768w, https:\/\/afanoc.org\/wp-content\/uploads\/1024x577-600x338.jpg 600w\" sizes=\"(max-width: 1024px) 100vw, 1024px\" \/><\/figure>\n\n\n\n<p>Desde la sede de la AFANOC en Tarragona y Lleida, acompa\u00f1amos estas familias de manera&nbsp; integral atendiendo todas las vertientes que se ven afectadas con la aparici\u00f3n de la enfermedad: Psicoemocional, Social y Educativa.\u00bb<\/p>\n\n\n\n<p>Desde el AFANOC agradecemos este apoyo que nos ayuda a seguir adelante.<\/p>\n","protected":false},"excerpt":{"rendered":"<p>AFANOC, seleccionada en la Convocatoria Social de Catalu\u00f1a 2023. La Fundaci\u00f3n \u201cla Caixa\u201d ha seleccionado el proyecto de Mantenimiento de la Casa de los Xuklis en Barcelona, el Programa de atenci\u00f3n Psicosocial y Voluntariado para los ni\u00f1os y adolescentes con c\u00e1ncer a Tarragona y el Programa de atenci\u00f3n Psicosocial a los Ni\u00f1os y Adolescentes con [&hellip;]<\/p>\n","protected":false},"author":3,"featured_media":61141,"comment_status":"closed","ping_status":"closed","sticky":false,"template":"","format":"standard","meta":{"site-sidebar-layout":"default","site-content-layout":"","ast-site-content-layout":"default","site-content-style":"default","site-sidebar-style":"default","ast-global-header-display":"","ast-banner-title-visibility":"","ast-main-header-display":"","ast-hfb-above-header-display":"","ast-hfb-below-header-display":"","ast-hfb-mobile-header-display":"","site-post-title":"","ast-breadcrumbs-content":"","ast-featured-img":"","footer-sml-layout":"","theme-transparent-header-meta":"","adv-header-id-meta":"","stick-header-meta":"","header-above-stick-meta":"","header-main-stick-meta":"","header-below-stick-meta":"","astra-migrate-meta-layouts":"set","ast-page-background-enabled":"default","ast-page-background-meta":{"desktop":{"background-color":"var(--ast-global-color-4)","background-image":"","background-repeat":"repeat","background-position":"center center","background-size":"auto","background-attachment":"scroll","background-type":"","background-media":"","overlay-type":"","overlay-color":"","overlay-opacity":"","overlay-gradient":""},"tablet":{"background-color":"","background-image":"","background-repeat":"repeat","background-position":"center center","background-size":"auto","background-attachment":"scroll","background-type":"","background-media":"","overlay-type":"","overlay-color":"","overlay-opacity":"","overlay-gradient":""},"mobile":{"background-color":"","background-image":"","background-repeat":"repeat","background-position":"center center","background-size":"auto","background-attachment":"scroll","background-type":"","background-media":"","overlay-type":"","overlay-color":"","overlay-opacity":"","overlay-gradient":""}},"ast-content-background-meta":{"desktop":{"background-color":"var(--ast-global-color-5)","background-image":"","background-repeat":"repeat","background-position":"center center","background-size":"auto","background-attachment":"scroll","background-type":"","background-media":"","overlay-type":"","overlay-color":"","overlay-opacity":"","overlay-gradient":""},"tablet":{"background-color":"var(--ast-global-color-5)","background-image":"","background-repeat":"repeat","background-position":"center center","background-size":"auto","background-attachment":"scroll","background-type":"","background-media":"","overlay-type":"","overlay-color":"","overlay-opacity":"","overlay-gradient":""},"mobile":{"background-color":"var(--ast-global-color-5)","background-image":"","background-repeat":"repeat","background-position":"center center","background-size":"auto","background-attachment":"scroll","background-type":"","background-media":"","overlay-type":"","overlay-color":"","overlay-opacity":"","overlay-gradient":""}},"footnotes":""},"categories":[771],"tags":[],"class_list":["post-61144","post","type-post","status-publish","format-standard","has-post-thumbnail","hentry","category-activitats"],"publishpress_future_workflow_manual_trigger":{"enabledWorkflows":[]},"_links":{"self":[{"href":"https:\/\/afanoc.org\/es\/wp-json\/wp\/v2\/posts\/61144","targetHints":{"allow":["GET"]}}],"collection":[{"href":"https:\/\/afanoc.org\/es\/wp-json\/wp\/v2\/posts"}],"about":[{"href":"https:\/\/afanoc.org\/es\/wp-json\/wp\/v2\/types\/post"}],"author":[{"embeddable":true,"href":"https:\/\/afanoc.org\/es\/wp-json\/wp\/v2\/users\/3"}],"replies":[{"embeddable":true,"href":"https:\/\/afanoc.org\/es\/wp-json\/wp\/v2\/comments?post=61144"}],"version-history":[{"count":0,"href":"https:\/\/afanoc.org\/es\/wp-json\/wp\/v2\/posts\/61144\/revisions"}],"wp:featuredmedia":[{"embeddable":true,"href":"https:\/\/afanoc.org\/es\/wp-json\/wp\/v2\/media\/61141"}],"wp:attachment":[{"href":"https:\/\/afanoc.org\/es\/wp-json\/wp\/v2\/media?parent=61144"}],"wp:term":[{"taxonomy":"category","embeddable":true,"href":"https:\/\/afanoc.org\/es\/wp-json\/wp\/v2\/categories?post=61144"},{"taxonomy":"post_tag","embeddable":true,"href":"https:\/\/afanoc.org\/es\/wp-json\/wp\/v2\/tags?post=61144"}],"curies":[{"name":"wp","href":"https:\/\/api.w.org\/{rel}","templated":true}]}}