{"id":61017,"date":"2024-05-28T11:00:00","date_gmt":"2024-05-28T09:00:00","guid":{"rendered":"https:\/\/afanoc.org\/?p=61017"},"modified":"2024-06-17T10:07:37","modified_gmt":"2024-06-17T10:07:37","slug":"els-campings-de-tarragona-es-posen-la-gorra-i-recapten-5-730e-per-a-lafanoc-2","status":"publish","type":"post","link":"https:\/\/afanoc.org\/es\/blog\/els-campings-de-tarragona-es-posen-la-gorra-i-recapten-5-730e-per-a-lafanoc-2\/","title":{"rendered":"Los campings de Tarragona se ponen la gorra y recauden 5.730\u20ac para AFANOC"},"content":{"rendered":"\n<p class=\"has-medium-font-size\"><strong>Durante la campa\u00f1a \u201cLos c\u00e1mpings se posen la gorra\u201d, se han vendido un total de 1.910 gorras<\/strong> <strong>Eyesores<\/strong><\/p>\n\n\n\n<p>La Asociaci\u00f3n de Campings de la Costa Daurada y Terres de l&#8217;Ebre ha iniciado la quinta edici\u00f3n de la iniciativa solidaria \u201cLos campings se ponen la gorra\u201d, donde todo el dinero recaudado se destina a AFANOC. Esta colaboraci\u00f3n, que naci\u00f3 en 2020, tiene por objetivo contribuir al sostenimiento de la sede de AFANOC de Tarragona en los diferentes servicios que ofrece a las familias con ni\u00f1os y adolescentes con c\u00e1ncer.<\/p>\n\n\n\n<div style=\"height:17px\" aria-hidden=\"true\" class=\"wp-block-spacer\"><\/div>\n\n\n\n<figure class=\"wp-block-image size-full\"><img decoding=\"async\" width=\"1024\" height=\"577\" src=\"https:\/\/afanoc.org\/wp-content\/uploads\/campings-noti.jpg\" alt=\"\" class=\"wp-image-61011\" srcset=\"https:\/\/afanoc.org\/wp-content\/uploads\/campings-noti.jpg 1024w, https:\/\/afanoc.org\/wp-content\/uploads\/campings-noti-320x180.jpg 320w, https:\/\/afanoc.org\/wp-content\/uploads\/campings-noti-150x85.jpg 150w, https:\/\/afanoc.org\/wp-content\/uploads\/campings-noti-768x433.jpg 768w, https:\/\/afanoc.org\/wp-content\/uploads\/campings-noti-600x338.jpg 600w\" sizes=\"(max-width: 1024px) 100vw, 1024px\" \/><figcaption class=\"wp-element-caption\"><em>Los representantes de los campings participantes asistieron al acto de entrega del cheque.  <\/em><\/figcaption><\/figure>\n\n\n\n<div style=\"height:23px\" aria-hidden=\"true\" class=\"wp-block-spacer\"><\/div>\n\n\n\n<p>Un total de <a href=\"https:\/\/www.instagram.com\/p\/C7OhlxcMXVN\/?img_index=1\" target=\"_blank\" rel=\"noopener\">17 campings<\/a> se han sumado a esta nueva edici\u00f3n de la campa\u00f1a que cuenta con la gorra Eyesores, dise\u00f1ada por Xevi Gallego y que tiene la particularidad de que se puede pintar. Este a\u00f1o, los campings participantes han adquirido 1.910 gorras.<\/p>\n\n\n\n<p>En el marco de la Asamblea General de Campings Tarragona, <strong>Mireia Sans, presidenta de la Asociaci\u00f3n de Campings de la Costa Daurada y Terres de l&#8217;Ebre,<\/strong> acompa\u00f1ada de los representantes de los campings participantes, ha entregado los 5.730 euros recaudados al <strong>coordinador de AFANOC Tarragona, Jordi Rodr\u00edguez<\/strong>. El acto simb\u00f3lico de donaci\u00f3n del cheque ha tenido lugar en el Camping Ametlla, en la Ametlla de Mar.<\/p>\n","protected":false},"excerpt":{"rendered":"<p>Durante la campa\u00f1a \u201cLos c\u00e1mpings se posen la gorra\u201d, se han vendido un total de 1.910 gorras Eyesores La Asociaci\u00f3n de Campings de la Costa Daurada y Terres de l&#8217;Ebre ha iniciado la quinta edici\u00f3n de la iniciativa solidaria \u201cLos campings se ponen la gorra\u201d, donde todo el dinero recaudado se destina a AFANOC. Esta [&hellip;]<\/p>\n","protected":false},"author":693,"featured_media":61013,"comment_status":"closed","ping_status":"closed","sticky":false,"template":"","format":"standard","meta":{"site-sidebar-layout":"default","site-content-layout":"","ast-site-content-layout":"default","site-content-style":"default","site-sidebar-style":"default","ast-global-header-display":"","ast-banner-title-visibility":"","ast-main-header-display":"","ast-hfb-above-header-display":"","ast-hfb-below-header-display":"","ast-hfb-mobile-header-display":"","site-post-title":"","ast-breadcrumbs-content":"","ast-featured-img":"","footer-sml-layout":"","theme-transparent-header-meta":"","adv-header-id-meta":"","stick-header-meta":"","header-above-stick-meta":"","header-main-stick-meta":"","header-below-stick-meta":"","astra-migrate-meta-layouts":"set","ast-page-background-enabled":"default","ast-page-background-meta":{"desktop":{"background-color":"var(--ast-global-color-4)","background-image":"","background-repeat":"repeat","background-position":"center center","background-size":"auto","background-attachment":"scroll","background-type":"","background-media":"","overlay-type":"","overlay-color":"","overlay-opacity":"","overlay-gradient":""},"tablet":{"background-color":"","background-image":"","background-repeat":"repeat","background-position":"center center","background-size":"auto","background-attachment":"scroll","background-type":"","background-media":"","overlay-type":"","overlay-color":"","overlay-opacity":"","overlay-gradient":""},"mobile":{"background-color":"","background-image":"","background-repeat":"repeat","background-position":"center center","background-size":"auto","background-attachment":"scroll","background-type":"","background-media":"","overlay-type":"","overlay-color":"","overlay-opacity":"","overlay-gradient":""}},"ast-content-background-meta":{"desktop":{"background-color":"var(--ast-global-color-5)","background-image":"","background-repeat":"repeat","background-position":"center center","background-size":"auto","background-attachment":"scroll","background-type":"","background-media":"","overlay-type":"","overlay-color":"","overlay-opacity":"","overlay-gradient":""},"tablet":{"background-color":"var(--ast-global-color-5)","background-image":"","background-repeat":"repeat","background-position":"center center","background-size":"auto","background-attachment":"scroll","background-type":"","background-media":"","overlay-type":"","overlay-color":"","overlay-opacity":"","overlay-gradient":""},"mobile":{"background-color":"var(--ast-global-color-5)","background-image":"","background-repeat":"repeat","background-position":"center center","background-size":"auto","background-attachment":"scroll","background-type":"","background-media":"","overlay-type":"","overlay-color":"","overlay-opacity":"","overlay-gradient":""}},"footnotes":""},"categories":[1085,799],"tags":[84,1088,120,800,1089,1206,159,126,1092,108,1093,1199,127],"class_list":["post-61017","post","type-post","status-publish","format-standard","has-post-thumbnail","hentry","category-noticias","category-noticies","tag-activitats","tag-afanoc-es-2","tag-afanoc","tag-cancerinfantil","tag-cancerinfantil-es-2","tag-implicacio-es","tag-implicacio","tag-nens-amb-cancer","tag-nens-amb-cancer-es","tag-posat-la-gorra","tag-posat-la-gorra-es-3","tag-solidaritat-es","tag-solidaritat"],"publishpress_future_workflow_manual_trigger":{"enabledWorkflows":[]},"_links":{"self":[{"href":"https:\/\/afanoc.org\/es\/wp-json\/wp\/v2\/posts\/61017","targetHints":{"allow":["GET"]}}],"collection":[{"href":"https:\/\/afanoc.org\/es\/wp-json\/wp\/v2\/posts"}],"about":[{"href":"https:\/\/afanoc.org\/es\/wp-json\/wp\/v2\/types\/post"}],"author":[{"embeddable":true,"href":"https:\/\/afanoc.org\/es\/wp-json\/wp\/v2\/users\/693"}],"replies":[{"embeddable":true,"href":"https:\/\/afanoc.org\/es\/wp-json\/wp\/v2\/comments?post=61017"}],"version-history":[{"count":0,"href":"https:\/\/afanoc.org\/es\/wp-json\/wp\/v2\/posts\/61017\/revisions"}],"wp:featuredmedia":[{"embeddable":true,"href":"https:\/\/afanoc.org\/es\/wp-json\/wp\/v2\/media\/61013"}],"wp:attachment":[{"href":"https:\/\/afanoc.org\/es\/wp-json\/wp\/v2\/media?parent=61017"}],"wp:term":[{"taxonomy":"category","embeddable":true,"href":"https:\/\/afanoc.org\/es\/wp-json\/wp\/v2\/categories?post=61017"},{"taxonomy":"post_tag","embeddable":true,"href":"https:\/\/afanoc.org\/es\/wp-json\/wp\/v2\/tags?post=61017"}],"curies":[{"name":"wp","href":"https:\/\/api.w.org\/{rel}","templated":true}]}}