{"id":60652,"date":"2024-05-10T11:48:03","date_gmt":"2024-05-10T09:48:03","guid":{"rendered":"https:\/\/afanoc.org\/?p=60652"},"modified":"2024-06-17T10:25:38","modified_gmt":"2024-06-17T10:25:38","slug":"13-de-mayo-dia-de-la-infancia-hospitalizada-2","status":"publish","type":"post","link":"https:\/\/afanoc.org\/es\/blog\/13-de-mayo-dia-de-la-infancia-hospitalizada-2\/","title":{"rendered":"13 de mayo D\u00eda de la Infancia hospitalizada"},"content":{"rendered":"\n<p class=\"has-medium-font-size\"><strong>Los espacios hospitalarios adecuados son tan importantes como la necesidad de atenci\u00f3n y apoyo durante los periodos de ingreso<\/strong><\/p>\n\n\n\n<p>El D\u00eda del Ni\u00f1o Hospitalizado es una jornada dedicada a reconocer y concienciar sobre las necesidades de los ni\u00f1os que tienen que pasar tiempos en el hospital a causa de enfermedades, lesiones u otros problemas de salud. Una jornada con el objetivo de reconocer y atender las necesidades emocionales, f\u00edsicas y sociales, y promover acciones para mejorar su experiencia durante este periodo.<br>Necesidad que son particularmente relevantes cuando se trata de enfermedades de larga duraci\u00f3n como es el caso del c\u00e1ncer infantil, un diagn\u00f3stico que tiene un fuerte impacto tanto para los ni\u00f1os, ni\u00f1as, adolescentes y j\u00f3venes como para sus familias, y requiere un enfoque especializado para asegurar que los ni\u00f1os reciban el mejor apoyo y atenci\u00f3n posible durante su tratamiento. <\/p>\n\n\n\n<p>Tan importante es este apoyo como un entorno adecuado, dado que no solo contribuyen a su <strong>bienestar f\u00edsico y emocional<\/strong>, sino que tambi\u00e9n pueden tener un impacto positivo en su proceso de r<strong>ecuperaci\u00f3n, desarrollo y apoyo familiar.<\/strong><\/p>\n\n\n\n<figure class=\"wp-block-image size-full\"><img decoding=\"async\" width=\"1024\" height=\"577\" src=\"https:\/\/afanoc.org\/wp-content\/uploads\/Dia-Infant-Hospitalitzat.png\" alt=\"\" class=\"wp-image-60640\" srcset=\"https:\/\/afanoc.org\/wp-content\/uploads\/Dia-Infant-Hospitalitzat.png 1024w, https:\/\/afanoc.org\/wp-content\/uploads\/Dia-Infant-Hospitalitzat-320x180.png 320w, https:\/\/afanoc.org\/wp-content\/uploads\/Dia-Infant-Hospitalitzat-150x85.png 150w, https:\/\/afanoc.org\/wp-content\/uploads\/Dia-Infant-Hospitalitzat-768x433.png 768w, https:\/\/afanoc.org\/wp-content\/uploads\/Dia-Infant-Hospitalitzat-600x338.png 600w\" sizes=\"(max-width: 1024px) 100vw, 1024px\" \/><\/figure>\n\n\n\n<p><\/p>\n\n\n\n<p><strong>Bienestar<\/strong>: Los entornos c\u00e1lidos, acogedores y adaptados pueden ayudar a reducir la ansiedad y el estr\u00e9s asociados a la estancia en el hospital. Estos espacios pueden incluir elementos como colores brillantes, juegos, decoraciones amigables y zonas de juego que los hagan sentir m\u00e1s c\u00f3modos y seguros.<\/p>\n\n\n\n<p><strong>Recuperaci\u00f3n:<\/strong> Un ambiente agradable puede tener un impacto positivo en el proceso de recuperaci\u00f3n, dado que el estr\u00e9s y el miedo pueden afectar negativamente. Un entorno que promueva la calma y el confort puede ayudar a acelerar la recuperaci\u00f3n.<\/p>\n\n\n\n<p><strong>Desarrollo<\/strong>: Facilitar la continuidad de su educaci\u00f3n, desarrollo social y emocional, y crecimiento personal. Tener acceso a materiales educativos, as\u00ed como a actividades recreativas y sociales, puede ayudar a mantener un desarrollo saludable, a pesar de las circunstancias.<\/p>\n\n\n\n<p><strong>Apoyo a las familia<\/strong>s: Los espacios hospitalarios adaptados tambi\u00e9n pueden beneficiar las familias de los ni\u00f1os, proporcion\u00e1ndolos un lugar m\u00e1s c\u00f3modo y acogedor donde pasar el tiempo mientras sus hijos reciben tratamiento. Esto puede incluir zonas de descanso, servicios<\/p>\n","protected":false},"excerpt":{"rendered":"<p>Los espacios hospitalarios adecuados son tan importantes como la necesidad de atenci\u00f3n y apoyo durante los periodos de ingreso El D\u00eda del Ni\u00f1o Hospitalizado es una jornada dedicada a reconocer y concienciar sobre las necesidades de los ni\u00f1os que tienen que pasar tiempos en el hospital a causa de enfermedades, lesiones u otros problemas de [&hellip;]<\/p>\n","protected":false},"author":3,"featured_media":60650,"comment_status":"closed","ping_status":"closed","sticky":false,"template":"","format":"standard","meta":{"site-sidebar-layout":"default","site-content-layout":"","ast-site-content-layout":"default","site-content-style":"default","site-sidebar-style":"default","ast-global-header-display":"","ast-banner-title-visibility":"","ast-main-header-display":"","ast-hfb-above-header-display":"","ast-hfb-below-header-display":"","ast-hfb-mobile-header-display":"","site-post-title":"","ast-breadcrumbs-content":"","ast-featured-img":"","footer-sml-layout":"","theme-transparent-header-meta":"","adv-header-id-meta":"","stick-header-meta":"","header-above-stick-meta":"","header-main-stick-meta":"","header-below-stick-meta":"","astra-migrate-meta-layouts":"set","ast-page-background-enabled":"default","ast-page-background-meta":{"desktop":{"background-color":"var(--ast-global-color-4)","background-image":"","background-repeat":"repeat","background-position":"center center","background-size":"auto","background-attachment":"scroll","background-type":"","background-media":"","overlay-type":"","overlay-color":"","overlay-opacity":"","overlay-gradient":""},"tablet":{"background-color":"","background-image":"","background-repeat":"repeat","background-position":"center center","background-size":"auto","background-attachment":"scroll","background-type":"","background-media":"","overlay-type":"","overlay-color":"","overlay-opacity":"","overlay-gradient":""},"mobile":{"background-color":"","background-image":"","background-repeat":"repeat","background-position":"center center","background-size":"auto","background-attachment":"scroll","background-type":"","background-media":"","overlay-type":"","overlay-color":"","overlay-opacity":"","overlay-gradient":""}},"ast-content-background-meta":{"desktop":{"background-color":"var(--ast-global-color-5)","background-image":"","background-repeat":"repeat","background-position":"center center","background-size":"auto","background-attachment":"scroll","background-type":"","background-media":"","overlay-type":"","overlay-color":"","overlay-opacity":"","overlay-gradient":""},"tablet":{"background-color":"var(--ast-global-color-5)","background-image":"","background-repeat":"repeat","background-position":"center center","background-size":"auto","background-attachment":"scroll","background-type":"","background-media":"","overlay-type":"","overlay-color":"","overlay-opacity":"","overlay-gradient":""},"mobile":{"background-color":"var(--ast-global-color-5)","background-image":"","background-repeat":"repeat","background-position":"center center","background-size":"auto","background-attachment":"scroll","background-type":"","background-media":"","overlay-type":"","overlay-color":"","overlay-opacity":"","overlay-gradient":""}},"footnotes":""},"categories":[1095,771],"tags":[],"class_list":["post-60652","post","type-post","status-publish","format-standard","has-post-thumbnail","hentry","category-actividades","category-activitats"],"publishpress_future_workflow_manual_trigger":{"enabledWorkflows":[]},"_links":{"self":[{"href":"https:\/\/afanoc.org\/es\/wp-json\/wp\/v2\/posts\/60652","targetHints":{"allow":["GET"]}}],"collection":[{"href":"https:\/\/afanoc.org\/es\/wp-json\/wp\/v2\/posts"}],"about":[{"href":"https:\/\/afanoc.org\/es\/wp-json\/wp\/v2\/types\/post"}],"author":[{"embeddable":true,"href":"https:\/\/afanoc.org\/es\/wp-json\/wp\/v2\/users\/3"}],"replies":[{"embeddable":true,"href":"https:\/\/afanoc.org\/es\/wp-json\/wp\/v2\/comments?post=60652"}],"version-history":[{"count":0,"href":"https:\/\/afanoc.org\/es\/wp-json\/wp\/v2\/posts\/60652\/revisions"}],"wp:featuredmedia":[{"embeddable":true,"href":"https:\/\/afanoc.org\/es\/wp-json\/wp\/v2\/media\/60650"}],"wp:attachment":[{"href":"https:\/\/afanoc.org\/es\/wp-json\/wp\/v2\/media?parent=60652"}],"wp:term":[{"taxonomy":"category","embeddable":true,"href":"https:\/\/afanoc.org\/es\/wp-json\/wp\/v2\/categories?post=60652"},{"taxonomy":"post_tag","embeddable":true,"href":"https:\/\/afanoc.org\/es\/wp-json\/wp\/v2\/tags?post=60652"}],"curies":[{"name":"wp","href":"https:\/\/api.w.org\/{rel}","templated":true}]}}