{"id":60575,"date":"2024-05-07T11:49:22","date_gmt":"2024-05-07T09:49:22","guid":{"rendered":"https:\/\/afanoc.org\/?p=60575"},"modified":"2024-06-17T10:25:41","modified_gmt":"2024-06-17T10:25:41","slug":"rockpelsxuklis-se-estrena-en-tierras-gerundenses-con-un-concierto-en-la-sala-la-mirona-de-salt","status":"publish","type":"post","link":"https:\/\/afanoc.org\/es\/blog\/rockpelsxuklis-se-estrena-en-tierras-gerundenses-con-un-concierto-en-la-sala-la-mirona-de-salt\/","title":{"rendered":"\u2018RockpelsXuklis\u2019 se estrena en tierras gerundenses con un concierto en la Sala La Mirona de Salt"},"content":{"rendered":"\n<p class=\"has-medium-font-size\"><strong>Actuaran tributos de pop-rock de los a\u00f1os 80 y 90 con canciones de La Oreja de Van Gogh, Hombres G y El Canto del Loco<\/strong><\/p>\n\n\n\n<figure class=\"wp-block-image size-full\"><img decoding=\"async\" width=\"1024\" height=\"577\" src=\"https:\/\/afanoc.org\/wp-content\/uploads\/RPX-La-Mirona.png\" alt=\"\" class=\"wp-image-60568\" srcset=\"https:\/\/afanoc.org\/wp-content\/uploads\/RPX-La-Mirona.png 1024w, https:\/\/afanoc.org\/wp-content\/uploads\/RPX-La-Mirona-320x180.png 320w, https:\/\/afanoc.org\/wp-content\/uploads\/RPX-La-Mirona-150x85.png 150w, https:\/\/afanoc.org\/wp-content\/uploads\/RPX-La-Mirona-768x433.png 768w, https:\/\/afanoc.org\/wp-content\/uploads\/RPX-La-Mirona-600x338.png 600w\" sizes=\"(max-width: 1024px) 100vw, 1024px\" \/><\/figure>\n\n\n\n<p>Con el objetivo de dar a conocer la creaci\u00f3n de una nueva sede de AFANOC en Girona, se impulsan actos y conciertos en este territorio en solidaridad con los y las j\u00f3venes con c\u00e1ncer. Por este motivo, la campa\u00f1a musical \u201cRockPelsXuklis\u201d llega a la Sala La Mirona de Salt (c\/ Amnist\u00eda Internacional, s\/n) el s\u00e1bado 11 de mayo, a las 20.30 horas (apertura de puertas a las 20.00 h.), con las actuaciones de Son de Rosas, Hombres B y Encanto De Loco.<\/p>\n\n\n\n<figure class=\"wp-block-image size-full\"><img decoding=\"async\" width=\"1024\" height=\"577\" src=\"https:\/\/afanoc.org\/wp-content\/uploads\/1-3.png\" alt=\"\" class=\"wp-image-60570\" srcset=\"https:\/\/afanoc.org\/wp-content\/uploads\/1-3.png 1024w, https:\/\/afanoc.org\/wp-content\/uploads\/1-3-320x180.png 320w, https:\/\/afanoc.org\/wp-content\/uploads\/1-3-150x85.png 150w, https:\/\/afanoc.org\/wp-content\/uploads\/1-3-768x433.png 768w, https:\/\/afanoc.org\/wp-content\/uploads\/1-3-600x338.png 600w\" sizes=\"(max-width: 1024px) 100vw, 1024px\" \/><\/figure>\n\n\n\n<p><strong>Son de Rosas<\/strong> (tributo a La Oreja de Van Gogh) propondr\u00e1 un viaje por los grandes \u00e9xitos del grupo de m\u00fasica de San Sebasti\u00e1n como son \u201cCu\u00e9ntame al o\u00eddo\u201d, \u201cLa playa\u201d o \u201c20 de enero\u201d, entre otros. <strong>Hombres B<\/strong>, nacido en 2018, \u00a0rendir\u00e1 homenaje a la carrera musical del m\u00edtico grupo Hombres G, nacido en Madrid a principios de los a\u00f1os 80 y convertido, en poco tiempo, en un gran \u00e9xito de ventas. Canciones como \u201cDevu\u00e9lveme a m\u00ed chica\u201d, \u201cT\u00e9 quiero\u201d o \u201cVenezia\u201d han pasado de generaci\u00f3n en generaci\u00f3n \u00a0hasta llegar a nuestros d\u00edas. Y, finalmente, <strong>Encanto De Loco<\/strong>, creado a mediados de 2021, har\u00e1 vibrar a los m\u00e1s nost\u00e1lgicos con algunos hits del grupo que lider\u00f3 Dani Martin como \u201cVolver\u00e1\u201d, \u201cPeter Pan\u201d o \u201cPuede ser\u201d.<\/p>\n\n\n\n<p><strong>Las entradas<\/strong> anticipadas, tienen<strong> un precio de 12 euros <\/strong>y en taquilla de15 euros.<\/p>\n\n\n\n<div class=\"wp-block-buttons alignwide is-content-justification-center is-layout-flex wp-container-core-buttons-is-layout-a89b3969 wp-block-buttons-is-layout-flex\">\n<div class=\"wp-block-button is-style-fill\"><a class=\"wp-block-button__link has-white-color has-vivid-red-background-color has-text-color has-background has-link-color wp-element-button\" href=\"https:\/\/lamirona.cat\/2024\/05\/11\/concert-solidari-xuklis\/\" target=\"_blank\" rel=\"noopener\">\u00a1<strong>C\u00f3mpral<\/strong>as<strong> ahora anticipadamente!<\/strong><\/a><\/div>\n<\/div>\n\n\n\n<p><\/p>\n\n\n\n<p class=\"has-text-align-center has-medium-font-size\"><strong>Ajuda&#8217;ns a estar a prop de les fam\u00edlies amb la nova seu de l&#8217;AFANOC a Girona!<\/strong><\/p>\n","protected":false},"excerpt":{"rendered":"<p>Actuaran tributos de pop-rock de los a\u00f1os 80 y 90 con canciones de La Oreja de Van Gogh, Hombres G y El Canto del Loco Con el objetivo de dar a conocer la creaci\u00f3n de una nueva sede de AFANOC en Girona, se impulsan actos y conciertos en este territorio en solidaridad con los y [&hellip;]<\/p>\n","protected":false},"author":3,"featured_media":60573,"comment_status":"closed","ping_status":"closed","sticky":false,"template":"","format":"standard","meta":{"site-sidebar-layout":"default","site-content-layout":"","ast-site-content-layout":"default","site-content-style":"default","site-sidebar-style":"default","ast-global-header-display":"","ast-banner-title-visibility":"","ast-main-header-display":"","ast-hfb-above-header-display":"","ast-hfb-below-header-display":"","ast-hfb-mobile-header-display":"","site-post-title":"","ast-breadcrumbs-content":"","ast-featured-img":"","footer-sml-layout":"","theme-transparent-header-meta":"","adv-header-id-meta":"","stick-header-meta":"","header-above-stick-meta":"","header-main-stick-meta":"","header-below-stick-meta":"","astra-migrate-meta-layouts":"set","ast-page-background-enabled":"default","ast-page-background-meta":{"desktop":{"background-color":"var(--ast-global-color-4)","background-image":"","background-repeat":"repeat","background-position":"center center","background-size":"auto","background-attachment":"scroll","background-type":"","background-media":"","overlay-type":"","overlay-color":"","overlay-opacity":"","overlay-gradient":""},"tablet":{"background-color":"","background-image":"","background-repeat":"repeat","background-position":"center center","background-size":"auto","background-attachment":"scroll","background-type":"","background-media":"","overlay-type":"","overlay-color":"","overlay-opacity":"","overlay-gradient":""},"mobile":{"background-color":"","background-image":"","background-repeat":"repeat","background-position":"center center","background-size":"auto","background-attachment":"scroll","background-type":"","background-media":"","overlay-type":"","overlay-color":"","overlay-opacity":"","overlay-gradient":""}},"ast-content-background-meta":{"desktop":{"background-color":"var(--ast-global-color-5)","background-image":"","background-repeat":"repeat","background-position":"center center","background-size":"auto","background-attachment":"scroll","background-type":"","background-media":"","overlay-type":"","overlay-color":"","overlay-opacity":"","overlay-gradient":""},"tablet":{"background-color":"var(--ast-global-color-5)","background-image":"","background-repeat":"repeat","background-position":"center center","background-size":"auto","background-attachment":"scroll","background-type":"","background-media":"","overlay-type":"","overlay-color":"","overlay-opacity":"","overlay-gradient":""},"mobile":{"background-color":"var(--ast-global-color-5)","background-image":"","background-repeat":"repeat","background-position":"center center","background-size":"auto","background-attachment":"scroll","background-type":"","background-media":"","overlay-type":"","overlay-color":"","overlay-opacity":"","overlay-gradient":""}},"footnotes":""},"categories":[1095,771],"tags":[],"class_list":["post-60575","post","type-post","status-publish","format-standard","has-post-thumbnail","hentry","category-actividades","category-activitats"],"publishpress_future_workflow_manual_trigger":{"enabledWorkflows":[]},"_links":{"self":[{"href":"https:\/\/afanoc.org\/es\/wp-json\/wp\/v2\/posts\/60575","targetHints":{"allow":["GET"]}}],"collection":[{"href":"https:\/\/afanoc.org\/es\/wp-json\/wp\/v2\/posts"}],"about":[{"href":"https:\/\/afanoc.org\/es\/wp-json\/wp\/v2\/types\/post"}],"author":[{"embeddable":true,"href":"https:\/\/afanoc.org\/es\/wp-json\/wp\/v2\/users\/3"}],"replies":[{"embeddable":true,"href":"https:\/\/afanoc.org\/es\/wp-json\/wp\/v2\/comments?post=60575"}],"version-history":[{"count":0,"href":"https:\/\/afanoc.org\/es\/wp-json\/wp\/v2\/posts\/60575\/revisions"}],"wp:featuredmedia":[{"embeddable":true,"href":"https:\/\/afanoc.org\/es\/wp-json\/wp\/v2\/media\/60573"}],"wp:attachment":[{"href":"https:\/\/afanoc.org\/es\/wp-json\/wp\/v2\/media?parent=60575"}],"wp:term":[{"taxonomy":"category","embeddable":true,"href":"https:\/\/afanoc.org\/es\/wp-json\/wp\/v2\/categories?post=60575"},{"taxonomy":"post_tag","embeddable":true,"href":"https:\/\/afanoc.org\/es\/wp-json\/wp\/v2\/tags?post=60575"}],"curies":[{"name":"wp","href":"https:\/\/api.w.org\/{rel}","templated":true}]}}