{"id":60383,"date":"2024-04-25T09:25:05","date_gmt":"2024-04-25T07:25:05","guid":{"rendered":"https:\/\/afanoc.org\/?p=60383"},"modified":"2024-06-17T10:35:46","modified_gmt":"2024-06-17T10:35:46","slug":"el-grup-dadolescents-ja-es-present-a-les-seus-de-lleida-tarragona-i-barcelona-2","status":"publish","type":"post","link":"https:\/\/afanoc.org\/es\/blog\/el-grup-dadolescents-ja-es-present-a-les-seus-de-lleida-tarragona-i-barcelona-2\/","title":{"rendered":"El grupo de adolescentes ya est\u00e1 presente en las sedes de Lleida, Tarragona y Barcelona"},"content":{"rendered":"\n<p class=\"has-medium-font-size\"><strong><strong>AFANOC propone actividades l\u00fadicas espec\u00edficas para los chicos y chicas de 12 a 16 a\u00f1os<\/strong><\/strong><\/p>\n\n\n\n<p>Proponer encuentros peri\u00f3dicos de car\u00e1cter l\u00fadico y reforzar la cohesi\u00f3n de grupo. Estos son los dos principales objetivos de la nueva propuesta que AFANOC est\u00e1 ofreciendo a los chicos y chicas de 12 a 16 a\u00f1os que han vivido de cerca la realidad del c\u00e1ncer infantil, ya sea en primera persona, o como hermanos o hermanas. Hasta hace poco, algunos de estos chicos y chicas \u2014los que ten\u00edan 14 a 16 a\u00f1os\u2014formaban parte del grupo de j\u00f3venes de AFANOC que llega hasta los 21 a\u00f1os, una franja de edad bastante amplia y que, a menudo, no respond\u00eda a las necesidades de estos adolescentes mientras que los ni\u00f1os mayores, de 12 y 13 a\u00f1os, s\u00f3lo pod\u00edan participar de las actividades de ocio y ocio en familia, pero no pertenec\u00edan a ning\u00fan grupo concreto. Ahora, cada sede ha conformado su propio grupo con chicos y chicas de esta franja de edad.<\/p>\n\n\n\n<div style=\"height:35px\" aria-hidden=\"true\" class=\"wp-block-spacer\"><\/div>\n\n\n\n<figure class=\"wp-block-gallery has-nested-images columns-default is-cropped wp-block-gallery-1 is-layout-flex wp-block-gallery-is-layout-flex\">\n<figure class=\"wp-block-image size-large\"><img decoding=\"async\" width=\"600\" height=\"426\" data-id=\"60378\" src=\"https:\/\/afanoc.org\/wp-content\/uploads\/Karting.jpeg\" alt=\"\" class=\"wp-image-60378\" srcset=\"https:\/\/afanoc.org\/wp-content\/uploads\/Karting.jpeg 600w, https:\/\/afanoc.org\/wp-content\/uploads\/Karting-320x227.jpeg 320w, https:\/\/afanoc.org\/wp-content\/uploads\/Karting-150x107.jpeg 150w\" sizes=\"(max-width: 600px) 100vw, 600px\" \/><\/figure>\n\n\n\n<figure class=\"wp-block-image size-large\"><img decoding=\"async\" width=\"600\" height=\"426\" data-id=\"60376\" src=\"https:\/\/afanoc.org\/wp-content\/uploads\/salting.jpeg\" alt=\"\" class=\"wp-image-60376\" srcset=\"https:\/\/afanoc.org\/wp-content\/uploads\/salting.jpeg 600w, https:\/\/afanoc.org\/wp-content\/uploads\/salting-320x227.jpeg 320w, https:\/\/afanoc.org\/wp-content\/uploads\/salting-150x107.jpeg 150w\" sizes=\"(max-width: 600px) 100vw, 600px\" \/><\/figure>\n<\/figure>\n\n\n\n<p><em>Grupo de adolescentes de Lleida y Tarragona.<\/em><\/p>\n\n\n\n<div style=\"height:35px\" aria-hidden=\"true\" class=\"wp-block-spacer\"><\/div>\n\n\n\n<p>La sede de AFANOC en Lleida inici\u00f3 el grupo de adolescentes en septiembre de 2022 seguida de Tarragona, que lo ha hecho a inicios de este nuevo curso escolar y de Barcelona, que justo ahora empieza. Salidas al <a href=\"https:\/\/www.instagram.com\/p\/C0JhN0_MR7g\/?img_index=1\" data-type=\"link\" data-id=\"https:\/\/www.instagram.com\/p\/C0JhN0_MR7g\/?img_index=1\" target=\"_blank\" rel=\"noreferrer noopener\">Salting<\/a>, la<a href=\"https:\/\/www.instagram.com\/p\/C4Ntb3_sXlb\/?img_index=1\" data-type=\"link\" data-id=\"https:\/\/www.instagram.com\/p\/C4Ntb3_sXlb\/?img_index=1\" target=\"_blank\" rel=\"noreferrer noopener\"> Bolera<\/a>, a un <a href=\"https:\/\/www.instagram.com\/p\/C3kLzr-ID5B\/\" data-type=\"link\" data-id=\"https:\/\/www.instagram.com\/p\/C3kLzr-ID5B\/\" target=\"_blank\" rel=\"noreferrer noopener\">Escape Room<\/a>, al <a href=\"https:\/\/www.instagram.com\/p\/CljAlI0t_Nk\/?img_index=1\" data-type=\"link\" data-id=\"https:\/\/www.instagram.com\/p\/CljAlI0t_Nk\/?img_index=1\" target=\"_blank\" rel=\"noreferrer noopener\">Karting<\/a> o <a href=\"https:\/\/www.instagram.com\/p\/CzEGaMDsUP5\/?img_index=1\" data-type=\"link\" data-id=\"https:\/\/www.instagram.com\/p\/CzEGaMDsUP5\/?img_index=1\" target=\"_blank\" rel=\"noreferrer noopener\">salidas tem\u00e1ticas<\/a> en fiestas como Halloween, entre otras, son algunas de las propuestas que AFANOC ha ofrecido a los adolescentes para que, a trav\u00e9s del ocio, puedan volver poco a poco a la normalidad y, al mismo tiempo, gozar de la experiencia que se les propone.<\/p>\n\n\n\n<p>Actualmente, AFANOC ofrece la posibilidad de formar parte del grupo de adolescentes (12-16 a\u00f1os), del grupo de j\u00f3venes (16-21 a\u00f1os) o bien del grupo +21 a\u00f1os, seg\u00fan la edad del participante. Este \u00faltimo, el grupo +21, est\u00e1 formado por chicos y chicas que han formado parte del grupo de adolescentes y j\u00f3venes y, ahora, colaboran con AFANOC para continuar vinculados a la entidad. Lo hacen de diferentes formas: tareas de voluntariado, charlas de sensibilizaci\u00f3n en las escuelas o participando de las actividades planteadas.<\/p>\n","protected":false},"excerpt":{"rendered":"<p>AFANOC propone actividades l\u00fadicas espec\u00edficas para los chicos y chicas de 12 a 16 a\u00f1os Proponer encuentros peri\u00f3dicos de car\u00e1cter l\u00fadico y reforzar la cohesi\u00f3n de grupo. Estos son los dos principales objetivos de la nueva propuesta que AFANOC est\u00e1 ofreciendo a los chicos y chicas de 12 a 16 a\u00f1os que han vivido de [&hellip;]<\/p>\n","protected":false},"author":693,"featured_media":60374,"comment_status":"closed","ping_status":"closed","sticky":false,"template":"","format":"standard","meta":{"site-sidebar-layout":"default","site-content-layout":"","ast-site-content-layout":"default","site-content-style":"default","site-sidebar-style":"default","ast-global-header-display":"","ast-banner-title-visibility":"","ast-main-header-display":"","ast-hfb-above-header-display":"","ast-hfb-below-header-display":"","ast-hfb-mobile-header-display":"","site-post-title":"","ast-breadcrumbs-content":"","ast-featured-img":"","footer-sml-layout":"","theme-transparent-header-meta":"","adv-header-id-meta":"","stick-header-meta":"","header-above-stick-meta":"","header-main-stick-meta":"","header-below-stick-meta":"","astra-migrate-meta-layouts":"set","ast-page-background-enabled":"default","ast-page-background-meta":{"desktop":{"background-color":"var(--ast-global-color-4)","background-image":"","background-repeat":"repeat","background-position":"center center","background-size":"auto","background-attachment":"scroll","background-type":"","background-media":"","overlay-type":"","overlay-color":"","overlay-opacity":"","overlay-gradient":""},"tablet":{"background-color":"","background-image":"","background-repeat":"repeat","background-position":"center center","background-size":"auto","background-attachment":"scroll","background-type":"","background-media":"","overlay-type":"","overlay-color":"","overlay-opacity":"","overlay-gradient":""},"mobile":{"background-color":"","background-image":"","background-repeat":"repeat","background-position":"center center","background-size":"auto","background-attachment":"scroll","background-type":"","background-media":"","overlay-type":"","overlay-color":"","overlay-opacity":"","overlay-gradient":""}},"ast-content-background-meta":{"desktop":{"background-color":"var(--ast-global-color-5)","background-image":"","background-repeat":"repeat","background-position":"center center","background-size":"auto","background-attachment":"scroll","background-type":"","background-media":"","overlay-type":"","overlay-color":"","overlay-opacity":"","overlay-gradient":""},"tablet":{"background-color":"var(--ast-global-color-5)","background-image":"","background-repeat":"repeat","background-position":"center center","background-size":"auto","background-attachment":"scroll","background-type":"","background-media":"","overlay-type":"","overlay-color":"","overlay-opacity":"","overlay-gradient":""},"mobile":{"background-color":"var(--ast-global-color-5)","background-image":"","background-repeat":"repeat","background-position":"center center","background-size":"auto","background-attachment":"scroll","background-type":"","background-media":"","overlay-type":"","overlay-color":"","overlay-opacity":"","overlay-gradient":""}},"footnotes":""},"categories":[1095,771],"tags":[84,120,800,124,126],"class_list":["post-60383","post","type-post","status-publish","format-standard","has-post-thumbnail","hentry","category-actividades","category-activitats","tag-activitats","tag-afanoc","tag-cancerinfantil","tag-la-casa-dels-xuklis","tag-nens-amb-cancer"],"publishpress_future_workflow_manual_trigger":{"enabledWorkflows":[]},"_links":{"self":[{"href":"https:\/\/afanoc.org\/es\/wp-json\/wp\/v2\/posts\/60383","targetHints":{"allow":["GET"]}}],"collection":[{"href":"https:\/\/afanoc.org\/es\/wp-json\/wp\/v2\/posts"}],"about":[{"href":"https:\/\/afanoc.org\/es\/wp-json\/wp\/v2\/types\/post"}],"author":[{"embeddable":true,"href":"https:\/\/afanoc.org\/es\/wp-json\/wp\/v2\/users\/693"}],"replies":[{"embeddable":true,"href":"https:\/\/afanoc.org\/es\/wp-json\/wp\/v2\/comments?post=60383"}],"version-history":[{"count":0,"href":"https:\/\/afanoc.org\/es\/wp-json\/wp\/v2\/posts\/60383\/revisions"}],"wp:featuredmedia":[{"embeddable":true,"href":"https:\/\/afanoc.org\/es\/wp-json\/wp\/v2\/media\/60374"}],"wp:attachment":[{"href":"https:\/\/afanoc.org\/es\/wp-json\/wp\/v2\/media?parent=60383"}],"wp:term":[{"taxonomy":"category","embeddable":true,"href":"https:\/\/afanoc.org\/es\/wp-json\/wp\/v2\/categories?post=60383"},{"taxonomy":"post_tag","embeddable":true,"href":"https:\/\/afanoc.org\/es\/wp-json\/wp\/v2\/tags?post=60383"}],"curies":[{"name":"wp","href":"https:\/\/api.w.org\/{rel}","templated":true}]}}