{"id":56503,"date":"2023-11-02T13:22:38","date_gmt":"2023-11-02T13:22:38","guid":{"rendered":"https:\/\/afanoc.org\/?p=56503"},"modified":"2023-11-02T13:21:40","modified_gmt":"2023-11-02T13:21:40","slug":"reina-este-sabado-ven-al-mercado-y-ponte-la-gorra","status":"publish","type":"post","link":"https:\/\/afanoc.org\/es\/blog\/reina-este-sabado-ven-al-mercado-y-ponte-la-gorra\/","title":{"rendered":"Reina, \u00e9ste s\u00e1bado ven al mercado y \u00a1ponte la gorra!"},"content":{"rendered":"\n<p class=\"has-medium-font-size\"><strong>Un a\u00f1o m\u00e1s los mercados de Barcelona se implican en la campa\u00f1a<\/strong><\/p>\n\n\n\n<p>Y ya son 14 a\u00f1os consecutivos que gracias a la colaboraci\u00f3n con el <strong><a href=\"https:\/\/ajuntament.barcelona.cat\/mercats\/ca\" target=\"_blank\" rel=\"noopener\">Institut de Mercats de Barcelona<\/a><\/strong>, la direcci\u00f3n de cada mercado, las asociaciones de comerciantes y paradistas, y sobretodo la red de voluntarios y voluntarias, podemos hacer llegar la gorra \u00a1a cada barrio de la ciudad!<\/p>\n\n\n\n<figure class=\"wp-block-image size-full\"><img decoding=\"async\" width=\"1024\" height=\"577\" src=\"https:\/\/afanoc.org\/wp-content\/uploads\/mercats-bcn.png\" alt=\"\" class=\"wp-image-56493\" srcset=\"https:\/\/afanoc.org\/wp-content\/uploads\/mercats-bcn.png 1024w, https:\/\/afanoc.org\/wp-content\/uploads\/mercats-bcn-320x180.png 320w, https:\/\/afanoc.org\/wp-content\/uploads\/mercats-bcn-150x85.png 150w, https:\/\/afanoc.org\/wp-content\/uploads\/mercats-bcn-768x433.png 768w, https:\/\/afanoc.org\/wp-content\/uploads\/mercats-bcn-600x338.png 600w\" sizes=\"(max-width: 1024px) 100vw, 1024px\" \/><\/figure>\n\n\n\n<p>\u00c9ste s\u00e1bado ser\u00e1n veinte los mercados de Barcelona que se pondr\u00e1n la gorra!<\/p>\n\n\n\n<p>Consulta el m\u00e1s cercano y no te olvides de incluir la gorra en el cesto de la compra!<\/p>\n\n\n\n<p>Encuentra-nos en:<\/p>\n\n\n\n<p>? Mercat de Santa Caterina ? Mercat de Sant Andreu de Palomar&nbsp;? Mercat de La Merc\u00e8<\/p>\n\n\n\n<p>? Mercat de la Concepci\u00f3&nbsp;? Mercat De Sants&nbsp;? Mercat de la Marina<\/p>\n\n\n\n<p>? Mercat de Les Corts ? Mercat de Lesseps ? Mercat del Carmel<\/p>\n\n\n\n<p>? Mercat De Canyelles&nbsp; ? Mercat de la Guineueta&nbsp;? Mercat De Poble Nou&nbsp;<\/p>\n\n\n\n<p>? Mercat de Felip II&nbsp; ? Mercat de Proven\u00e7als ? Mercat de Montserrat&nbsp;<\/p>\n\n\n\n<p>? Mercat de la Trinitat&nbsp; ? Mercat de la Vall d&#8217;Hebron ? Mercat de la Llibertat&nbsp;<\/p>\n\n\n\n<p>? Mercat de Sant Antoni&nbsp; ? Mercat de l&#8217;Abaceria Central<\/p>\n\n\n\n<p>Cual es el tuyo?<\/p>\n","protected":false},"excerpt":{"rendered":"<p>Un a\u00f1o m\u00e1s los mercados de Barcelona se implican en la campa\u00f1a Y ya son 14 a\u00f1os consecutivos que gracias a la colaboraci\u00f3n con el Institut de Mercats de Barcelona, la direcci\u00f3n de cada mercado, las asociaciones de comerciantes y paradistas, y sobretodo la red de voluntarios y voluntarias, podemos hacer llegar la gorra \u00a1a [&hellip;]<\/p>\n","protected":false},"author":3,"featured_media":56501,"comment_status":"closed","ping_status":"closed","sticky":false,"template":"","format":"standard","meta":{"site-sidebar-layout":"default","site-content-layout":"","ast-site-content-layout":"default","site-content-style":"default","site-sidebar-style":"default","ast-global-header-display":"","ast-banner-title-visibility":"","ast-main-header-display":"","ast-hfb-above-header-display":"","ast-hfb-below-header-display":"","ast-hfb-mobile-header-display":"","site-post-title":"","ast-breadcrumbs-content":"","ast-featured-img":"","footer-sml-layout":"","theme-transparent-header-meta":"","adv-header-id-meta":"","stick-header-meta":"","header-above-stick-meta":"","header-main-stick-meta":"","header-below-stick-meta":"","astra-migrate-meta-layouts":"default","ast-page-background-enabled":"default","ast-page-background-meta":{"desktop":{"background-color":"var(--ast-global-color-4)","background-image":"","background-repeat":"repeat","background-position":"center center","background-size":"auto","background-attachment":"scroll","background-type":"","background-media":"","overlay-type":"","overlay-color":"","overlay-opacity":"","overlay-gradient":""},"tablet":{"background-color":"","background-image":"","background-repeat":"repeat","background-position":"center center","background-size":"auto","background-attachment":"scroll","background-type":"","background-media":"","overlay-type":"","overlay-color":"","overlay-opacity":"","overlay-gradient":""},"mobile":{"background-color":"","background-image":"","background-repeat":"repeat","background-position":"center center","background-size":"auto","background-attachment":"scroll","background-type":"","background-media":"","overlay-type":"","overlay-color":"","overlay-opacity":"","overlay-gradient":""}},"ast-content-background-meta":{"desktop":{"background-color":"var(--ast-global-color-5)","background-image":"","background-repeat":"repeat","background-position":"center center","background-size":"auto","background-attachment":"scroll","background-type":"","background-media":"","overlay-type":"","overlay-color":"","overlay-opacity":"","overlay-gradient":""},"tablet":{"background-color":"var(--ast-global-color-5)","background-image":"","background-repeat":"repeat","background-position":"center center","background-size":"auto","background-attachment":"scroll","background-type":"","background-media":"","overlay-type":"","overlay-color":"","overlay-opacity":"","overlay-gradient":""},"mobile":{"background-color":"var(--ast-global-color-5)","background-image":"","background-repeat":"repeat","background-position":"center center","background-size":"auto","background-attachment":"scroll","background-type":"","background-media":"","overlay-type":"","overlay-color":"","overlay-opacity":"","overlay-gradient":""}},"footnotes":""},"categories":[1095],"tags":[],"class_list":["post-56503","post","type-post","status-publish","format-standard","has-post-thumbnail","hentry","category-actividades"],"publishpress_future_workflow_manual_trigger":{"enabledWorkflows":[]},"_links":{"self":[{"href":"https:\/\/afanoc.org\/es\/wp-json\/wp\/v2\/posts\/56503","targetHints":{"allow":["GET"]}}],"collection":[{"href":"https:\/\/afanoc.org\/es\/wp-json\/wp\/v2\/posts"}],"about":[{"href":"https:\/\/afanoc.org\/es\/wp-json\/wp\/v2\/types\/post"}],"author":[{"embeddable":true,"href":"https:\/\/afanoc.org\/es\/wp-json\/wp\/v2\/users\/3"}],"replies":[{"embeddable":true,"href":"https:\/\/afanoc.org\/es\/wp-json\/wp\/v2\/comments?post=56503"}],"version-history":[{"count":0,"href":"https:\/\/afanoc.org\/es\/wp-json\/wp\/v2\/posts\/56503\/revisions"}],"wp:featuredmedia":[{"embeddable":true,"href":"https:\/\/afanoc.org\/es\/wp-json\/wp\/v2\/media\/56501"}],"wp:attachment":[{"href":"https:\/\/afanoc.org\/es\/wp-json\/wp\/v2\/media?parent=56503"}],"wp:term":[{"taxonomy":"category","embeddable":true,"href":"https:\/\/afanoc.org\/es\/wp-json\/wp\/v2\/categories?post=56503"},{"taxonomy":"post_tag","embeddable":true,"href":"https:\/\/afanoc.org\/es\/wp-json\/wp\/v2\/tags?post=56503"}],"curies":[{"name":"wp","href":"https:\/\/api.w.org\/{rel}","templated":true}]}}