{"id":53768,"date":"2023-06-28T13:54:39","date_gmt":"2023-06-28T13:54:39","guid":{"rendered":"https:\/\/afanoc.org\/?p=53768"},"modified":"2023-06-28T13:56:00","modified_gmt":"2023-06-28T13:56:00","slug":"el-consejo-de-ministros-aprueba-in-extremis-la-ley-del-derecho-al-olvido-oncologico","status":"publish","type":"post","link":"https:\/\/afanoc.org\/es\/blog\/el-consejo-de-ministros-aprueba-in-extremis-la-ley-del-derecho-al-olvido-oncologico\/","title":{"rendered":"El Consejo de ministros aprueba in extremis la Ley del Derecho al Olvido Oncol\u00f3gico"},"content":{"rendered":"\n<p class=\"has-medium-font-size\" style=\"font-style:normal;font-weight:600\"><strong>Celebramos la aprobaci\u00f3n in extremis de la Ley del Derecho al Olvido Oncol\u00f3gico que ha hecho el Consejo de Ministros, mediante real decreto ley, y que entrar\u00e1 en vigor pr\u00f3ximamente<\/strong><\/p>\n\n\n\n<p>El adelanto electoral anunciado por el presidente del Gobierno, Pedro S\u00e1nchez, y la disoluci\u00f3n de las Cortes hab\u00eda dejado en suspenso la voluntad de tirar adelante esta normativa que ten\u00eda previsto ser implementada a principios de este mes.<\/p>\n\n\n\n<p>La <strong>Ley del Derecho al Olvido Oncol\u00f3gico<\/strong> es un paso importante para avanzar hacia la igualdad de derechos de estos pacientes ante la petici\u00f3n de pr\u00e9stamos, hipotecas y seguros de salud y vida, puesto que, hasta ahora, ten\u00edan dificultades para acceder por el hecho de haber sufrido la enfermedad. Esta ley se une a la normativa aprobada a principios de junio que iguala los plazos de renovaci\u00f3n del permiso de conducir de las personas que han superado un c\u00e1ncer con los del resto de la poblaci\u00f3n.<\/p>\n\n\n\n<figure class=\"wp-block-image size-full\"><img decoding=\"async\" width=\"1024\" height=\"577\" src=\"https:\/\/afanoc.org\/wp-content\/uploads\/noticia-llei-dret-a-loblit.jpg\" alt=\"llei dret a l'oblit\" class=\"wp-image-53764\" srcset=\"https:\/\/afanoc.org\/wp-content\/uploads\/noticia-llei-dret-a-loblit.jpg 1024w, https:\/\/afanoc.org\/wp-content\/uploads\/noticia-llei-dret-a-loblit-300x169.jpg 300w, https:\/\/afanoc.org\/wp-content\/uploads\/noticia-llei-dret-a-loblit-150x85.jpg 150w, https:\/\/afanoc.org\/wp-content\/uploads\/noticia-llei-dret-a-loblit-768x433.jpg 768w, https:\/\/afanoc.org\/wp-content\/uploads\/noticia-llei-dret-a-loblit-600x338.jpg 600w\" sizes=\"(max-width: 1024px) 100vw, 1024px\" \/><\/figure>\n\n\n\n<p>La aprobaci\u00f3n de esta ley cumple con la recomendaci\u00f3n del Parlamento Europeo de adoptar de esta medida antes del 2025. As\u00ed, Espa\u00f1a se equipar\u00e1 a otros pa\u00edses de la Uni\u00f3n Europea como Francia, Luxemburgo, Pa\u00edses Bajos, B\u00e9lgica o Portugal. Hay que destacar que, en el caso de Espa\u00f1a, el periodo en el cual empieza el derecho al olvido oncol\u00f3gico son <strong>a los 5 a\u00f1os de la remisi\u00f3n total de la enfermedad<\/strong>, a diferencia de la mayor\u00eda de pa\u00edses, el periodo de los cuales es de 10 a\u00f1os.<\/p>\n\n\n\n<p>Una de las dudas que se abre ahora es saber c\u00f3mo implementar\u00e1n las empresas esta normativa dentro del plazo de 6 meses que les da el Gobierno. Ahora &nbsp;habr\u00e1 que estar atentos en conocer c\u00f3mo se incorpora en el texto el derecho al olvido oncol\u00f3gico para las personas que <strong>han cronificado la enfermedad.<\/strong><\/p>\n","protected":false},"excerpt":{"rendered":"<p>Celebramos la aprobaci\u00f3n in extremis de la Ley del Derecho al Olvido Oncol\u00f3gico que ha hecho el Consejo de Ministros, mediante real decreto ley, y que entrar\u00e1 en vigor pr\u00f3ximamente El adelanto electoral anunciado por el presidente del Gobierno, Pedro S\u00e1nchez, y la disoluci\u00f3n de las Cortes hab\u00eda dejado en suspenso la voluntad de tirar [&hellip;]<\/p>\n","protected":false},"author":691,"featured_media":53770,"comment_status":"closed","ping_status":"closed","sticky":false,"template":"","format":"standard","meta":{"site-sidebar-layout":"default","site-content-layout":"","ast-site-content-layout":"default","site-content-style":"default","site-sidebar-style":"default","ast-global-header-display":"","ast-banner-title-visibility":"","ast-main-header-display":"","ast-hfb-above-header-display":"","ast-hfb-below-header-display":"","ast-hfb-mobile-header-display":"","site-post-title":"","ast-breadcrumbs-content":"","ast-featured-img":"","footer-sml-layout":"","theme-transparent-header-meta":"","adv-header-id-meta":"","stick-header-meta":"","header-above-stick-meta":"","header-main-stick-meta":"","header-below-stick-meta":"","astra-migrate-meta-layouts":"default","ast-page-background-enabled":"default","ast-page-background-meta":{"desktop":{"background-color":"var(--ast-global-color-4)","background-image":"","background-repeat":"repeat","background-position":"center center","background-size":"auto","background-attachment":"scroll","background-type":"","background-media":"","overlay-type":"","overlay-color":"","overlay-opacity":"","overlay-gradient":""},"tablet":{"background-color":"","background-image":"","background-repeat":"repeat","background-position":"center center","background-size":"auto","background-attachment":"scroll","background-type":"","background-media":"","overlay-type":"","overlay-color":"","overlay-opacity":"","overlay-gradient":""},"mobile":{"background-color":"","background-image":"","background-repeat":"repeat","background-position":"center center","background-size":"auto","background-attachment":"scroll","background-type":"","background-media":"","overlay-type":"","overlay-color":"","overlay-opacity":"","overlay-gradient":""}},"ast-content-background-meta":{"desktop":{"background-color":"var(--ast-global-color-5)","background-image":"","background-repeat":"repeat","background-position":"center center","background-size":"auto","background-attachment":"scroll","background-type":"","background-media":"","overlay-type":"","overlay-color":"","overlay-opacity":"","overlay-gradient":""},"tablet":{"background-color":"var(--ast-global-color-5)","background-image":"","background-repeat":"repeat","background-position":"center center","background-size":"auto","background-attachment":"scroll","background-type":"","background-media":"","overlay-type":"","overlay-color":"","overlay-opacity":"","overlay-gradient":""},"mobile":{"background-color":"var(--ast-global-color-5)","background-image":"","background-repeat":"repeat","background-position":"center center","background-size":"auto","background-attachment":"scroll","background-type":"","background-media":"","overlay-type":"","overlay-color":"","overlay-opacity":"","overlay-gradient":""}},"footnotes":""},"categories":[1085],"tags":[],"class_list":["post-53768","post","type-post","status-publish","format-standard","has-post-thumbnail","hentry","category-noticias"],"publishpress_future_workflow_manual_trigger":{"enabledWorkflows":[]},"_links":{"self":[{"href":"https:\/\/afanoc.org\/es\/wp-json\/wp\/v2\/posts\/53768","targetHints":{"allow":["GET"]}}],"collection":[{"href":"https:\/\/afanoc.org\/es\/wp-json\/wp\/v2\/posts"}],"about":[{"href":"https:\/\/afanoc.org\/es\/wp-json\/wp\/v2\/types\/post"}],"author":[{"embeddable":true,"href":"https:\/\/afanoc.org\/es\/wp-json\/wp\/v2\/users\/691"}],"replies":[{"embeddable":true,"href":"https:\/\/afanoc.org\/es\/wp-json\/wp\/v2\/comments?post=53768"}],"version-history":[{"count":0,"href":"https:\/\/afanoc.org\/es\/wp-json\/wp\/v2\/posts\/53768\/revisions"}],"wp:featuredmedia":[{"embeddable":true,"href":"https:\/\/afanoc.org\/es\/wp-json\/wp\/v2\/media\/53770"}],"wp:attachment":[{"href":"https:\/\/afanoc.org\/es\/wp-json\/wp\/v2\/media?parent=53768"}],"wp:term":[{"taxonomy":"category","embeddable":true,"href":"https:\/\/afanoc.org\/es\/wp-json\/wp\/v2\/categories?post=53768"},{"taxonomy":"post_tag","embeddable":true,"href":"https:\/\/afanoc.org\/es\/wp-json\/wp\/v2\/tags?post=53768"}],"curies":[{"name":"wp","href":"https:\/\/api.w.org\/{rel}","templated":true}]}}