{"id":53719,"date":"2023-06-27T07:37:51","date_gmt":"2023-06-27T07:37:51","guid":{"rendered":"https:\/\/afanoc.org\/?p=53719"},"modified":"2023-06-27T07:37:18","modified_gmt":"2023-06-27T07:37:18","slug":"vall-de-hebron-pone-en-marcha-una-nueva-consulta-oncologica-que-cuenta-con-un-trabajador-social-sanitario-de-afanoc","status":"publish","type":"post","link":"https:\/\/afanoc.org\/es\/blog\/vall-de-hebron-pone-en-marcha-una-nueva-consulta-oncologica-que-cuenta-con-un-trabajador-social-sanitario-de-afanoc\/","title":{"rendered":"Vall de Hebr\u00f3n pone en marcha una nueva consulta oncol\u00f3gica que cuenta con un trabajador social sanitario de AFANOC"},"content":{"rendered":"\n<p class=\"has-medium-font-size\" style=\"font-style:normal;font-weight:600\">El objetivo del nuevo servicio es tratar de forma espec\u00edfica e integral los tumores propios de los adolescentes y j\u00f3venes adultos<\/p>\n\n\n\n<p>Son tumores que est\u00e1n relacionados con el desarrollo y tienen un diagn\u00f3stico, abordaje y pron\u00f3stico diferente al de los adultos.<\/p>\n\n\n\n<p>La nueva consulta se encuentra en el Hospital Infantil y suma la experiencia de los equipos del Servicio de Oncolog\u00eda Pedi\u00e1trica y Oncolog\u00eda M\u00e9dica para ofrecer una atenci\u00f3n multidisciplinaria. &nbsp;&nbsp;<\/p>\n\n\n\n<p>Al frente, est\u00e1n la Dra. Paula P\u00e9rez, adjunta de Oncolog\u00eda Pedi\u00e1trica, y la Dra. Macarena Gonz\u00e1lez, adjunta del Servicio de Oncolog\u00eda M\u00e9dica e investigadora del Grupo del programa de Tumores Genitourinarios, SNC y Sarcomas del Vall de Hebr\u00f3n Instituto de Oncolog\u00eda (VHIO).<\/p>\n\n\n\n<figure class=\"wp-block-image size-full\"><img decoding=\"async\" width=\"1024\" height=\"577\" src=\"https:\/\/afanoc.org\/wp-content\/uploads\/Presentacio-AYA-VH.jpg\" alt=\"\" class=\"wp-image-53706\" srcset=\"https:\/\/afanoc.org\/wp-content\/uploads\/Presentacio-AYA-VH.jpg 1024w, https:\/\/afanoc.org\/wp-content\/uploads\/Presentacio-AYA-VH-300x169.jpg 300w, https:\/\/afanoc.org\/wp-content\/uploads\/Presentacio-AYA-VH-150x85.jpg 150w, https:\/\/afanoc.org\/wp-content\/uploads\/Presentacio-AYA-VH-768x433.jpg 768w, https:\/\/afanoc.org\/wp-content\/uploads\/Presentacio-AYA-VH-600x338.jpg 600w\" sizes=\"(max-width: 1024px) 100vw, 1024px\" \/><\/figure>\n\n\n\n<p>La consulta cuenta con el equipo de enfermeras especializadas en la atenci\u00f3n y seguimiento de pacientes oncol\u00f3gicos y <strong>con<\/strong> <strong>Marc S\u00e1nchez, trabajador social sanitario del AFANOC,<\/strong> para acompa\u00f1ar a los adolescentes y j\u00f3venes que todav\u00eda no son adultos, ni tienen los mismos miedos e inquietudes que los m\u00e1s peque\u00f1os.<\/p>\n\n\n\n<p>Asimismo, ofrece una atenci\u00f3n 360\u00b0 con acompa\u00f1amiento psicosocial y emocional, cura de los efectos de los tratamientos sobre fertilidad, espacios de intimidad y puntos de encuentro entre pacientes.<\/p>\n\n\n\n<p><strong>\u201cNo tratamos enfermedades, tratamos personas que tienen una enfermedad\u201d<\/strong>, matiza la Dra. Paula P\u00e9rez. Y en el caso de un diagn\u00f3stico a un adolescente debemos tener en cuenta el acompa\u00f1amiento psicosocial y emocional. En un momento en que su entorno es lleno de vida y la persona est\u00e1 construyendo su identidad, decidiendo un itinerario vital, el diagn\u00f3stico de un c\u00e1ncer les obliga a parar y hacerse preguntas.<\/p>\n\n\n\n<figure class=\"wp-block-image size-full\"><img decoding=\"async\" width=\"1024\" height=\"577\" src=\"https:\/\/afanoc.org\/wp-content\/uploads\/Presentacio-AYA-VH1.jpg\" alt=\"\" class=\"wp-image-53709\" srcset=\"https:\/\/afanoc.org\/wp-content\/uploads\/Presentacio-AYA-VH1.jpg 1024w, https:\/\/afanoc.org\/wp-content\/uploads\/Presentacio-AYA-VH1-300x169.jpg 300w, https:\/\/afanoc.org\/wp-content\/uploads\/Presentacio-AYA-VH1-150x85.jpg 150w, https:\/\/afanoc.org\/wp-content\/uploads\/Presentacio-AYA-VH1-768x433.jpg 768w, https:\/\/afanoc.org\/wp-content\/uploads\/Presentacio-AYA-VH1-600x338.jpg 600w\" sizes=\"(max-width: 1024px) 100vw, 1024px\" \/><\/figure>\n\n\n\n<p>\u201cAdem\u00e1s del aspecto m\u00e9dico,<strong> tenemos cura de su bienestar emocional.<\/strong> Seg\u00fan el tumor, el pron\u00f3stico, el tipo de tratamiento&#8230; pueden aparecer secuelas funcionales, est\u00e9ticas o tener que reajustar los planes acad\u00e9micos. Y estas secuelas pueden incidir en su autonom\u00eda, su vida afectiva o relaciones sociales. <strong>Nosotros acompa\u00f1amos y procuramos ofrecer la informaci\u00f3n que requieren <\/strong>para que tomen sus decisiones\u201d,<strong> reflexiona el Marc S\u00e1nchez. <\/strong>\u201cDesde la disciplina de trabajo social, ejercemos un acompa\u00f1amiento socioemocional enfocado a promover actividades de bienestar y acompa\u00f1amiento asistencial por los j\u00f3venes y familiares en un momento vital de nuevas din\u00e1micas y necesidades\u201d, a\u00f1ade.<\/p>\n","protected":false},"excerpt":{"rendered":"<p>El objetivo del nuevo servicio es tratar de forma espec\u00edfica e integral los tumores propios de los adolescentes y j\u00f3venes adultos Son tumores que est\u00e1n relacionados con el desarrollo y tienen un diagn\u00f3stico, abordaje y pron\u00f3stico diferente al de los adultos. La nueva consulta se encuentra en el Hospital Infantil y suma la experiencia de [&hellip;]<\/p>\n","protected":false},"author":3,"featured_media":53714,"comment_status":"closed","ping_status":"closed","sticky":false,"template":"","format":"standard","meta":{"site-sidebar-layout":"default","site-content-layout":"","ast-site-content-layout":"default","site-content-style":"default","site-sidebar-style":"default","ast-global-header-display":"","ast-banner-title-visibility":"","ast-main-header-display":"","ast-hfb-above-header-display":"","ast-hfb-below-header-display":"","ast-hfb-mobile-header-display":"","site-post-title":"","ast-breadcrumbs-content":"","ast-featured-img":"","footer-sml-layout":"","theme-transparent-header-meta":"","adv-header-id-meta":"","stick-header-meta":"","header-above-stick-meta":"","header-main-stick-meta":"","header-below-stick-meta":"","astra-migrate-meta-layouts":"default","ast-page-background-enabled":"default","ast-page-background-meta":{"desktop":{"background-color":"var(--ast-global-color-4)","background-image":"","background-repeat":"repeat","background-position":"center center","background-size":"auto","background-attachment":"scroll","background-type":"","background-media":"","overlay-type":"","overlay-color":"","overlay-opacity":"","overlay-gradient":""},"tablet":{"background-color":"","background-image":"","background-repeat":"repeat","background-position":"center center","background-size":"auto","background-attachment":"scroll","background-type":"","background-media":"","overlay-type":"","overlay-color":"","overlay-opacity":"","overlay-gradient":""},"mobile":{"background-color":"","background-image":"","background-repeat":"repeat","background-position":"center center","background-size":"auto","background-attachment":"scroll","background-type":"","background-media":"","overlay-type":"","overlay-color":"","overlay-opacity":"","overlay-gradient":""}},"ast-content-background-meta":{"desktop":{"background-color":"var(--ast-global-color-5)","background-image":"","background-repeat":"repeat","background-position":"center center","background-size":"auto","background-attachment":"scroll","background-type":"","background-media":"","overlay-type":"","overlay-color":"","overlay-opacity":"","overlay-gradient":""},"tablet":{"background-color":"var(--ast-global-color-5)","background-image":"","background-repeat":"repeat","background-position":"center center","background-size":"auto","background-attachment":"scroll","background-type":"","background-media":"","overlay-type":"","overlay-color":"","overlay-opacity":"","overlay-gradient":""},"mobile":{"background-color":"var(--ast-global-color-5)","background-image":"","background-repeat":"repeat","background-position":"center center","background-size":"auto","background-attachment":"scroll","background-type":"","background-media":"","overlay-type":"","overlay-color":"","overlay-opacity":"","overlay-gradient":""}},"footnotes":""},"categories":[1085],"tags":[],"class_list":["post-53719","post","type-post","status-publish","format-standard","has-post-thumbnail","hentry","category-noticias"],"publishpress_future_workflow_manual_trigger":{"enabledWorkflows":[]},"_links":{"self":[{"href":"https:\/\/afanoc.org\/es\/wp-json\/wp\/v2\/posts\/53719","targetHints":{"allow":["GET"]}}],"collection":[{"href":"https:\/\/afanoc.org\/es\/wp-json\/wp\/v2\/posts"}],"about":[{"href":"https:\/\/afanoc.org\/es\/wp-json\/wp\/v2\/types\/post"}],"author":[{"embeddable":true,"href":"https:\/\/afanoc.org\/es\/wp-json\/wp\/v2\/users\/3"}],"replies":[{"embeddable":true,"href":"https:\/\/afanoc.org\/es\/wp-json\/wp\/v2\/comments?post=53719"}],"version-history":[{"count":0,"href":"https:\/\/afanoc.org\/es\/wp-json\/wp\/v2\/posts\/53719\/revisions"}],"wp:featuredmedia":[{"embeddable":true,"href":"https:\/\/afanoc.org\/es\/wp-json\/wp\/v2\/media\/53714"}],"wp:attachment":[{"href":"https:\/\/afanoc.org\/es\/wp-json\/wp\/v2\/media?parent=53719"}],"wp:term":[{"taxonomy":"category","embeddable":true,"href":"https:\/\/afanoc.org\/es\/wp-json\/wp\/v2\/categories?post=53719"},{"taxonomy":"post_tag","embeddable":true,"href":"https:\/\/afanoc.org\/es\/wp-json\/wp\/v2\/tags?post=53719"}],"curies":[{"name":"wp","href":"https:\/\/api.w.org\/{rel}","templated":true}]}}