{"id":53325,"date":"2023-06-12T11:02:32","date_gmt":"2023-06-12T11:02:32","guid":{"rendered":"https:\/\/afanoc.org\/?p=53325"},"modified":"2024-08-01T05:45:54","modified_gmt":"2024-08-01T05:45:54","slug":"la-jornada-por-el-cancer-infantil-en-portaventura-park-reune-a-mas-de-1-200-personas","status":"publish","type":"post","link":"https:\/\/afanoc.org\/es\/blog\/la-jornada-por-el-cancer-infantil-en-portaventura-park-reune-a-mas-de-1-200-personas\/","title":{"rendered":"La Jornada por el C\u00e1ncer Infantil en PortAventura Park re\u00fane a m\u00e1s de 1.200 personas"},"content":{"rendered":"\n<p class=\"has-medium-font-size\"><strong>M\u00fasica, animaci\u00f3n, talleres y actividades han sido los protagonistas de esta iniciativa que ha contribuido a visibilizar el c\u00e1ncer infantil y juvenil<\/strong><\/p>\n\n\n\n<p>La Asociaci\u00f3n de Familiares y Amigos de Ni\u00f1os Oncol\u00f3gicos de Catalu\u00f1a (AFANOC), la Asociaci\u00f3n Contra el C\u00e1ncer en Tarragona y la Liga Contra el C\u00e1ncer en las comarcas de Tarragona y Terres de l&#8217;Ebre celebraron el pasado 10 de junio la primera edici\u00f3n de la Jornada por el C\u00e1ncer Infantil en PortAventura Park.<\/p>\n\n\n\n<p>Este a\u00f1o, unas 1.200 personas compraron la entrada a un precio reducido de 25 euros participando as\u00ed con ilusi\u00f3n de esta jornada solidaria en la que la m\u00fasica y la alegr\u00eda han sido los protagonistas. Las batucadas Reus Samba y Engrescats, la Mulassa de la Uni\u00f3n de Anillas de la Llama de Valls y el grupo de animaci\u00f3n Xarop de Canya, acompa\u00f1aron las familias desde la entrada del parque tem\u00e1tico hasta la plaza del \u00e1rea de China, escenario central de la fiesta, y en la que se ofrecieron diferentes actividades y juegos musicales amenizados con la m\u00fasica de un DJ. En esta plaza se ubicaron las mesas informativas de las entidades para dar a conocer su labor.<\/p>\n\n\n\n<figure class=\"wp-block-image size-full\"><img decoding=\"async\" width=\"1024\" height=\"577\" src=\"https:\/\/afanoc.org\/wp-content\/uploads\/Mulassa-POrtAventura-2023.jpg\" alt=\"\" class=\"wp-image-53359\" srcset=\"https:\/\/afanoc.org\/wp-content\/uploads\/Mulassa-POrtAventura-2023.jpg 1024w, https:\/\/afanoc.org\/wp-content\/uploads\/Mulassa-POrtAventura-2023-300x169.jpg 300w, https:\/\/afanoc.org\/wp-content\/uploads\/Mulassa-POrtAventura-2023-150x85.jpg 150w, https:\/\/afanoc.org\/wp-content\/uploads\/Mulassa-POrtAventura-2023-768x433.jpg 768w, https:\/\/afanoc.org\/wp-content\/uploads\/Mulassa-POrtAventura-2023-600x338.jpg 600w\" sizes=\"(max-width: 1024px) 100vw, 1024px\" \/><\/figure>\n\n\n\n<p>Por parte de la Fundaci\u00f3n PortAventura asistieron el presidente, Ram\u00f3n Marsal, y el gerente Sergi Padilla; de AFANOC, su vicepresidenta, Montse Florensa, y el delegado de AFANOC en Tarragona, Miguel Javaloy; de la Asociaci\u00f3n Contra el C\u00e1ncer en Tarragona, el presidente Fede Ad\u00e1n y el vicepresidente Jordi Sierra; y de la Liga Contra el C\u00e1ncer en las comarcas de Tarragona y Terres de l&#8217;Ebre, su vicepresidenta Lidia Pascual.<\/p>\n\n\n\n<p>Gracias al apoyo de la Fundaci\u00f3n PortAventura y a la solidaridad de los asistentes a la primera edici\u00f3n de la Jornada para el C\u00e1ncer Infantil, se ha hecho posible alcanzar el objetivo principal de la jornada: visibilizar el c\u00e1ncer infantil y destinar los beneficios de la recaudaci\u00f3n a mantener y mejorar la calidad de los servicios que ofrecen las tres entidades a ni\u00f1os y j\u00f3venes en tratamiento oncol\u00f3gico y sus familias.<\/p>\n\n\n\n<figure class=\"wp-block-image size-full\"><img decoding=\"async\" width=\"1024\" height=\"577\" src=\"https:\/\/afanoc.org\/wp-content\/uploads\/Portaventura-10-juny.jpg\" alt=\"\" class=\"wp-image-53317\" srcset=\"https:\/\/afanoc.org\/wp-content\/uploads\/Portaventura-10-juny.jpg 1024w, https:\/\/afanoc.org\/wp-content\/uploads\/Portaventura-10-juny-300x169.jpg 300w, https:\/\/afanoc.org\/wp-content\/uploads\/Portaventura-10-juny-150x85.jpg 150w, https:\/\/afanoc.org\/wp-content\/uploads\/Portaventura-10-juny-768x433.jpg 768w, https:\/\/afanoc.org\/wp-content\/uploads\/Portaventura-10-juny-600x338.jpg 600w\" sizes=\"(max-width: 1024px) 100vw, 1024px\" \/><\/figure>\n\n\n","protected":false},"excerpt":{"rendered":"<p>M\u00fasica, animaci\u00f3n, talleres y actividades han sido los protagonistas de esta iniciativa que ha contribuido a visibilizar el c\u00e1ncer infantil y juvenil La Asociaci\u00f3n de Familiares y Amigos de Ni\u00f1os Oncol\u00f3gicos de Catalu\u00f1a (AFANOC), la Asociaci\u00f3n Contra el C\u00e1ncer en Tarragona y la Liga Contra el C\u00e1ncer en las comarcas de Tarragona y Terres de [&hellip;]<\/p>\n","protected":false},"author":3,"featured_media":53323,"comment_status":"closed","ping_status":"closed","sticky":false,"template":"","format":"standard","meta":{"site-sidebar-layout":"default","site-content-layout":"","ast-site-content-layout":"default","site-content-style":"default","site-sidebar-style":"default","ast-global-header-display":"","ast-banner-title-visibility":"","ast-main-header-display":"","ast-hfb-above-header-display":"","ast-hfb-below-header-display":"","ast-hfb-mobile-header-display":"","site-post-title":"","ast-breadcrumbs-content":"","ast-featured-img":"","footer-sml-layout":"","theme-transparent-header-meta":"","adv-header-id-meta":"","stick-header-meta":"","header-above-stick-meta":"","header-main-stick-meta":"","header-below-stick-meta":"","astra-migrate-meta-layouts":"default","ast-page-background-enabled":"default","ast-page-background-meta":{"desktop":{"background-color":"var(--ast-global-color-4)","background-image":"","background-repeat":"repeat","background-position":"center center","background-size":"auto","background-attachment":"scroll","background-type":"","background-media":"","overlay-type":"","overlay-color":"","overlay-opacity":"","overlay-gradient":""},"tablet":{"background-color":"","background-image":"","background-repeat":"repeat","background-position":"center center","background-size":"auto","background-attachment":"scroll","background-type":"","background-media":"","overlay-type":"","overlay-color":"","overlay-opacity":"","overlay-gradient":""},"mobile":{"background-color":"","background-image":"","background-repeat":"repeat","background-position":"center center","background-size":"auto","background-attachment":"scroll","background-type":"","background-media":"","overlay-type":"","overlay-color":"","overlay-opacity":"","overlay-gradient":""}},"ast-content-background-meta":{"desktop":{"background-color":"var(--ast-global-color-5)","background-image":"","background-repeat":"repeat","background-position":"center center","background-size":"auto","background-attachment":"scroll","background-type":"","background-media":"","overlay-type":"","overlay-color":"","overlay-opacity":"","overlay-gradient":""},"tablet":{"background-color":"var(--ast-global-color-5)","background-image":"","background-repeat":"repeat","background-position":"center center","background-size":"auto","background-attachment":"scroll","background-type":"","background-media":"","overlay-type":"","overlay-color":"","overlay-opacity":"","overlay-gradient":""},"mobile":{"background-color":"var(--ast-global-color-5)","background-image":"","background-repeat":"repeat","background-position":"center center","background-size":"auto","background-attachment":"scroll","background-type":"","background-media":"","overlay-type":"","overlay-color":"","overlay-opacity":"","overlay-gradient":""}},"footnotes":""},"categories":[1095,1085],"tags":[],"class_list":["post-53325","post","type-post","status-publish","format-standard","has-post-thumbnail","hentry","category-actividades","category-noticias"],"publishpress_future_workflow_manual_trigger":{"enabledWorkflows":[]},"_links":{"self":[{"href":"https:\/\/afanoc.org\/es\/wp-json\/wp\/v2\/posts\/53325","targetHints":{"allow":["GET"]}}],"collection":[{"href":"https:\/\/afanoc.org\/es\/wp-json\/wp\/v2\/posts"}],"about":[{"href":"https:\/\/afanoc.org\/es\/wp-json\/wp\/v2\/types\/post"}],"author":[{"embeddable":true,"href":"https:\/\/afanoc.org\/es\/wp-json\/wp\/v2\/users\/3"}],"replies":[{"embeddable":true,"href":"https:\/\/afanoc.org\/es\/wp-json\/wp\/v2\/comments?post=53325"}],"version-history":[{"count":0,"href":"https:\/\/afanoc.org\/es\/wp-json\/wp\/v2\/posts\/53325\/revisions"}],"wp:featuredmedia":[{"embeddable":true,"href":"https:\/\/afanoc.org\/es\/wp-json\/wp\/v2\/media\/53323"}],"wp:attachment":[{"href":"https:\/\/afanoc.org\/es\/wp-json\/wp\/v2\/media?parent=53325"}],"wp:term":[{"taxonomy":"category","embeddable":true,"href":"https:\/\/afanoc.org\/es\/wp-json\/wp\/v2\/categories?post=53325"},{"taxonomy":"post_tag","embeddable":true,"href":"https:\/\/afanoc.org\/es\/wp-json\/wp\/v2\/tags?post=53325"}],"curies":[{"name":"wp","href":"https:\/\/api.w.org\/{rel}","templated":true}]}}