{"id":51281,"date":"2023-04-12T16:18:00","date_gmt":"2023-04-12T16:18:00","guid":{"rendered":"https:\/\/afanoc.org\/?p=51281"},"modified":"2023-04-17T16:42:02","modified_gmt":"2023-04-17T16:42:02","slug":"afanoc-participa-en-el-vi-congreso-de-la-pedpal","status":"publish","type":"post","link":"https:\/\/afanoc.org\/es\/blog\/afanoc-participa-en-el-vi-congreso-de-la-pedpal\/","title":{"rendered":"AFANOC participa en el VI Congreso de la PEDPAL"},"content":{"rendered":"\n<p>La SOCIEDAD ESPA\u00d1OLA DE CUIDADOS PALIATIVOS PEDI\u00c1TRICOS, realiza este congreso en M\u00e1laga el 20 y 21 de Abril con el lema <strong><a href=\"https:\/\/www.pedpal.es\/site\/vi-congreso-pedpal\/malaga-ciudad-del-paraiso\/programa-pedpal-2023\/\" target=\"_blank\" rel=\"noopener\">\u00abLa aventura de guiar y acompa\u00f1ar\u00bb<\/a><\/strong>, una oportunidad de compartir experiencias, conocimientos y vivencias con equipos de curas paliativas pedi\u00e1tricas\u00a0de todo el estado, familiares y asociaciones. <strong>Nuria Cars\u00ed Costas<\/strong>, enfermera y consultora cl\u00ednica del \u00c1rea de Apoyo Emocional de AFANOC y de la Unidad de duelo de San Juan de Dios, estar\u00e1 presente como poniente\u00a0en una de las mesas redondas donde desarrollar\u00e1\u00a0la tem\u00e1tica:<\/p>\n\n\n\n<p><strong>El autocuidado , necesidades y estrategias: Que pueden hacer los gestores de los equipos?<\/strong><\/p>\n\n\n\n<figure class=\"wp-block-image size-full\"><img decoding=\"async\" width=\"800\" height=\"450\" src=\"https:\/\/afanoc.org\/wp-content\/uploads\/Congres-PEDPAL.png\" alt=\"\" class=\"wp-image-51274\" srcset=\"https:\/\/afanoc.org\/wp-content\/uploads\/Congres-PEDPAL.png 800w, https:\/\/afanoc.org\/wp-content\/uploads\/Congres-PEDPAL-300x169.png 300w, https:\/\/afanoc.org\/wp-content\/uploads\/Congres-PEDPAL-150x84.png 150w, https:\/\/afanoc.org\/wp-content\/uploads\/Congres-PEDPAL-768x432.png 768w, https:\/\/afanoc.org\/wp-content\/uploads\/Congres-PEDPAL-600x338.png 600w\" sizes=\"(max-width: 800px) 100vw, 800px\" \/><\/figure>\n","protected":false},"excerpt":{"rendered":"<p>La SOCIEDAD ESPA\u00d1OLA DE CUIDADOS PALIATIVOS PEDI\u00c1TRICOS, realiza este congreso en M\u00e1laga el 20 y 21 de Abril con el lema \u00abLa aventura de guiar y acompa\u00f1ar\u00bb, una oportunidad de compartir experiencias, conocimientos y vivencias con equipos de curas paliativas pedi\u00e1tricas\u00a0de todo el estado, familiares y asociaciones. Nuria Cars\u00ed Costas, enfermera y consultora cl\u00ednica del [&hellip;]<\/p>\n","protected":false},"author":3,"featured_media":51279,"comment_status":"closed","ping_status":"closed","sticky":false,"template":"","format":"standard","meta":{"site-sidebar-layout":"default","site-content-layout":"","ast-site-content-layout":"default","site-content-style":"default","site-sidebar-style":"default","ast-global-header-display":"","ast-banner-title-visibility":"","ast-main-header-display":"","ast-hfb-above-header-display":"","ast-hfb-below-header-display":"","ast-hfb-mobile-header-display":"","site-post-title":"","ast-breadcrumbs-content":"","ast-featured-img":"","footer-sml-layout":"","theme-transparent-header-meta":"","adv-header-id-meta":"","stick-header-meta":"","header-above-stick-meta":"","header-main-stick-meta":"","header-below-stick-meta":"","astra-migrate-meta-layouts":"default","ast-page-background-enabled":"default","ast-page-background-meta":{"desktop":{"background-color":"var(--ast-global-color-4)","background-image":"","background-repeat":"repeat","background-position":"center center","background-size":"auto","background-attachment":"scroll","background-type":"","background-media":"","overlay-type":"","overlay-color":"","overlay-opacity":"","overlay-gradient":""},"tablet":{"background-color":"","background-image":"","background-repeat":"repeat","background-position":"center center","background-size":"auto","background-attachment":"scroll","background-type":"","background-media":"","overlay-type":"","overlay-color":"","overlay-opacity":"","overlay-gradient":""},"mobile":{"background-color":"","background-image":"","background-repeat":"repeat","background-position":"center center","background-size":"auto","background-attachment":"scroll","background-type":"","background-media":"","overlay-type":"","overlay-color":"","overlay-opacity":"","overlay-gradient":""}},"ast-content-background-meta":{"desktop":{"background-color":"var(--ast-global-color-5)","background-image":"","background-repeat":"repeat","background-position":"center center","background-size":"auto","background-attachment":"scroll","background-type":"","background-media":"","overlay-type":"","overlay-color":"","overlay-opacity":"","overlay-gradient":""},"tablet":{"background-color":"var(--ast-global-color-5)","background-image":"","background-repeat":"repeat","background-position":"center center","background-size":"auto","background-attachment":"scroll","background-type":"","background-media":"","overlay-type":"","overlay-color":"","overlay-opacity":"","overlay-gradient":""},"mobile":{"background-color":"var(--ast-global-color-5)","background-image":"","background-repeat":"repeat","background-position":"center center","background-size":"auto","background-attachment":"scroll","background-type":"","background-media":"","overlay-type":"","overlay-color":"","overlay-opacity":"","overlay-gradient":""}},"footnotes":""},"categories":[1095,1085],"tags":[],"class_list":["post-51281","post","type-post","status-publish","format-standard","has-post-thumbnail","hentry","category-actividades","category-noticias"],"publishpress_future_workflow_manual_trigger":{"enabledWorkflows":[]},"_links":{"self":[{"href":"https:\/\/afanoc.org\/es\/wp-json\/wp\/v2\/posts\/51281","targetHints":{"allow":["GET"]}}],"collection":[{"href":"https:\/\/afanoc.org\/es\/wp-json\/wp\/v2\/posts"}],"about":[{"href":"https:\/\/afanoc.org\/es\/wp-json\/wp\/v2\/types\/post"}],"author":[{"embeddable":true,"href":"https:\/\/afanoc.org\/es\/wp-json\/wp\/v2\/users\/3"}],"replies":[{"embeddable":true,"href":"https:\/\/afanoc.org\/es\/wp-json\/wp\/v2\/comments?post=51281"}],"version-history":[{"count":0,"href":"https:\/\/afanoc.org\/es\/wp-json\/wp\/v2\/posts\/51281\/revisions"}],"wp:featuredmedia":[{"embeddable":true,"href":"https:\/\/afanoc.org\/es\/wp-json\/wp\/v2\/media\/51279"}],"wp:attachment":[{"href":"https:\/\/afanoc.org\/es\/wp-json\/wp\/v2\/media?parent=51281"}],"wp:term":[{"taxonomy":"category","embeddable":true,"href":"https:\/\/afanoc.org\/es\/wp-json\/wp\/v2\/categories?post=51281"},{"taxonomy":"post_tag","embeddable":true,"href":"https:\/\/afanoc.org\/es\/wp-json\/wp\/v2\/tags?post=51281"}],"curies":[{"name":"wp","href":"https:\/\/api.w.org\/{rel}","templated":true}]}}