{"id":49238,"date":"2023-02-24T10:09:23","date_gmt":"2023-02-24T10:09:23","guid":{"rendered":"https:\/\/afanoc.org\/?p=49238"},"modified":"2023-02-24T10:27:50","modified_gmt":"2023-02-24T10:27:50","slug":"afanoc-celebra-los-10-anos-de-existencia-en-lleida-con-un-posat-la-gorra-espectacular","status":"publish","type":"post","link":"https:\/\/afanoc.org\/es\/blog\/afanoc-celebra-los-10-anos-de-existencia-en-lleida-con-un-posat-la-gorra-espectacular\/","title":{"rendered":"AFANOC celebra 10 a\u00f1os de existencia en Lleida con un \u201cPosa&#8217;t la Gorra!\u201d espectacular"},"content":{"rendered":"\n<p>Rondaba el a\u00f1o 2013 cuando en un peque\u00f1o despacho de solo 20 metros cuadrados, en el Centro C\u00edvico de Cappont, <strong>Maite Monta\u00f1\u00e9s Blanco,<\/strong> madre de una ni\u00f1a con c\u00e1ncer, reuni\u00f3 un peque\u00f1o grupo de personas voluntarias y puso en marcha lo que entonces quer\u00eda ser la delegaci\u00f3n de AFANOC en tierras de poniente.<\/p>\n\n\n\n<p>Maite, mujer luchadora y emprendedora por naturaleza, anteriormente impuls\u00f3 y organiz\u00f3 diferentes acontecimientos solidarios, que contaron con presencia institucional. Adem\u00e1s, como madre afectada, pas\u00f3 a formar parte de la junta de AFANOC.<\/p>\n\n\n\n<p>Para empezar a buscar recursos, este peque\u00f1o equipo liderado por ella, <strong>organiz\u00f3 la primera fiesta del \u201cPosa&#8217;t la Gorra!\u201d en la Seu Vella,<\/strong> con tantas ganas e ilusi\u00f3n, que consiguieron que toda la ciudadan\u00eda se volcara en bloque.<\/p>\n\n\n\n<p><\/p>\n\n\n\n<figure class=\"wp-block-image size-large\"><img decoding=\"async\" width=\"1024\" height=\"682\" src=\"https:\/\/afanoc.org\/wp-content\/uploads\/07_PosatLaGorra_SeuVella15feb14_DavidBesora-1024x682.jpg\" alt=\"Gorra Lleida 2014\" class=\"wp-image-49228\" srcset=\"https:\/\/afanoc.org\/wp-content\/uploads\/07_PosatLaGorra_SeuVella15feb14_DavidBesora-1024x682.jpg 1024w, https:\/\/afanoc.org\/wp-content\/uploads\/07_PosatLaGorra_SeuVella15feb14_DavidBesora-300x200.jpg 300w, https:\/\/afanoc.org\/wp-content\/uploads\/07_PosatLaGorra_SeuVella15feb14_DavidBesora-150x100.jpg 150w, https:\/\/afanoc.org\/wp-content\/uploads\/07_PosatLaGorra_SeuVella15feb14_DavidBesora-768x512.jpg 768w, https:\/\/afanoc.org\/wp-content\/uploads\/07_PosatLaGorra_SeuVella15feb14_DavidBesora-1536x1024.jpg 1536w, https:\/\/afanoc.org\/wp-content\/uploads\/07_PosatLaGorra_SeuVella15feb14_DavidBesora-600x400.jpg 600w, https:\/\/afanoc.org\/wp-content\/uploads\/07_PosatLaGorra_SeuVella15feb14_DavidBesora.jpg 2000w\" sizes=\"(max-width: 1024px) 100vw, 1024px\" \/><\/figure>\n\n\n\n<p><\/p>\n\n\n\n<p>Aquel primer \u00e9xito de la campa\u00f1a permiti\u00f3 trasladar el peque\u00f1o despacho de ubicaci\u00f3n, formar el primer equipo t\u00e9cnico y ampliar la red de voluntariado <strong>constituyendo as\u00ed la sede de AFANOC en Lleida.<\/strong><\/p>\n\n\n\n<p>Hoy en d\u00eda, <strong>Maite es la presidenta de AFANOC<\/strong> y la sede de Lleida cuenta con un equipo de cuatro personas que han realizado m\u00e1s de <strong>3600 intervenciones<\/strong>, apoyado a m\u00e1s de <strong>600 beneficiarios <\/strong>y han puesto en marcha un equipo de m\u00e1s de <strong>100 personas voluntarias.<\/strong><\/p>\n\n\n\n<p>Las fiestas de la gorra que se han ido sucediendo a\u00f1o tras a\u00f1o, gracias a la colaboraci\u00f3n de la Seu Vella, han<strong> distribuido m\u00e1s de 150.000 gorras por el territorio <\/strong>y contin\u00faan siendo la principal fuente de recursos de la entidad.<\/p>\n\n\n\n<p><strong>Para celebrar estos 10 a\u00f1os de trayectoria<\/strong>, os esperamos a todos y a todas el <strong>domingo 5 de marzo<\/strong>.<\/p>\n\n\n\n<p>La fiesta contar\u00e1 con las colaboraciones estelares del <strong>Maglari la Marivi Chacon<\/strong>, quien ya present\u00f3 la primera fiesta en la Seu Vella.<\/p>\n\n\n\n<p>Ser\u00e1 un d\u00eda muy especial que no os pod\u00e9is perder.<\/p>\n\n\n\n<p><strong><a href=\"https:\/\/afanoc.org\/es\/evento\/el-posat-la-gorra-de-lleida-cumple-10-anos\/\">M\u00e1s Informaci\u00f3n<\/a><\/strong><br><\/p>\n\n\n\n<figure class=\"wp-block-image size-full\"><img decoding=\"async\" width=\"665\" height=\"940\" src=\"https:\/\/afanoc.org\/wp-content\/uploads\/Captura-de-Pantalla-2023-02-24-a-les-10.23.23-1.png\" alt=\"\" class=\"wp-image-49241\" srcset=\"https:\/\/afanoc.org\/wp-content\/uploads\/Captura-de-Pantalla-2023-02-24-a-les-10.23.23-1.png 665w, https:\/\/afanoc.org\/wp-content\/uploads\/Captura-de-Pantalla-2023-02-24-a-les-10.23.23-1-212x300.png 212w, https:\/\/afanoc.org\/wp-content\/uploads\/Captura-de-Pantalla-2023-02-24-a-les-10.23.23-1-106x150.png 106w, https:\/\/afanoc.org\/wp-content\/uploads\/Captura-de-Pantalla-2023-02-24-a-les-10.23.23-1-600x848.png 600w\" sizes=\"(max-width: 665px) 100vw, 665px\" \/><\/figure>\n","protected":false},"excerpt":{"rendered":"<p>Rondaba el a\u00f1o 2013 cuando en un peque\u00f1o despacho de solo 20 metros cuadrados, en el Centro C\u00edvico de Cappont, Maite Monta\u00f1\u00e9s Blanco, madre de una ni\u00f1a con c\u00e1ncer, reuni\u00f3 un peque\u00f1o grupo de personas voluntarias y puso en marcha lo que entonces quer\u00eda ser la delegaci\u00f3n de AFANOC en tierras de poniente. Maite, mujer [&hellip;]<\/p>\n","protected":false},"author":3,"featured_media":46879,"comment_status":"closed","ping_status":"open","sticky":false,"template":"","format":"standard","meta":{"site-sidebar-layout":"default","site-content-layout":"","ast-site-content-layout":"default","site-content-style":"default","site-sidebar-style":"default","ast-global-header-display":"","ast-banner-title-visibility":"","ast-main-header-display":"","ast-hfb-above-header-display":"","ast-hfb-below-header-display":"","ast-hfb-mobile-header-display":"","site-post-title":"","ast-breadcrumbs-content":"","ast-featured-img":"","footer-sml-layout":"","theme-transparent-header-meta":"","adv-header-id-meta":"","stick-header-meta":"","header-above-stick-meta":"","header-main-stick-meta":"","header-below-stick-meta":"","astra-migrate-meta-layouts":"default","ast-page-background-enabled":"default","ast-page-background-meta":{"desktop":{"background-color":"var(--ast-global-color-4)","background-image":"","background-repeat":"repeat","background-position":"center center","background-size":"auto","background-attachment":"scroll","background-type":"","background-media":"","overlay-type":"","overlay-color":"","overlay-opacity":"","overlay-gradient":""},"tablet":{"background-color":"","background-image":"","background-repeat":"repeat","background-position":"center center","background-size":"auto","background-attachment":"scroll","background-type":"","background-media":"","overlay-type":"","overlay-color":"","overlay-opacity":"","overlay-gradient":""},"mobile":{"background-color":"","background-image":"","background-repeat":"repeat","background-position":"center center","background-size":"auto","background-attachment":"scroll","background-type":"","background-media":"","overlay-type":"","overlay-color":"","overlay-opacity":"","overlay-gradient":""}},"ast-content-background-meta":{"desktop":{"background-color":"var(--ast-global-color-5)","background-image":"","background-repeat":"repeat","background-position":"center center","background-size":"auto","background-attachment":"scroll","background-type":"","background-media":"","overlay-type":"","overlay-color":"","overlay-opacity":"","overlay-gradient":""},"tablet":{"background-color":"var(--ast-global-color-5)","background-image":"","background-repeat":"repeat","background-position":"center center","background-size":"auto","background-attachment":"scroll","background-type":"","background-media":"","overlay-type":"","overlay-color":"","overlay-opacity":"","overlay-gradient":""},"mobile":{"background-color":"var(--ast-global-color-5)","background-image":"","background-repeat":"repeat","background-position":"center center","background-size":"auto","background-attachment":"scroll","background-type":"","background-media":"","overlay-type":"","overlay-color":"","overlay-opacity":"","overlay-gradient":""}},"footnotes":""},"categories":[1095,1085],"tags":[],"class_list":["post-49238","post","type-post","status-publish","format-standard","has-post-thumbnail","hentry","category-actividades","category-noticias"],"publishpress_future_workflow_manual_trigger":{"enabledWorkflows":[]},"_links":{"self":[{"href":"https:\/\/afanoc.org\/es\/wp-json\/wp\/v2\/posts\/49238","targetHints":{"allow":["GET"]}}],"collection":[{"href":"https:\/\/afanoc.org\/es\/wp-json\/wp\/v2\/posts"}],"about":[{"href":"https:\/\/afanoc.org\/es\/wp-json\/wp\/v2\/types\/post"}],"author":[{"embeddable":true,"href":"https:\/\/afanoc.org\/es\/wp-json\/wp\/v2\/users\/3"}],"replies":[{"embeddable":true,"href":"https:\/\/afanoc.org\/es\/wp-json\/wp\/v2\/comments?post=49238"}],"version-history":[{"count":0,"href":"https:\/\/afanoc.org\/es\/wp-json\/wp\/v2\/posts\/49238\/revisions"}],"wp:featuredmedia":[{"embeddable":true,"href":"https:\/\/afanoc.org\/es\/wp-json\/wp\/v2\/media\/46879"}],"wp:attachment":[{"href":"https:\/\/afanoc.org\/es\/wp-json\/wp\/v2\/media?parent=49238"}],"wp:term":[{"taxonomy":"category","embeddable":true,"href":"https:\/\/afanoc.org\/es\/wp-json\/wp\/v2\/categories?post=49238"},{"taxonomy":"post_tag","embeddable":true,"href":"https:\/\/afanoc.org\/es\/wp-json\/wp\/v2\/tags?post=49238"}],"curies":[{"name":"wp","href":"https:\/\/api.w.org\/{rel}","templated":true}]}}