{"id":36247,"date":"2022-07-01T13:29:25","date_gmt":"2022-07-01T13:29:25","guid":{"rendered":"https:\/\/afanoc.org\/blog\/un-nuevo-reconocimiento-para-afanoc\/"},"modified":"2022-07-18T19:00:05","modified_gmt":"2022-07-18T19:00:05","slug":"un-nuevo-reconocimiento-para-afanoc","status":"publish","type":"post","link":"https:\/\/afanoc.org\/es\/blog\/un-nuevo-reconocimiento-para-afanoc\/","title":{"rendered":"Un nuevo reconocimiento"},"content":{"rendered":"<p><span style=\"color: var(--ast-global-color-2); font-size: 1.66667rem; background-color: var(--ast-global-color-5);\">El Ilustre Colegio de Procuradores otorga el premio Procura Solidario 2021 a La Casa de los Xuklis<\/span><\/p>\n<div>\n<p>El pasado jueves 30 de junio, el Pabell\u00f3n Mies van der Rohe acogi\u00f3 el acto de entrega de los Premios Procura 2022 que el colegio otorga cada a\u00f1o y que no se pudo celebrar el 2021 a causa de la pandemia. Recogieron el premio la vicepresidenta de AFANOC, la Sra. Montserrat Florensa acompa\u00f1ada del Sr. Josep Cruz, tesorero de la entidad. A la imagen superior, ambos acompa\u00f1ados de la Sra. \u00c0ngeles Corrales, colaboradora incansable de AFANOC, miembro del colegio de procuradores y quien propuso a la entidad para recibir el premio.<\/p>\n<p>En la edici\u00f3n de este a\u00f1o los galardonados han estado: en la categor\u00eda Trayectoria Profesional, la magistrada de la Audiencia Provincial de Barcelona, Merc\u00e8 Caso; en la categor\u00eda Procura Anual, la responsable del SACO Civil de Barcelona y letrada de la Administraci\u00f3n de Justicia, Estela Bergel; en la categor\u00eda Solidario 2021 Afanoc (Casa de los Xuklis); y Solidario 2022, en el ONG World Central Kitchen.<\/p>\n<p>El acto estuvo organizado de manera impecable, fue presentado por la periodista Nuria Sol\u00e9 y estuvo impregnado de gran emotividad.<\/p>\n<\/div>\n","protected":false},"excerpt":{"rendered":"<p>El Ilustre Colegio de Procuradores otorga el premio Procura Solidario 2021 a La Casa de los Xuklis El pasado jueves 30 de junio, el Pabell\u00f3n Mies van der Rohe acogi\u00f3 el acto de entrega de los Premios Procura 2022 que el colegio otorga cada a\u00f1o y que no se pudo celebrar el 2021 a causa [&hellip;]<\/p>\n","protected":false},"author":3,"featured_media":31920,"comment_status":"open","ping_status":"open","sticky":false,"template":"","format":"standard","meta":{"site-sidebar-layout":"default","site-content-layout":"","ast-site-content-layout":"default","site-content-style":"default","site-sidebar-style":"default","ast-global-header-display":"","ast-banner-title-visibility":"","ast-main-header-display":"","ast-hfb-above-header-display":"","ast-hfb-below-header-display":"","ast-hfb-mobile-header-display":"","site-post-title":"","ast-breadcrumbs-content":"","ast-featured-img":"","footer-sml-layout":"","theme-transparent-header-meta":"","adv-header-id-meta":"","stick-header-meta":"","header-above-stick-meta":"","header-main-stick-meta":"","header-below-stick-meta":"","astra-migrate-meta-layouts":"default","ast-page-background-enabled":"default","ast-page-background-meta":{"desktop":{"background-color":"var(--ast-global-color-4)","background-image":"","background-repeat":"repeat","background-position":"center center","background-size":"auto","background-attachment":"scroll","background-type":"","background-media":"","overlay-type":"","overlay-color":"","overlay-opacity":"","overlay-gradient":""},"tablet":{"background-color":"","background-image":"","background-repeat":"repeat","background-position":"center center","background-size":"auto","background-attachment":"scroll","background-type":"","background-media":"","overlay-type":"","overlay-color":"","overlay-opacity":"","overlay-gradient":""},"mobile":{"background-color":"","background-image":"","background-repeat":"repeat","background-position":"center center","background-size":"auto","background-attachment":"scroll","background-type":"","background-media":"","overlay-type":"","overlay-color":"","overlay-opacity":"","overlay-gradient":""}},"ast-content-background-meta":{"desktop":{"background-color":"var(--ast-global-color-5)","background-image":"","background-repeat":"repeat","background-position":"center center","background-size":"auto","background-attachment":"scroll","background-type":"","background-media":"","overlay-type":"","overlay-color":"","overlay-opacity":"","overlay-gradient":""},"tablet":{"background-color":"var(--ast-global-color-5)","background-image":"","background-repeat":"repeat","background-position":"center center","background-size":"auto","background-attachment":"scroll","background-type":"","background-media":"","overlay-type":"","overlay-color":"","overlay-opacity":"","overlay-gradient":""},"mobile":{"background-color":"var(--ast-global-color-5)","background-image":"","background-repeat":"repeat","background-position":"center center","background-size":"auto","background-attachment":"scroll","background-type":"","background-media":"","overlay-type":"","overlay-color":"","overlay-opacity":"","overlay-gradient":""}},"footnotes":""},"categories":[799],"tags":[],"class_list":["post-36247","post","type-post","status-publish","format-standard","has-post-thumbnail","hentry","category-noticies"],"publishpress_future_workflow_manual_trigger":{"enabledWorkflows":[]},"_links":{"self":[{"href":"https:\/\/afanoc.org\/es\/wp-json\/wp\/v2\/posts\/36247","targetHints":{"allow":["GET"]}}],"collection":[{"href":"https:\/\/afanoc.org\/es\/wp-json\/wp\/v2\/posts"}],"about":[{"href":"https:\/\/afanoc.org\/es\/wp-json\/wp\/v2\/types\/post"}],"author":[{"embeddable":true,"href":"https:\/\/afanoc.org\/es\/wp-json\/wp\/v2\/users\/3"}],"replies":[{"embeddable":true,"href":"https:\/\/afanoc.org\/es\/wp-json\/wp\/v2\/comments?post=36247"}],"version-history":[{"count":0,"href":"https:\/\/afanoc.org\/es\/wp-json\/wp\/v2\/posts\/36247\/revisions"}],"wp:featuredmedia":[{"embeddable":true,"href":"https:\/\/afanoc.org\/es\/wp-json\/wp\/v2\/media\/31920"}],"wp:attachment":[{"href":"https:\/\/afanoc.org\/es\/wp-json\/wp\/v2\/media?parent=36247"}],"wp:term":[{"taxonomy":"category","embeddable":true,"href":"https:\/\/afanoc.org\/es\/wp-json\/wp\/v2\/categories?post=36247"},{"taxonomy":"post_tag","embeddable":true,"href":"https:\/\/afanoc.org\/es\/wp-json\/wp\/v2\/tags?post=36247"}],"curies":[{"name":"wp","href":"https:\/\/api.w.org\/{rel}","templated":true}]}}