{"id":36218,"date":"2022-04-04T10:42:05","date_gmt":"2022-04-04T10:42:05","guid":{"rendered":"https:\/\/afanoc.org\/blog\/que-hay-que-saber-sobre-los-procesos-de-perdida-duelo-y-muerte\/"},"modified":"2024-08-01T05:46:17","modified_gmt":"2024-08-01T05:46:17","slug":"que-hay-que-saber-sobre-los-procesos-de-perdida-duelo-y-muerte","status":"publish","type":"post","link":"https:\/\/afanoc.org\/es\/blog\/que-hay-que-saber-sobre-los-procesos-de-perdida-duelo-y-muerte\/","title":{"rendered":"Qu\u00e9 hay que saber sobre los procesos de p\u00e9rdida, duelo y muerte."},"content":{"rendered":"<h3>Taller formativo y presencial para el voluntariado oncol\u00f3gico<\/h3>\n<p><span id=\"page34R_mcid1\" class=\"markedContent\"><\/span><span id=\"page34R_mcid1\" class=\"markedContent\"><span dir=\"ltr\" role=\"presentation\">AFANOC vuelve dinamizar en formato presencial el Taller formativo: \u00abQu\u00e9 hay que saber de los procesos de p\u00e9rdida, duelo y muerte\u00bb, para el voluntariado que desarrolla su actividad con familias y pacientes con enfermedad oncol\u00f3gica. <\/span><\/span><span id=\"page34R_mcid1\" class=\"markedContent\"><span dir=\"ltr\" role=\"presentation\">A partir de una formaci\u00f3n permanente, AFANOC quiere preparar para afrontar este tipo de situaciones y ayudar a movilizar recursos sanos ante la p\u00e9rdida, el duelo y la muerte en la acci\u00f3n voluntaria.<br role=\"presentation\"><\/span><\/span><\/p>\n<p><span id=\"page34R_mcid1\" class=\"markedContent\"><span dir=\"ltr\" role=\"presentation\">El taller formativo ha sido conducido por Nuria Cars\u00ed, Enfermera y consultora clinica, y ha contado con la participaci\u00f3n del voluntariado de diferentes entidades.<\/span><\/span><\/p>\n","protected":false},"excerpt":{"rendered":"<p>Taller formativo y presencial para el voluntariado oncol\u00f3gico AFANOC vuelve dinamizar en formato presencial el Taller formativo: \u00abQu\u00e9 hay que saber de los procesos de p\u00e9rdida, duelo y muerte\u00bb, para el voluntariado que desarrolla su actividad con familias y pacientes con enfermedad oncol\u00f3gica. A partir de una formaci\u00f3n permanente, AFANOC quiere preparar para afrontar este [&hellip;]<\/p>\n","protected":false},"author":3,"featured_media":35287,"comment_status":"open","ping_status":"open","sticky":false,"template":"","format":"standard","meta":{"site-sidebar-layout":"default","site-content-layout":"","ast-site-content-layout":"default","site-content-style":"default","site-sidebar-style":"default","ast-global-header-display":"","ast-banner-title-visibility":"","ast-main-header-display":"","ast-hfb-above-header-display":"","ast-hfb-below-header-display":"","ast-hfb-mobile-header-display":"","site-post-title":"","ast-breadcrumbs-content":"","ast-featured-img":"","footer-sml-layout":"","theme-transparent-header-meta":"","adv-header-id-meta":"","stick-header-meta":"","header-above-stick-meta":"","header-main-stick-meta":"","header-below-stick-meta":"","astra-migrate-meta-layouts":"default","ast-page-background-enabled":"default","ast-page-background-meta":{"desktop":{"background-color":"var(--ast-global-color-4)","background-image":"","background-repeat":"repeat","background-position":"center center","background-size":"auto","background-attachment":"scroll","background-type":"","background-media":"","overlay-type":"","overlay-color":"","overlay-opacity":"","overlay-gradient":""},"tablet":{"background-color":"","background-image":"","background-repeat":"repeat","background-position":"center center","background-size":"auto","background-attachment":"scroll","background-type":"","background-media":"","overlay-type":"","overlay-color":"","overlay-opacity":"","overlay-gradient":""},"mobile":{"background-color":"","background-image":"","background-repeat":"repeat","background-position":"center center","background-size":"auto","background-attachment":"scroll","background-type":"","background-media":"","overlay-type":"","overlay-color":"","overlay-opacity":"","overlay-gradient":""}},"ast-content-background-meta":{"desktop":{"background-color":"var(--ast-global-color-5)","background-image":"","background-repeat":"repeat","background-position":"center center","background-size":"auto","background-attachment":"scroll","background-type":"","background-media":"","overlay-type":"","overlay-color":"","overlay-opacity":"","overlay-gradient":""},"tablet":{"background-color":"var(--ast-global-color-5)","background-image":"","background-repeat":"repeat","background-position":"center center","background-size":"auto","background-attachment":"scroll","background-type":"","background-media":"","overlay-type":"","overlay-color":"","overlay-opacity":"","overlay-gradient":""},"mobile":{"background-color":"var(--ast-global-color-5)","background-image":"","background-repeat":"repeat","background-position":"center center","background-size":"auto","background-attachment":"scroll","background-type":"","background-media":"","overlay-type":"","overlay-color":"","overlay-opacity":"","overlay-gradient":""}},"footnotes":""},"categories":[1085],"tags":[],"class_list":["post-36218","post","type-post","status-publish","format-standard","has-post-thumbnail","hentry","category-noticias"],"publishpress_future_workflow_manual_trigger":{"enabledWorkflows":[]},"_links":{"self":[{"href":"https:\/\/afanoc.org\/es\/wp-json\/wp\/v2\/posts\/36218","targetHints":{"allow":["GET"]}}],"collection":[{"href":"https:\/\/afanoc.org\/es\/wp-json\/wp\/v2\/posts"}],"about":[{"href":"https:\/\/afanoc.org\/es\/wp-json\/wp\/v2\/types\/post"}],"author":[{"embeddable":true,"href":"https:\/\/afanoc.org\/es\/wp-json\/wp\/v2\/users\/3"}],"replies":[{"embeddable":true,"href":"https:\/\/afanoc.org\/es\/wp-json\/wp\/v2\/comments?post=36218"}],"version-history":[{"count":0,"href":"https:\/\/afanoc.org\/es\/wp-json\/wp\/v2\/posts\/36218\/revisions"}],"wp:featuredmedia":[{"embeddable":true,"href":"https:\/\/afanoc.org\/es\/wp-json\/wp\/v2\/media\/35287"}],"wp:attachment":[{"href":"https:\/\/afanoc.org\/es\/wp-json\/wp\/v2\/media?parent=36218"}],"wp:term":[{"taxonomy":"category","embeddable":true,"href":"https:\/\/afanoc.org\/es\/wp-json\/wp\/v2\/categories?post=36218"},{"taxonomy":"post_tag","embeddable":true,"href":"https:\/\/afanoc.org\/es\/wp-json\/wp\/v2\/tags?post=36218"}],"curies":[{"name":"wp","href":"https:\/\/api.w.org\/{rel}","templated":true}]}}