{"id":36217,"date":"2022-04-04T11:12:59","date_gmt":"2022-04-04T11:12:59","guid":{"rendered":"https:\/\/afanoc.org\/blog\/los-xuklis-amplian-su-cocina\/"},"modified":"2024-08-01T05:46:16","modified_gmt":"2024-08-01T05:46:16","slug":"los-xuklis-amplian-su-cocina","status":"publish","type":"post","link":"https:\/\/afanoc.org\/es\/blog\/los-xuklis-amplian-su-cocina\/","title":{"rendered":"Los Xuklis amplian su cocina"},"content":{"rendered":"<h3>M\u00e1s capacidad y espacio para cubrir las necesidades de las familias alojadas<\/h3>\n<p>Ahora hace m\u00e1s de 10 a\u00f1os que en la Casa de los Xuklis entr\u00f3 la primera familia. Durante estos a\u00f1os ha estado a pleno rendimiento y se han realizado m\u00e1s de 1000 acogidas de familias. El uso de la cocina actual de 22.5 m\u00b2 no tiene el uso esperado por el cual fue dise\u00f1ado, puesto que queda desbordada en muchos momentos por el gran volumen de familias usuarias del servicio.<\/p>\n<p>Durante este tiempo hemos estado valorando conjuntamente con las familias las carencias y posibilidades de la cocina. Por eso hemos puesto en marcha el proyecto de ampliaci\u00f3n de la cocina de la Casa de los Xuklis con el objetivo de dar respuesta a todas las necesidades de las familias y favorecer su calidad de vida en su estancia, que puede durar muchos meses.<\/p>\n<p>El coste total es de 78.000\u20ac que sufragaremos gracias a la complicitat de empresas y particulares.<\/p>\n<p>\u00bfQuieres ser esp\u00f3nsor? Te gustar\u00eda poner tu <strong>granito de arroz<\/strong> en la cocina de los Xuklis?<\/p>\n<p>Ll\u00e1manos al 932377979 o escr\u00edbenos a comunicacio@afanoc.org , te diremos qu\u00e9 ingredientes nos faltan! \ud83d\ude09<\/p>\n","protected":false},"excerpt":{"rendered":"<p>M\u00e1s capacidad y espacio para cubrir las necesidades de las familias alojadas Ahora hace m\u00e1s de 10 a\u00f1os que en la Casa de los Xuklis entr\u00f3 la primera familia. Durante estos a\u00f1os ha estado a pleno rendimiento y se han realizado m\u00e1s de 1000 acogidas de familias. El uso de la cocina actual de 22.5 [&hellip;]<\/p>\n","protected":false},"author":3,"featured_media":35268,"comment_status":"open","ping_status":"open","sticky":false,"template":"","format":"standard","meta":{"site-sidebar-layout":"default","site-content-layout":"","ast-site-content-layout":"default","site-content-style":"default","site-sidebar-style":"default","ast-global-header-display":"","ast-banner-title-visibility":"","ast-main-header-display":"","ast-hfb-above-header-display":"","ast-hfb-below-header-display":"","ast-hfb-mobile-header-display":"","site-post-title":"","ast-breadcrumbs-content":"","ast-featured-img":"","footer-sml-layout":"","theme-transparent-header-meta":"","adv-header-id-meta":"","stick-header-meta":"","header-above-stick-meta":"","header-main-stick-meta":"","header-below-stick-meta":"","astra-migrate-meta-layouts":"default","ast-page-background-enabled":"default","ast-page-background-meta":{"desktop":{"background-color":"var(--ast-global-color-4)","background-image":"","background-repeat":"repeat","background-position":"center center","background-size":"auto","background-attachment":"scroll","background-type":"","background-media":"","overlay-type":"","overlay-color":"","overlay-opacity":"","overlay-gradient":""},"tablet":{"background-color":"","background-image":"","background-repeat":"repeat","background-position":"center center","background-size":"auto","background-attachment":"scroll","background-type":"","background-media":"","overlay-type":"","overlay-color":"","overlay-opacity":"","overlay-gradient":""},"mobile":{"background-color":"","background-image":"","background-repeat":"repeat","background-position":"center center","background-size":"auto","background-attachment":"scroll","background-type":"","background-media":"","overlay-type":"","overlay-color":"","overlay-opacity":"","overlay-gradient":""}},"ast-content-background-meta":{"desktop":{"background-color":"var(--ast-global-color-5)","background-image":"","background-repeat":"repeat","background-position":"center center","background-size":"auto","background-attachment":"scroll","background-type":"","background-media":"","overlay-type":"","overlay-color":"","overlay-opacity":"","overlay-gradient":""},"tablet":{"background-color":"var(--ast-global-color-5)","background-image":"","background-repeat":"repeat","background-position":"center center","background-size":"auto","background-attachment":"scroll","background-type":"","background-media":"","overlay-type":"","overlay-color":"","overlay-opacity":"","overlay-gradient":""},"mobile":{"background-color":"var(--ast-global-color-5)","background-image":"","background-repeat":"repeat","background-position":"center center","background-size":"auto","background-attachment":"scroll","background-type":"","background-media":"","overlay-type":"","overlay-color":"","overlay-opacity":"","overlay-gradient":""}},"footnotes":""},"categories":[1085],"tags":[],"class_list":["post-36217","post","type-post","status-publish","format-standard","has-post-thumbnail","hentry","category-noticias"],"publishpress_future_workflow_manual_trigger":{"enabledWorkflows":[]},"_links":{"self":[{"href":"https:\/\/afanoc.org\/es\/wp-json\/wp\/v2\/posts\/36217","targetHints":{"allow":["GET"]}}],"collection":[{"href":"https:\/\/afanoc.org\/es\/wp-json\/wp\/v2\/posts"}],"about":[{"href":"https:\/\/afanoc.org\/es\/wp-json\/wp\/v2\/types\/post"}],"author":[{"embeddable":true,"href":"https:\/\/afanoc.org\/es\/wp-json\/wp\/v2\/users\/3"}],"replies":[{"embeddable":true,"href":"https:\/\/afanoc.org\/es\/wp-json\/wp\/v2\/comments?post=36217"}],"version-history":[{"count":0,"href":"https:\/\/afanoc.org\/es\/wp-json\/wp\/v2\/posts\/36217\/revisions"}],"wp:featuredmedia":[{"embeddable":true,"href":"https:\/\/afanoc.org\/es\/wp-json\/wp\/v2\/media\/35268"}],"wp:attachment":[{"href":"https:\/\/afanoc.org\/es\/wp-json\/wp\/v2\/media?parent=36217"}],"wp:term":[{"taxonomy":"category","embeddable":true,"href":"https:\/\/afanoc.org\/es\/wp-json\/wp\/v2\/categories?post=36217"},{"taxonomy":"post_tag","embeddable":true,"href":"https:\/\/afanoc.org\/es\/wp-json\/wp\/v2\/tags?post=36217"}],"curies":[{"name":"wp","href":"https:\/\/api.w.org\/{rel}","templated":true}]}}