{"id":36214,"date":"2022-04-04T14:18:19","date_gmt":"2022-04-04T14:18:19","guid":{"rendered":"https:\/\/afanoc.org\/blog\/el-posat-la-gorra-lleida-reune-a-4000-persones-en-la-seu-vella\/"},"modified":"2022-07-18T19:18:27","modified_gmt":"2022-07-18T19:18:27","slug":"el-posat-la-gorra-lleida-reune-a-4000-persones-en-la-seu-vella","status":"publish","type":"post","link":"https:\/\/afanoc.org\/es\/blog\/el-posat-la-gorra-lleida-reune-a-4000-persones-en-la-seu-vella\/","title":{"rendered":"El Posa&#8217;t la Gorra Lleida! reune a 4000 persones en la Seu Vella"},"content":{"rendered":"<h3>\u00c9xito de asistencia despu\u00e9s de dos a\u00f1os de pandemia<\/h3>\n<p>Hab\u00eda ganas de celebraci\u00f3n y la Seu Vella volvi\u00f3 a acoger la <strong>novena edici\u00f3n de la fiesta<\/strong> organizada por la sede de AFANOC en Lleida, que un a\u00f1o m\u00e1s ha contado con la complicidad del Consorcio del Tur\u00f3 de la Seu Vella Un apoyo que nos permite <strong>dar a conocer la realidad de esta enfermedad<\/strong> y recaudar fondos para las familias desde el espacio m\u00e1s emblem\u00e1tico de la ciudad.<\/p>\n<p><strong>El escenario principal<\/strong>, conducido <strong>por los cantantes Kelly Isaiah y Lidia Alberich, <\/strong>ha contado con la actuaci\u00f3n del grupo de animaci\u00f3n infantil <strong>Els Atrapasomnis<\/strong>.<\/p>\n<p>Los diferentes espacios de la Seu volvieron a acoger <strong>una veintena de talleres<\/strong> para toda la familia y han estrenado <strong>dos espacios de exhibiciones<\/strong> con danzas tradicionales, aikido, taekwondo, gimnasia r\u00edtmica y magia. La lectura del Manifiesto, momento por el cual gira toda la fiesta, ha estado <strong>a cargo de un ni\u00f1o que han vivido el c\u00e1ncer<\/strong> en primera persona y una ni\u00f1a con un hermano con esta enfermedad. Celebramos volver a la presencialidad y conectar con la ciudadan\u00eda despu\u00e9s de dos a\u00f1os de pandemia, a pesar de que esta ha comportado una disminuci\u00f3n de los ingresos y ha agraviado la situaci\u00f3n de la entidad..<\/p>\n<p><strong>La campa\u00f1a de este a\u00f1o celebra el aniversario de los primeros 10 a\u00f1os de la Casa de los Xuklis<\/strong> y este ha sido el hilo conductor de la fiesta. La Canonja ha acogido una exposici\u00f3n interactiva con la colaboraci\u00f3n de las escuelas que ha permitido a los visitantes conocer mejor este recurso temporal que AFANOC ofrece en Barcelona a las familias que se tienen que desplazar porque sus hijos e hijas con c\u00e1ncer reciban tratamiento.<\/p>\n<p>Gracias a todo el mundo por el apoyo incondicional!<\/p>\n<p>Viva el Posa&#8217;t la gorra!<\/p>\n","protected":false},"excerpt":{"rendered":"<p>\u00c9xito de asistencia despu\u00e9s de dos a\u00f1os de pandemia Hab\u00eda ganas de celebraci\u00f3n y la Seu Vella volvi\u00f3 a acoger la novena edici\u00f3n de la fiesta organizada por la sede de AFANOC en Lleida, que un a\u00f1o m\u00e1s ha contado con la complicidad del Consorcio del Tur\u00f3 de la Seu Vella Un apoyo que nos [&hellip;]<\/p>\n","protected":false},"author":3,"featured_media":35235,"comment_status":"open","ping_status":"open","sticky":false,"template":"","format":"standard","meta":{"site-sidebar-layout":"default","site-content-layout":"","ast-site-content-layout":"default","site-content-style":"default","site-sidebar-style":"default","ast-global-header-display":"","ast-banner-title-visibility":"","ast-main-header-display":"","ast-hfb-above-header-display":"","ast-hfb-below-header-display":"","ast-hfb-mobile-header-display":"","site-post-title":"","ast-breadcrumbs-content":"","ast-featured-img":"","footer-sml-layout":"","theme-transparent-header-meta":"","adv-header-id-meta":"","stick-header-meta":"","header-above-stick-meta":"","header-main-stick-meta":"","header-below-stick-meta":"","astra-migrate-meta-layouts":"default","ast-page-background-enabled":"default","ast-page-background-meta":{"desktop":{"background-color":"var(--ast-global-color-4)","background-image":"","background-repeat":"repeat","background-position":"center center","background-size":"auto","background-attachment":"scroll","background-type":"","background-media":"","overlay-type":"","overlay-color":"","overlay-opacity":"","overlay-gradient":""},"tablet":{"background-color":"","background-image":"","background-repeat":"repeat","background-position":"center center","background-size":"auto","background-attachment":"scroll","background-type":"","background-media":"","overlay-type":"","overlay-color":"","overlay-opacity":"","overlay-gradient":""},"mobile":{"background-color":"","background-image":"","background-repeat":"repeat","background-position":"center center","background-size":"auto","background-attachment":"scroll","background-type":"","background-media":"","overlay-type":"","overlay-color":"","overlay-opacity":"","overlay-gradient":""}},"ast-content-background-meta":{"desktop":{"background-color":"var(--ast-global-color-5)","background-image":"","background-repeat":"repeat","background-position":"center center","background-size":"auto","background-attachment":"scroll","background-type":"","background-media":"","overlay-type":"","overlay-color":"","overlay-opacity":"","overlay-gradient":""},"tablet":{"background-color":"var(--ast-global-color-5)","background-image":"","background-repeat":"repeat","background-position":"center center","background-size":"auto","background-attachment":"scroll","background-type":"","background-media":"","overlay-type":"","overlay-color":"","overlay-opacity":"","overlay-gradient":""},"mobile":{"background-color":"var(--ast-global-color-5)","background-image":"","background-repeat":"repeat","background-position":"center center","background-size":"auto","background-attachment":"scroll","background-type":"","background-media":"","overlay-type":"","overlay-color":"","overlay-opacity":"","overlay-gradient":""}},"footnotes":""},"categories":[799],"tags":[],"class_list":["post-36214","post","type-post","status-publish","format-standard","has-post-thumbnail","hentry","category-noticies"],"publishpress_future_workflow_manual_trigger":{"enabledWorkflows":[]},"_links":{"self":[{"href":"https:\/\/afanoc.org\/es\/wp-json\/wp\/v2\/posts\/36214","targetHints":{"allow":["GET"]}}],"collection":[{"href":"https:\/\/afanoc.org\/es\/wp-json\/wp\/v2\/posts"}],"about":[{"href":"https:\/\/afanoc.org\/es\/wp-json\/wp\/v2\/types\/post"}],"author":[{"embeddable":true,"href":"https:\/\/afanoc.org\/es\/wp-json\/wp\/v2\/users\/3"}],"replies":[{"embeddable":true,"href":"https:\/\/afanoc.org\/es\/wp-json\/wp\/v2\/comments?post=36214"}],"version-history":[{"count":0,"href":"https:\/\/afanoc.org\/es\/wp-json\/wp\/v2\/posts\/36214\/revisions"}],"wp:featuredmedia":[{"embeddable":true,"href":"https:\/\/afanoc.org\/es\/wp-json\/wp\/v2\/media\/35235"}],"wp:attachment":[{"href":"https:\/\/afanoc.org\/es\/wp-json\/wp\/v2\/media?parent=36214"}],"wp:term":[{"taxonomy":"category","embeddable":true,"href":"https:\/\/afanoc.org\/es\/wp-json\/wp\/v2\/categories?post=36214"},{"taxonomy":"post_tag","embeddable":true,"href":"https:\/\/afanoc.org\/es\/wp-json\/wp\/v2\/tags?post=36214"}],"curies":[{"name":"wp","href":"https:\/\/api.w.org\/{rel}","templated":true}]}}