{"id":36209,"date":"2022-04-12T11:15:46","date_gmt":"2022-04-12T11:15:46","guid":{"rendered":"https:\/\/afanoc.org\/?p=24022"},"modified":"2024-08-01T05:46:09","modified_gmt":"2024-08-01T05:46:09","slug":"el-sant-jordi-en-el-hospital-i-la-casa-de-los-xuklis","status":"publish","type":"post","link":"https:\/\/afanoc.org\/es\/blog\/el-sant-jordi-en-el-hospital-i-la-casa-de-los-xuklis\/","title":{"rendered":"El Sant Jordi en el hospital i La Casa de los Xuklis"},"content":{"rendered":"<h3><strong>Llevamos el Sant Jordi de la calle adentro del hospital y La Casa de los Xuklis<\/strong><\/h3>\n<p>Estamos preparando un mont\u00f3n de actividades con nuestros ni\u00f1os y adolescentes, tanto los que est\u00e1n ingresados como los que est\u00e1n en La casa de los Xuklis.<\/p>\n<p><strong>A partir del 11 hasta el 23 de abril La casa dels Xuklis <\/strong>estar\u00e1 decorada con rosas y hojas de llibros gracias al apoyo del voluntariado y las fam\u00edlias alojadas. Adem\u00e1s, realizaremos diferentes propuestas de talleres:<\/p>\n<ul>\n<li>taller de puntos de libro<\/li>\n<li>taller de historias interactivas para los ni\u00f1os medianos y grandes , m\u00e1s un taller de cuentos para los m\u00e1s peque\u00f1os, dentro del espacio para la primera infancia<\/li>\n<li>taller de pintura y juegos culturales<\/li>\n<li>23\/04 celebraciones de Sant Jordi (rosas, libros y m\u00fasica)<\/li>\n<\/ul>\n<p><strong>En el Servicio Oncohematol\u00f3gico pedi\u00e1trico de Vall Hebron, <\/strong>los ni\u00f1os\/as y las familias que estan ingresados tambi\u00e9n participaran de la decoraci\u00f3n del espacio con el equipo de voluntariado. Tambi\u00e9n har\u00e1n un taller de rosas de goma eva y un taller de puntos de libro hechos de collage. El d\u00eda 22 se pondr\u00e1 una parada para que los ni\u00f1os\/as los puedan elegir como regalo. Tambi\u00e9n se regalar\u00e1 una rosa de papirofl\u00e8xia hecha por las voluntarias y una compilaci\u00f3n de historias que han elaborado los adolescentes y ni\u00f1os y ni\u00f1as m\u00e1s grandes que han hecho junto con el equipo de cuentacuentos.<\/p>\n","protected":false},"excerpt":{"rendered":"<p>Llevamos el Sant Jordi de la calle adentro del hospital y La Casa de los Xuklis Estamos preparando un mont\u00f3n de actividades con nuestros ni\u00f1os y adolescentes, tanto los que est\u00e1n ingresados como los que est\u00e1n en La casa de los Xuklis. A partir del 11 hasta el 23 de abril La casa dels Xuklis [&hellip;]<\/p>\n","protected":false},"author":3,"featured_media":35160,"comment_status":"open","ping_status":"open","sticky":false,"template":"","format":"standard","meta":{"site-sidebar-layout":"default","site-content-layout":"","ast-site-content-layout":"default","site-content-style":"default","site-sidebar-style":"default","ast-global-header-display":"","ast-banner-title-visibility":"","ast-main-header-display":"","ast-hfb-above-header-display":"","ast-hfb-below-header-display":"","ast-hfb-mobile-header-display":"","site-post-title":"","ast-breadcrumbs-content":"","ast-featured-img":"","footer-sml-layout":"","theme-transparent-header-meta":"","adv-header-id-meta":"","stick-header-meta":"","header-above-stick-meta":"","header-main-stick-meta":"","header-below-stick-meta":"","astra-migrate-meta-layouts":"default","ast-page-background-enabled":"default","ast-page-background-meta":{"desktop":{"background-color":"var(--ast-global-color-4)","background-image":"","background-repeat":"repeat","background-position":"center center","background-size":"auto","background-attachment":"scroll","background-type":"","background-media":"","overlay-type":"","overlay-color":"","overlay-opacity":"","overlay-gradient":""},"tablet":{"background-color":"","background-image":"","background-repeat":"repeat","background-position":"center center","background-size":"auto","background-attachment":"scroll","background-type":"","background-media":"","overlay-type":"","overlay-color":"","overlay-opacity":"","overlay-gradient":""},"mobile":{"background-color":"","background-image":"","background-repeat":"repeat","background-position":"center center","background-size":"auto","background-attachment":"scroll","background-type":"","background-media":"","overlay-type":"","overlay-color":"","overlay-opacity":"","overlay-gradient":""}},"ast-content-background-meta":{"desktop":{"background-color":"var(--ast-global-color-5)","background-image":"","background-repeat":"repeat","background-position":"center center","background-size":"auto","background-attachment":"scroll","background-type":"","background-media":"","overlay-type":"","overlay-color":"","overlay-opacity":"","overlay-gradient":""},"tablet":{"background-color":"var(--ast-global-color-5)","background-image":"","background-repeat":"repeat","background-position":"center center","background-size":"auto","background-attachment":"scroll","background-type":"","background-media":"","overlay-type":"","overlay-color":"","overlay-opacity":"","overlay-gradient":""},"mobile":{"background-color":"var(--ast-global-color-5)","background-image":"","background-repeat":"repeat","background-position":"center center","background-size":"auto","background-attachment":"scroll","background-type":"","background-media":"","overlay-type":"","overlay-color":"","overlay-opacity":"","overlay-gradient":""}},"footnotes":""},"categories":[1085],"tags":[],"class_list":["post-36209","post","type-post","status-publish","format-standard","has-post-thumbnail","hentry","category-noticias"],"publishpress_future_workflow_manual_trigger":{"enabledWorkflows":[]},"_links":{"self":[{"href":"https:\/\/afanoc.org\/es\/wp-json\/wp\/v2\/posts\/36209","targetHints":{"allow":["GET"]}}],"collection":[{"href":"https:\/\/afanoc.org\/es\/wp-json\/wp\/v2\/posts"}],"about":[{"href":"https:\/\/afanoc.org\/es\/wp-json\/wp\/v2\/types\/post"}],"author":[{"embeddable":true,"href":"https:\/\/afanoc.org\/es\/wp-json\/wp\/v2\/users\/3"}],"replies":[{"embeddable":true,"href":"https:\/\/afanoc.org\/es\/wp-json\/wp\/v2\/comments?post=36209"}],"version-history":[{"count":0,"href":"https:\/\/afanoc.org\/es\/wp-json\/wp\/v2\/posts\/36209\/revisions"}],"wp:featuredmedia":[{"embeddable":true,"href":"https:\/\/afanoc.org\/es\/wp-json\/wp\/v2\/media\/35160"}],"wp:attachment":[{"href":"https:\/\/afanoc.org\/es\/wp-json\/wp\/v2\/media?parent=36209"}],"wp:term":[{"taxonomy":"category","embeddable":true,"href":"https:\/\/afanoc.org\/es\/wp-json\/wp\/v2\/categories?post=36209"},{"taxonomy":"post_tag","embeddable":true,"href":"https:\/\/afanoc.org\/es\/wp-json\/wp\/v2\/tags?post=36209"}],"curies":[{"name":"wp","href":"https:\/\/api.w.org\/{rel}","templated":true}]}}