{"id":36208,"date":"2022-04-12T16:31:20","date_gmt":"2022-04-12T16:31:20","guid":{"rendered":"https:\/\/afanoc.org\/blog\/nuestras-paradas-de-sant-jordi\/"},"modified":"2024-08-01T05:46:08","modified_gmt":"2024-08-01T05:46:08","slug":"nuestras-paradas-de-sant-jordi","status":"publish","type":"post","link":"https:\/\/afanoc.org\/es\/blog\/nuestras-paradas-de-sant-jordi\/","title":{"rendered":"Nuestras paradas de Sant Jordi"},"content":{"rendered":"<h3>Comenzamos un Sant Jordi con muchas ganas de salir a la calle y vernos las caras, finalmente!<\/h3>\n<p>Despu\u00e9s de estos dos a\u00f1os de pandemia, preparamos un Sant Jordi con toda la ilusi\u00f3n para reencontraros presencialmente, en la calle, a las librer\u00edas, en el hospital y en La Casa de los Xuklis, queremos dejar atr\u00e1s el \u00e1mbito telem\u00e1tico, reconocemos que ha sido muy util para mantener el contacto, pero no deja de ser fr\u00edo y distante. Nada como la calidez de la presencialidad y adem\u00e1s, por fin sin mascarillas!<\/p>\n<p><strong>Paradas d&#8217;AFANOC por Sant Jordi<\/strong><\/p>\n<p><strong>En Barcelona<\/strong><\/p>\n<ul>\n<li>LA RAMBLA, parada libros y merchandaising de 9h a 20h<\/li>\n<li>AYUNTAMIENTO, parada <a href=\"https:\/\/guia.barcelona.cat\/es\/detall\/rosas-100-solidarias_99400430628.html\" target=\"_blank\" rel=\"noopener\">Rosas patio entrada <\/a>de 9h a 20h<\/li>\n<\/ul>\n<p><strong>En Tarragona<\/strong><\/p>\n<ul>\n<li>Parada en la RAMBLA NOVA de 10h a 20h<\/li>\n<li>En REUS en la PLAZA CASTELL de 10h a 20h<\/li>\n<\/ul>\n<p><strong>En Lleida<\/strong><\/p>\n<ul>\n<li>ELS ALAM\u00daS: 22 de abril, plazaa del Ayuntamiento, de 9.30 a 16.30 hores<\/li>\n<li>LLEIDA: 22 d\u2019abril, escuela Joc de la Bola, de 16.30 a 18 horas<\/li>\n<li>PUIGVERD DE LLEIDA: 22 de abril,en la escuela a partir de las 16.30 hores y 23 de abril, en la plaza del Ayuntamiento de 11 a 13 horas<\/li>\n<li>JUNEDA: 23 de abril, Jornada Solid\u00e1ria, Pista Parc Alegria, a partir de las 18 horas<\/li>\n<li>TORREFARRERA: 23 de abril, plaza de la Amistat, de 10 a 13 horasTORREBESSES: 23 de abril, en el Casal, de 11.30 a 13.30 horas y de 17 a 19 horas<\/li>\n<\/ul>\n","protected":false},"excerpt":{"rendered":"<p>Comenzamos un Sant Jordi con muchas ganas de salir a la calle y vernos las caras, finalmente! Despu\u00e9s de estos dos a\u00f1os de pandemia, preparamos un Sant Jordi con toda la ilusi\u00f3n para reencontraros presencialmente, en la calle, a las librer\u00edas, en el hospital y en La Casa de los Xuklis, queremos dejar atr\u00e1s el [&hellip;]<\/p>\n","protected":false},"author":3,"featured_media":35150,"comment_status":"open","ping_status":"open","sticky":false,"template":"","format":"standard","meta":{"site-sidebar-layout":"default","site-content-layout":"","ast-site-content-layout":"default","site-content-style":"default","site-sidebar-style":"default","ast-global-header-display":"","ast-banner-title-visibility":"","ast-main-header-display":"","ast-hfb-above-header-display":"","ast-hfb-below-header-display":"","ast-hfb-mobile-header-display":"","site-post-title":"","ast-breadcrumbs-content":"","ast-featured-img":"","footer-sml-layout":"","theme-transparent-header-meta":"","adv-header-id-meta":"","stick-header-meta":"","header-above-stick-meta":"","header-main-stick-meta":"","header-below-stick-meta":"","astra-migrate-meta-layouts":"default","ast-page-background-enabled":"default","ast-page-background-meta":{"desktop":{"background-color":"var(--ast-global-color-4)","background-image":"","background-repeat":"repeat","background-position":"center center","background-size":"auto","background-attachment":"scroll","background-type":"","background-media":"","overlay-type":"","overlay-color":"","overlay-opacity":"","overlay-gradient":""},"tablet":{"background-color":"","background-image":"","background-repeat":"repeat","background-position":"center center","background-size":"auto","background-attachment":"scroll","background-type":"","background-media":"","overlay-type":"","overlay-color":"","overlay-opacity":"","overlay-gradient":""},"mobile":{"background-color":"","background-image":"","background-repeat":"repeat","background-position":"center center","background-size":"auto","background-attachment":"scroll","background-type":"","background-media":"","overlay-type":"","overlay-color":"","overlay-opacity":"","overlay-gradient":""}},"ast-content-background-meta":{"desktop":{"background-color":"var(--ast-global-color-5)","background-image":"","background-repeat":"repeat","background-position":"center center","background-size":"auto","background-attachment":"scroll","background-type":"","background-media":"","overlay-type":"","overlay-color":"","overlay-opacity":"","overlay-gradient":""},"tablet":{"background-color":"var(--ast-global-color-5)","background-image":"","background-repeat":"repeat","background-position":"center center","background-size":"auto","background-attachment":"scroll","background-type":"","background-media":"","overlay-type":"","overlay-color":"","overlay-opacity":"","overlay-gradient":""},"mobile":{"background-color":"var(--ast-global-color-5)","background-image":"","background-repeat":"repeat","background-position":"center center","background-size":"auto","background-attachment":"scroll","background-type":"","background-media":"","overlay-type":"","overlay-color":"","overlay-opacity":"","overlay-gradient":""}},"footnotes":""},"categories":[1085],"tags":[],"class_list":["post-36208","post","type-post","status-publish","format-standard","has-post-thumbnail","hentry","category-noticias"],"publishpress_future_workflow_manual_trigger":{"enabledWorkflows":[]},"_links":{"self":[{"href":"https:\/\/afanoc.org\/es\/wp-json\/wp\/v2\/posts\/36208","targetHints":{"allow":["GET"]}}],"collection":[{"href":"https:\/\/afanoc.org\/es\/wp-json\/wp\/v2\/posts"}],"about":[{"href":"https:\/\/afanoc.org\/es\/wp-json\/wp\/v2\/types\/post"}],"author":[{"embeddable":true,"href":"https:\/\/afanoc.org\/es\/wp-json\/wp\/v2\/users\/3"}],"replies":[{"embeddable":true,"href":"https:\/\/afanoc.org\/es\/wp-json\/wp\/v2\/comments?post=36208"}],"version-history":[{"count":0,"href":"https:\/\/afanoc.org\/es\/wp-json\/wp\/v2\/posts\/36208\/revisions"}],"wp:featuredmedia":[{"embeddable":true,"href":"https:\/\/afanoc.org\/es\/wp-json\/wp\/v2\/media\/35150"}],"wp:attachment":[{"href":"https:\/\/afanoc.org\/es\/wp-json\/wp\/v2\/media?parent=36208"}],"wp:term":[{"taxonomy":"category","embeddable":true,"href":"https:\/\/afanoc.org\/es\/wp-json\/wp\/v2\/categories?post=36208"},{"taxonomy":"post_tag","embeddable":true,"href":"https:\/\/afanoc.org\/es\/wp-json\/wp\/v2\/tags?post=36208"}],"curies":[{"name":"wp","href":"https:\/\/api.w.org\/{rel}","templated":true}]}}