{"id":36200,"date":"2021-10-20T12:02:28","date_gmt":"2021-10-20T12:02:28","guid":{"rendered":"https:\/\/afanoc.org\/blog\/el-acompanamiento-en-el-final-de-la-vida\/"},"modified":"2024-08-01T05:46:27","modified_gmt":"2024-08-01T05:46:27","slug":"el-acompanamiento-en-el-final-de-la-vida","status":"publish","type":"post","link":"https:\/\/afanoc.org\/es\/blog\/el-acompanamiento-en-el-final-de-la-vida\/","title":{"rendered":"Jornada Catalana de Voluntariado y Salud: El acompa\u00f1amiento en el final de la vida"},"content":{"rendered":"<p>La <u><a href=\"https:\/\/voluntaris.cat\/\" target=\"_blank\" rel=\"noopener\">Federaci\u00f3n Catalana de Voluntariado Social (FCVS)<\/a><\/u> organiza la XVI Jornada Catalana de Voluntariado y Salud bajo el t\u00edtulo \u2018El final de la vida es vida\u2019 los pr\u00f3ximos 12 y 13 de noviembre en la Facultad de Enfermer\u00eda y Medicina de la Universitat de Girona (UdG). La Jornada girar\u00e1 en torno al papel del voluntariado en el acompa\u00f1amiento en el final de la vida y el duelo, y en la garant\u00eda del derecho en una muerte digna El acto se celebrar\u00e1 en un formato mixto que permitir\u00e1 la asistencia presencial, el seguimiento en streaming y la participaci\u00f3n virtual.<\/p>\n<p>Durante la pandemia de la Covid-19 un n\u00famero excesivamente grande de personas han muerto solas y muchas no se han podido despedir dignamente de sus seres queridos, todo y los esfuerzos de un personal sanitario al l\u00edmite de sus fuerzas. Esto ha provocado una herida social que necesitar\u00e1 tiempo de cicatrizaci\u00f3n. Qu\u00e9 tiene que ser el papel del voluntariado en salud en el acompa\u00f1amiento a finales de vida y en el duelo, y en la garant\u00eda del derecho en una muerte digna? Puede el voluntariado en salud convertirse unos de los agentes de sanaci\u00f3n de esta herida social?<\/p>\n<p>La XIV Jornada Catalana de Voluntariado y Salud, organizada en colaboraci\u00f3n con la C\u00e1tedra de Promoci\u00f3n de la Salud de la UdG, prueba de dar respuesta a estas preguntas y muchas otras, afirmando en voz muy alta que el final de la vida es vida.<\/p>\n<p>[\/fusion_content_box][fusion_content_box title=\u00bbPresencialidad i virtualidad\u00bb backgroundcolor=\u00bb\u00bb icon=\u00bbfa-laptop fas\u00bb iconflip=\u00bb\u00bb iconrotate=\u00bb\u00bb iconspin=\u00bb\u00bb iconcolor=\u00bb\u00bb circlecolor=\u00bb\u00bb circlebordersize=\u00bb\u00bb circlebordercolor=\u00bb\u00bb outercirclebordersize=\u00bb\u00bb outercirclebordercolor=\u00bb\u00bb image=\u00bb\u00bb image_id=\u00bb\u00bb image_max_width=\u00bb\u00bb link=\u00bb\u00bb linktext=\u00bb\u00bb link_target=\u00bb\u00bb animation_type=\u00bb\u00bb animation_direction=\u00bbleft\u00bb animation_speed=\u00bb0.3&#8243; animation_offset=\u00bb\u00bb]<\/p>\n<p style=\"text-align: left;\">La Jornada tendr\u00e1 lugar durante las ma\u00f1anas del 12 y 13 de noviembre en un formato que combinar\u00e1 la asistencia presencial, la streaming y la virtualidad.<\/p>\n<p>El viernes 12 de noviembre la Jornada se celebrar\u00e1 presencialmente en el Sal\u00f3n de actos de la Facultad de Medicina y Enfermer\u00eda de la UdG.. Despu\u00e9s de la bienvenida institucional, dar\u00e1 el pistoletazo de salida la ponencia \u2018El final de la vida es vida\u2019 a cargo de la directora del Instituto Borja de Bio\u00e9tica y pediatra de la Unidad de Duelo del hospital San Juan de Dios Terres de Lleida, Montse Esquerda&#8230;<\/p>\n<p>A continuaci\u00f3n, se abrir\u00e1 una mesa redonda de programas de voluntariado que se adentrar\u00e1 en los aspectos m\u00e1s concretos del rol del voluntariado en salud en la etapa de final de vida y de acompa\u00f1amiento del duelo.. A continuaci\u00f3n, se celebrar\u00e1 un di\u00e1logo interdisciplinario donde cada ponente compartir\u00e1 su experiencia y se reflexionar\u00e1 sobre como construir un modelo de cura transversal donde el voluntariado se coloque como agente complementario y necesario<\/p>\n<p>Todos estos actos del d\u00eda 12 de noviembre se podr\u00e1n seguir tambi\u00e9n por streaming.<\/p>\n<p>Durante la ma\u00f1ana del s\u00e1bado 13 de noviembre habr\u00e1 diferentes talleres presenciales y virtuales:<\/p>\n<ul>\n<li>Recursos pr\u00e1cticos para afrontar la conversaci\u00f3n en el final de vida<\/li>\n<li>La presencia, la compasi\u00f3n y la trascendencia en el acompa\u00f1amiento<\/li>\n<li>Herramientas de acompa\u00f1amiento emocional y espiritual laico al final de la vida<\/li>\n<li>El duelo de ni\u00f1os, ni\u00f1as y adolescentes<\/li>\n<\/ul>\n<p><strong>Inscripciones<\/strong><\/p>\n<p>La asistencia a la Jornada es gratuita, pero por motivos de aforo es necesaria inscripci\u00f3n previa en l\u00ednea.<\/p>\n<ul>\n<li><u><a href=\"https:\/\/forms.gle\/dxqBaoUXd64EmeLb9\" target=\"_blank\" rel=\"noopener\">I<strong>nscriubite a la Jornada!<\/strong><\/a><\/u><\/li>\n<li><u><a href=\"https:\/\/voluntaris.cat\/documents\/programa-jornada-catalana-de-voluntariat-i-salut-2021-el-final-de-la-vida-es-vida\/\" target=\"_blank\" rel=\"noopener\"><strong>Desc\u00e1rgate el programa<\/strong><\/a><\/u><\/li>\n<\/ul>\n<p>[\/fusion_content_box][\/fusion_content_boxes][\/fusion_builder_column][\/fusion_builder_row][\/fusion_builder_container]<\/p>\n","protected":false},"excerpt":{"rendered":"<p>La Federaci\u00f3n Catalana de Voluntariado Social (FCVS) organiza la XVI Jornada Catalana de Voluntariado y Salud bajo el t\u00edtulo \u2018El final de la vida es vida\u2019 los pr\u00f3ximos 12 y 13 de noviembre en la Facultad de Enfermer\u00eda y Medicina de la Universitat de Girona (UdG). La Jornada girar\u00e1 en torno al papel del voluntariado [&hellip;]<\/p>\n","protected":false},"author":3,"featured_media":35598,"comment_status":"open","ping_status":"open","sticky":false,"template":"","format":"standard","meta":{"site-sidebar-layout":"default","site-content-layout":"","ast-site-content-layout":"default","site-content-style":"default","site-sidebar-style":"default","ast-global-header-display":"","ast-banner-title-visibility":"","ast-main-header-display":"","ast-hfb-above-header-display":"","ast-hfb-below-header-display":"","ast-hfb-mobile-header-display":"","site-post-title":"","ast-breadcrumbs-content":"","ast-featured-img":"","footer-sml-layout":"","theme-transparent-header-meta":"","adv-header-id-meta":"","stick-header-meta":"","header-above-stick-meta":"","header-main-stick-meta":"","header-below-stick-meta":"","astra-migrate-meta-layouts":"default","ast-page-background-enabled":"default","ast-page-background-meta":{"desktop":{"background-color":"var(--ast-global-color-4)","background-image":"","background-repeat":"repeat","background-position":"center center","background-size":"auto","background-attachment":"scroll","background-type":"","background-media":"","overlay-type":"","overlay-color":"","overlay-opacity":"","overlay-gradient":""},"tablet":{"background-color":"","background-image":"","background-repeat":"repeat","background-position":"center center","background-size":"auto","background-attachment":"scroll","background-type":"","background-media":"","overlay-type":"","overlay-color":"","overlay-opacity":"","overlay-gradient":""},"mobile":{"background-color":"","background-image":"","background-repeat":"repeat","background-position":"center center","background-size":"auto","background-attachment":"scroll","background-type":"","background-media":"","overlay-type":"","overlay-color":"","overlay-opacity":"","overlay-gradient":""}},"ast-content-background-meta":{"desktop":{"background-color":"var(--ast-global-color-5)","background-image":"","background-repeat":"repeat","background-position":"center center","background-size":"auto","background-attachment":"scroll","background-type":"","background-media":"","overlay-type":"","overlay-color":"","overlay-opacity":"","overlay-gradient":""},"tablet":{"background-color":"var(--ast-global-color-5)","background-image":"","background-repeat":"repeat","background-position":"center center","background-size":"auto","background-attachment":"scroll","background-type":"","background-media":"","overlay-type":"","overlay-color":"","overlay-opacity":"","overlay-gradient":""},"mobile":{"background-color":"var(--ast-global-color-5)","background-image":"","background-repeat":"repeat","background-position":"center center","background-size":"auto","background-attachment":"scroll","background-type":"","background-media":"","overlay-type":"","overlay-color":"","overlay-opacity":"","overlay-gradient":""}},"footnotes":""},"categories":[1085],"tags":[],"class_list":["post-36200","post","type-post","status-publish","format-standard","has-post-thumbnail","hentry","category-noticias"],"publishpress_future_workflow_manual_trigger":{"enabledWorkflows":[]},"_links":{"self":[{"href":"https:\/\/afanoc.org\/es\/wp-json\/wp\/v2\/posts\/36200","targetHints":{"allow":["GET"]}}],"collection":[{"href":"https:\/\/afanoc.org\/es\/wp-json\/wp\/v2\/posts"}],"about":[{"href":"https:\/\/afanoc.org\/es\/wp-json\/wp\/v2\/types\/post"}],"author":[{"embeddable":true,"href":"https:\/\/afanoc.org\/es\/wp-json\/wp\/v2\/users\/3"}],"replies":[{"embeddable":true,"href":"https:\/\/afanoc.org\/es\/wp-json\/wp\/v2\/comments?post=36200"}],"version-history":[{"count":0,"href":"https:\/\/afanoc.org\/es\/wp-json\/wp\/v2\/posts\/36200\/revisions"}],"wp:featuredmedia":[{"embeddable":true,"href":"https:\/\/afanoc.org\/es\/wp-json\/wp\/v2\/media\/35598"}],"wp:attachment":[{"href":"https:\/\/afanoc.org\/es\/wp-json\/wp\/v2\/media?parent=36200"}],"wp:term":[{"taxonomy":"category","embeddable":true,"href":"https:\/\/afanoc.org\/es\/wp-json\/wp\/v2\/categories?post=36200"},{"taxonomy":"post_tag","embeddable":true,"href":"https:\/\/afanoc.org\/es\/wp-json\/wp\/v2\/tags?post=36200"}],"curies":[{"name":"wp","href":"https:\/\/api.w.org\/{rel}","templated":true}]}}